{"id":15790,"date":"2022-02-21T03:00:15","date_gmt":"2022-02-21T03:00:15","guid":{"rendered":"https:\/\/domosistemas.com\/?p=15790"},"modified":"2022-02-21T03:00:15","modified_gmt":"2022-02-21T03:00:15","slug":"el-madrid-design-festival-contara-con-la-obra-luminica-fiat-lux-3-arquitecturas-de-la-luz-de-simon","status":"publish","type":"post","link":"https:\/\/domosistemas.com\/?p=15790","title":{"rendered":"El Madrid Design Festival contar\u00e1 con la obra lum\u00ednica &#8216;FIAT LUX.3 Arquitecturas de la luz\u2019 de Simon"},"content":{"rendered":"<div>\n<p>El Madrid Design Festival (MDF), el evento madrile\u00f1o relacionado con el dise\u00f1o en todas sus vertientes, cuenta con <a href=\"https:\/\/www.simonelectric.com\/\" target=\"_blank\" rel=\"noopener sponsored\">Simon<\/a> como patrocinador oficial. En esta edici\u00f3n del festival, la compa\u00f1\u00eda expondr\u00e1 una instalaci\u00f3n lum\u00ednica \u2018FIAT LUX.3 Arquitecturas de la luz\u2019, del dise\u00f1ador Antoni Arola, que se podr\u00e1 visitar del 15 de febrero al 13 de marzo en el Centro Cultural de la Villa Fern\u00e1n-G\u00f3mez (Madrid).<\/p>\n<figure id=\"attachment_102817\" aria-describedby=\"caption-attachment-102817\" style=\"width: 800px\" class=\"wp-caption aligncenter\"><img decoding=\"async\" loading=\"lazy\" class=\"size-full wp-image-102817\" src=\"https:\/\/static.casadomo.com\/media\/2022\/02\/simon-obra-luminica-nadrid-design-festival.png\" alt=\"Obra lum\u00ednica de Simon.\" width=\"800\" height=\"456\" srcset=\"https:\/\/static.casadomo.com\/media\/2022\/02\/simon-obra-luminica-nadrid-design-festival.png 800w, https:\/\/static.casadomo.com\/media\/2022\/02\/simon-obra-luminica-nadrid-design-festival-300x171.png 300w, https:\/\/static.casadomo.com\/media\/2022\/02\/simon-obra-luminica-nadrid-design-festival-768x438.png 768w, https:\/\/static.casadomo.com\/media\/2022\/02\/simon-obra-luminica-nadrid-design-festival-180x103.png 180w\" sizes=\"auto, (max-width: 800px) 100vw, 800px\"><figcaption id=\"caption-attachment-102817\" class=\"wp-caption-text\">Simon utiliza la iluminaci\u00f3n para crear arquitecturas cambiantes dentro de un amplio espacio neutro.<\/figcaption><\/figure>\n<p>\u2018FIAT LUX.3 Arquitecturas de Luz\u2019 de <a href=\"https:\/\/www.casadomo.com\/empresas\/simon\">Simon<\/a> es una instalaci\u00f3n que utiliza la luz como elemento constructivo para crear arquitecturas cambiantes dentro de un amplio espacio neutro. Este montaje est\u00e1 pensado para generar sensaciones y emociones \u00fanicas en cada visitante y mostrar la luz como elemento creativo de gran capacidad transformadora.<\/p>\n<p>Considerada una obra viva, que evoluciona e itinera adapt\u00e1ndose a los espacios, FIAT LUX ha sido promovido por Simon en dos ocasiones anteriores en los festivales Llum Bcn 2020 y Llu\u00e8rnia 2021 (Olot).<\/p>\n<h2>Concepci\u00f3n de Simon sobre la iluminaci\u00f3n<\/h2>\n<p>Simon tiene la convicci\u00f3n de que los productos deben ser honestos y atemporales. El dise\u00f1o no debe \u2018manipular\u2019 al usuario y tiene que perdurar en el tiempo. Los productos deben ser atractivos hasta llegar al punto en el que la est\u00e9tica sobrepasa a la funci\u00f3n y comienza a generar emociones.<\/p>\n<p>El dise\u00f1o est\u00e1 plenamente integrado en el proceso de creaci\u00f3n de los productos y, de la mano de la innovaci\u00f3n, son una constante estrat\u00e9gica de la marca. Los valores que la impulsan son: la racionalidad, la responsabilidad con el entorno, una permanente conexi\u00f3n con la naturaleza y una poderosa visi\u00f3n de futuro.<\/p>\n<p>La entrada <a rel=\"nofollow\" href=\"https:\/\/www.casadomo.com\/2022\/02\/21\/madrid-design-festival-contara-obra-luminica-fiat-lux-3-arquitecturas-luz-simon\">El Madrid Design Festival contar\u00e1 con la obra lum\u00ednica &#8216;FIAT LUX.3 Arquitecturas de la luz\u2019 de Simon<\/a> aparece primero en <a rel=\"nofollow\" href=\"https:\/\/www.casadomo.com\/\">CASADOMO<\/a>.<\/p>\n<\/div>\n","protected":false},"excerpt":{"rendered":"<p>El Madrid Design Festival (MDF), el evento madrile\u00f1o relacionado con el dise\u00f1o en todas sus vertientes, cuenta con Simon como patrocinador oficial. En esta edici\u00f3n del festival, la compa\u00f1\u00eda expondr\u00e1 una instalaci\u00f3n lum\u00ednica \u2018FIAT LUX.3 Arquitecturas de la luz\u2019, del dise\u00f1ador Antoni Arola, que se podr\u00e1 visitar del 15 de febrero al 13 de marzo &hellip; <a href=\"https:\/\/domosistemas.com\/?p=15790\" class=\"more-link\">Sigue leyendo <span class=\"screen-reader-text\">El Madrid Design Festival contar\u00e1 con la obra lum\u00ednica &#8216;FIAT LUX.3 Arquitecturas de la luz\u2019 de Simon<\/span><\/a><\/p>\n","protected":false},"author":1,"featured_media":0,"comment_status":"closed","ping_status":"closed","sticky":false,"template":"","format":"standard","meta":{"footnotes":""},"categories":[3],"tags":[],"class_list":["post-15790","post","type-post","status-publish","format-standard","hentry","category-casadomo-com"],"_links":{"self":[{"href":"https:\/\/domosistemas.com\/index.php?rest_route=\/wp\/v2\/posts\/15790","targetHints":{"allow":["GET"]}}],"collection":[{"href":"https:\/\/domosistemas.com\/index.php?rest_route=\/wp\/v2\/posts"}],"about":[{"href":"https:\/\/domosistemas.com\/index.php?rest_route=\/wp\/v2\/types\/post"}],"author":[{"embeddable":true,"href":"https:\/\/domosistemas.com\/index.php?rest_route=\/wp\/v2\/users\/1"}],"replies":[{"embeddable":true,"href":"https:\/\/domosistemas.com\/index.php?rest_route=%2Fwp%2Fv2%2Fcomments&post=15790"}],"version-history":[{"count":0,"href":"https:\/\/domosistemas.com\/index.php?rest_route=\/wp\/v2\/posts\/15790\/revisions"}],"wp:attachment":[{"href":"https:\/\/domosistemas.com\/index.php?rest_route=%2Fwp%2Fv2%2Fmedia&parent=15790"}],"wp:term":[{"taxonomy":"category","embeddable":true,"href":"https:\/\/domosistemas.com\/index.php?rest_route=%2Fwp%2Fv2%2Fcategories&post=15790"},{"taxonomy":"post_tag","embeddable":true,"href":"https:\/\/domosistemas.com\/index.php?rest_route=%2Fwp%2Fv2%2Ftags&post=15790"}],"curies":[{"name":"wp","href":"https:\/\/api.w.org\/{rel}","templated":true}]}}