{"id":15815,"date":"2022-02-22T18:10:17","date_gmt":"2022-02-22T18:10:17","guid":{"rendered":"https:\/\/domosistemas.com\/?p=15815"},"modified":"2022-02-22T18:10:17","modified_gmt":"2022-02-22T18:10:17","slug":"este-es-el-sonus-faber-omnia-un-precioso-hibrido-entre-barra-de-sonido-y-cadena-musical-compacta-con-hdmi-arc-y-un-elegante-diseno","status":"publish","type":"post","link":"https:\/\/domosistemas.com\/?p=15815","title":{"rendered":"Este es el Sonus Faber Omnia, un precioso h\u00edbrido entre barra de sonido y cadena musical compacta con HDMI ARC y un elegante dise\u00f1o"},"content":{"rendered":"<div>\n<p>\n      <img decoding=\"async\" src=\"https:\/\/i.blogs.es\/83fb08\/01-2106_sf_omnia_immagini_1070x1554\/1024_2000.jpg\" alt=\"Este es el Sonus Faber Omnia, un precioso h\u00edbrido entre barra de sonido y cadena musical compacta con HDMI ARC y un elegante dise\u00f1o\">\n    <\/p>\n<\/p>\n<p>A la hora de pensar en <a href=\"https:\/\/www.xataka.com\/audio\/alta-fidelidad-no-tiene-que-ser-elitista-te-ayudamos-a-configurar-equipo-buena-calidad-precio-realista-2\">sonido de alta fidelidad<\/a>, lo habitual es que nos vengan a la cabeza <strong>grandes equipos y altavoces car\u00edsimos<\/strong> que necesitan un mont\u00f3n de espacio en nuestros salones, pero tambi\u00e9n hay una clara tendencia en los \u00faltimos a\u00f1os hacia los <strong>sistemas compactos<\/strong> que integren todo lo necesario para disfrutar del mejor sonido.<\/p>\n<p>En este segmento se mueve el nuevo lanzamiento de <strong>Sonus Faber<\/strong> al que han bautizado como <strong>Omnia<\/strong>, un elegante y vistoso conjunto musical que es m\u00e1s bien <strong>un h\u00edbrido entre barra de sonido y minicadena<\/strong> con el precioso dise\u00f1o al que la marca italiana nos tiene acostumbrados.<!--more--><\/p>\n<\/p>\n<div class=\"article-asset-video article-asset-normal\">\n<div class=\"asset-content\">\n<div class=\"base-asset-video\">\n<div class=\"js-dailymotion\">\n    <script type=\"application\/json\">\n     {\"videoId\":\"x88542v\",\"autoplay\":true,\"title\":\"Sonus Faber Omnia\"}\n    <\/script>\n   <\/div>\n<\/p><\/div>\n<\/p><\/div>\n<\/div>\n<h2>Sonus Faber Omnia, caracter\u00edsticas t\u00e9cnicas<\/h2>\n<div class=\"article-asset-table article-asset-normal\">\n<div class=\"asset-content\">\n<table class=\"tabla-datos\">\n<thead>\n<tr>\n<th>\n<p>Sonus Faber Omnia<\/p>\n<\/th>\n<th> <\/th>\n<\/tr>\n<\/thead>\n<tr>\n<td>\n<p>Tipo de equipo<\/p>\n<\/td>\n<td>\n<p>Sistema HiFi est\u00e9reo compacto de 4 v\u00edas<\/p>\n<\/td>\n<\/tr>\n<tr>\n<td>\n<p>Altavoces<\/p>\n<\/td>\n<td>\n<p>2xtweeters de 19mm de di\u00e1metro, 2xmedios de 76mm, 2xlaterales de 44,5mm y 1xwoofer de 165mm<\/p>\n<\/td>\n<\/tr>\n<tr>\n<td>\n<p>Potencia<\/p>\n<\/td>\n<td>\n<p>490 vatios<\/p>\n<\/td>\n<\/tr>\n<tr>\n<td>\n<p>Respuesta en frecuencia<\/p>\n<\/td>\n<td>\n<p>30Hz a 25kHz (@-6dB)<\/p>\n<\/td>\n<\/tr>\n<tr>\n<td>\n<p>Conectividad<\/p>\n<\/td>\n<td>\n<p>HDMI Arc, MM Phono\/line-in, Ethernet (10\/100 Mbps), Wi-Fi 2&#215;2 802.11 b\/g\/n\/ac (2.4GHz and 5.2GHz), Bluetooth aptX HD<\/p>\n<\/td>\n<\/tr>\n<tr>\n<td>\n<p>Dimensiones<\/p>\n<\/td>\n<td>\n<p>130 x 650 x 280 mm<\/p>\n<\/td>\n<\/tr>\n<tr>\n<td>\n<p>Peso<\/p>\n<\/td>\n<td>\n<p>7,6 Kg<\/p>\n<\/td>\n<\/tr>\n<tr>\n<td>\n<p>Precio<\/p>\n<\/td>\n<td>\n<p>1.999 d\u00f3lares<\/p>\n<\/td>\n<\/tr>\n<\/table><\/div>\n<\/div>\n<div class=\"article-asset-image article-asset-normal\">\n<div class=\"asset-content\">\n<div class=\"base-wrapper-image\" style=\"padding-top:53.125%;\">\n<p>  <img decoding=\"async\" alt=\"Omnia Gallery 07\" class=\"centro_sinmarco\" src=\"https:\/\/i.blogs.es\/1c98c8\/omnia_gallery_07\/450_1000.jpg\"><\/p><\/div>\n<\/p><\/div>\n<\/div>\n<p><strong>Sonus Faber Omnia<\/strong> pretende integrar en un mismo equipo de solo 130 x 650 x 280 mm un sistema de sonido  marcado por una <strong>interfaz de usuario t\u00e1ctil denominada SENSO<\/strong> y por el procesador de se\u00f1al CRESCENDO, un sofisticado esquema de procesado digital concebido para incrementar la sensaci\u00f3n de dimensionalidad e inmersividad utilizando de manera inteligente los <strong>m\u00faltiples altavoces incluidos bajo su carcasa<\/strong>.<\/p>\n<p><!-- BREAK 1 --><\/p>\n<p>En concreto, bajo el tejido ac\u00fasticamente transparente que recubre el cuerpo del equipo nos encontramos con un  <strong>sistema de 4 v\u00edas con 7 altavoces<\/strong> en total repartidos en dos tweeters frontales de c\u00fapula de seda de 19 mm de di\u00e1metro, dos altavoces de medios frontales con cono de pulpa de papel de 76 mm, un woofer de emisi\u00f3n inferior con cono de aluminio de 165 mm y dos altavoces de gama completa laterales con cono de c\u00fapula invertida de pulpa de celulosa de 44\u20195 mm.<\/p>\n<p><!-- BREAK 2 --><\/p>\n<div class=\"article-asset-image article-asset-normal\">\n<div class=\"asset-content\">\n<div class=\"base-wrapper-image\" style=\"padding-top:53.125%;\">\n<p>  <img decoding=\"async\" alt=\"Omnia Gallery 04\" class=\"centro_sinmarco\" src=\"https:\/\/i.blogs.es\/3ee2d8\/omnia_gallery_04\/450_1000.jpg\"><\/p><\/div>\n<\/p><\/div>\n<\/div>\n<p>En conjunto, los amplificadores de los altavoces son capaces de proporcionar una <strong>potencia de salida de 490 vatios<\/strong>, con un  nivel de presi\u00f3n sonora m\u00e1ximo de 108 dB, m\u00e1s que suficiente para poder conectar el equipo a un televisor y funcionar como barra de sonido auxiliar.<\/p>\n<p><!-- BREAK 3 --><\/p>\n<p>De hecho, entre la conectividad del conjunto nos encontramos con <strong>un puerto HDMI con ARC<\/strong> que se acompa\u00f1a de Bluetooth aptX HD, Apple AirPlay 2, Chromecast, puerto <strong>Ethernet y Wi-Fi<\/strong> de banda dual para reproducir contenidos directamente en streaming que podemos manejar desde un smartphone. Adem\u00e1s, se incluye una <strong>entrada MM Phono<\/strong> por si queremos conectar un tocadiscos como fuente de sonido externa.<\/p>\n<p><!-- BREAK 4 --><\/p>\n<div class=\"article-asset-image article-asset-normal\">\n<div class=\"asset-content\">\n<div class=\"base-wrapper-image\" style=\"padding-top:53.125%;\">\n<p>  <img decoding=\"async\" alt=\"Omnia Gallery 08a\" class=\"centro_sinmarco\" src=\"https:\/\/i.blogs.es\/b1c427\/omnia_gallery_08a\/450_1000.jpg\"><\/p><\/div>\n<\/p><\/div>\n<\/div>\n<p>En cuanto al sistema de control SENSO, se trata de un bonito centro de mando situado en la parte superior del equipo y que nos permite manejar las funciones b\u00e1sicas proporcionando informaci\u00f3n sobre el funcionamiento del sistema de altavoces interno, la fuente de entrada y el nivel de volumen mediante unas <strong>delicadas l\u00edneas LED iluminadas<\/strong>.<\/p>\n<p><!-- BREAK 5 --><\/p>\n<div class=\"article-asset article-asset-normal article-asset-center\">\n<div class=\"desvio-container\">\n<div class=\"desvio\">\n<div class=\"desvio-figure js-desvio-figure\">\n    <a href=\"https:\/\/www.xataka.com\/seleccion\/busca-mejor-barra-sonido-calidad-precio-recomendaciones-para-acertar-seis-modelos-140-euros\" target='\"_blank\"' rel=\"noopener\"><br \/>\n     <img decoding=\"async\" alt=\"En busca de la mejor barra de sonido en calidad precio (2021): recomendaciones de compra y siete modelos desde 140 euros\" src=\"https:\/\/i.blogs.es\/ebd4e5\/barra-de-sonido\/375_142.jpeg\"><br \/>\n    <\/a>\n   <\/div>\n<div class=\"desvio-summary\">\n<div class=\"desvio-taxonomy js-desvio-taxonomy\">\n     <a href=\"https:\/\/www.xataka.com\/seleccion\/busca-mejor-barra-sonido-calidad-precio-recomendaciones-para-acertar-seis-modelos-140-euros\" class=\"desvio-taxonomy-anchor m-crosspost\" target='\"_blank\"' rel=\"noopener\">En Xataka<\/a>\n    <\/div>\n<p>    <a href=\"https:\/\/www.xataka.com\/seleccion\/busca-mejor-barra-sonido-calidad-precio-recomendaciones-para-acertar-seis-modelos-140-euros\" class=\"desvio-title js-desvio-title\" target='\"_blank\"' rel=\"noopener\">En busca de la mejor barra de sonido en calidad precio (2021): recomendaciones de compra y siete modelos desde 140 euros<\/a>\n   <\/div>\n<\/p><\/div>\n<\/p><\/div>\n<\/div>\n<h2>Precio y disponibilidad<\/h2>\n<p>El <strong>Sonus Faber Omnia<\/strong> saldr\u00e1 a la venta a partir de este mes en los distribuidores autorizados del fabricante por un precio de <strong>1.999 d\u00f3lares<\/strong>, con opci\u00f3n de acabados en madera de nogal y negro.<\/p>\n<p><!-- BREAK 6 --><\/p>\n<p>M\u00e1s informaci\u00f3n | <a href=\"https:\/\/www.sonusfaber.com\/en\/products\/omnia\/\">Sonus Faber<\/a><\/p>\n<p><script>\n (function() {\n  window._JS_MODULES = window._JS_MODULES || {};\n  var headElement = document.getElementsByTagName('head')[0];\n  if (_JS_MODULES.instagram) {\n   var instagramScript = document.createElement('script');\n   instagramScript.src = 'https:\/\/platform.instagram.com\/en_US\/embeds.js';\n   instagramScript.async = true;\n   instagramScript.defer = true;\n   headElement.appendChild(instagramScript);\n  }\n })();\n<\/script><\/p>\n<p> &#8211; <br \/> La noticia<br \/>\n      <a href=\"https:\/\/www.xatakahome.com\/altavoces\/sonus-faber-omnia-caracteristicas-precio-ficha-tecnica?utm_source=feedburner&amp;utm_medium=feed&amp;utm_campaign=22_Feb_2022\"><br \/>\n       <em> Este es el Sonus Faber Omnia, un precioso h\u00edbrido entre barra de sonido y cadena musical compacta con HDMI ARC y un elegante dise\u00f1o <\/em><br \/>\n      <\/a><br \/>\n      fue publicada originalmente en<br \/>\n      <a href=\"https:\/\/www.xatakahome.com\/?utm_source=feedburner&amp;utm_medium=feed&amp;utm_campaign=22_Feb_2022\"><br \/>\n       <strong> Xataka Smart Home <\/strong><br \/>\n      <\/a><br \/>\n            por <a href=\"https:\/\/www.xatakahome.com\/autor\/paco-rodriguez?utm_source=feedburner&amp;utm_medium=feed&amp;utm_campaign=22_Feb_2022\"><br \/>\n       Paco Rodriguez<br \/>\n      <\/a><br \/>\n      . <\/p>\n<div class=\"feedflare\">\n<a href=\"http:\/\/feeds.weblogssl.com\/~ff\/Xatakahome?a=b59kd5Kudgg:weVuxKX9pwc:yIl2AUoC8zA\"><img decoding=\"async\" src=\"http:\/\/feeds.feedburner.com\/~ff\/Xatakahome?d=yIl2AUoC8zA\" border=\"0\"><\/a>\n<\/div>\n<\/div>\n","protected":false},"excerpt":{"rendered":"<p>A la hora de pensar en sonido de alta fidelidad, lo habitual es que nos vengan a la cabeza grandes equipos y altavoces car\u00edsimos que necesitan un mont\u00f3n de espacio en nuestros salones, pero tambi\u00e9n hay una clara tendencia en los \u00faltimos a\u00f1os hacia los sistemas compactos que integren todo lo necesario para disfrutar del &hellip; <a href=\"https:\/\/domosistemas.com\/?p=15815\" class=\"more-link\">Sigue leyendo <span class=\"screen-reader-text\">Este es el Sonus Faber Omnia, un precioso h\u00edbrido entre barra de sonido y cadena musical compacta con HDMI ARC y un elegante dise\u00f1o<\/span><\/a><\/p>\n","protected":false},"author":1,"featured_media":0,"comment_status":"closed","ping_status":"closed","sticky":false,"template":"","format":"standard","meta":{"footnotes":""},"categories":[8],"tags":[],"class_list":["post-15815","post","type-post","status-publish","format-standard","hentry","category-xataka"],"_links":{"self":[{"href":"https:\/\/domosistemas.com\/index.php?rest_route=\/wp\/v2\/posts\/15815","targetHints":{"allow":["GET"]}}],"collection":[{"href":"https:\/\/domosistemas.com\/index.php?rest_route=\/wp\/v2\/posts"}],"about":[{"href":"https:\/\/domosistemas.com\/index.php?rest_route=\/wp\/v2\/types\/post"}],"author":[{"embeddable":true,"href":"https:\/\/domosistemas.com\/index.php?rest_route=\/wp\/v2\/users\/1"}],"replies":[{"embeddable":true,"href":"https:\/\/domosistemas.com\/index.php?rest_route=%2Fwp%2Fv2%2Fcomments&post=15815"}],"version-history":[{"count":0,"href":"https:\/\/domosistemas.com\/index.php?rest_route=\/wp\/v2\/posts\/15815\/revisions"}],"wp:attachment":[{"href":"https:\/\/domosistemas.com\/index.php?rest_route=%2Fwp%2Fv2%2Fmedia&parent=15815"}],"wp:term":[{"taxonomy":"category","embeddable":true,"href":"https:\/\/domosistemas.com\/index.php?rest_route=%2Fwp%2Fv2%2Fcategories&post=15815"},{"taxonomy":"post_tag","embeddable":true,"href":"https:\/\/domosistemas.com\/index.php?rest_route=%2Fwp%2Fv2%2Ftags&post=15815"}],"curies":[{"name":"wp","href":"https:\/\/api.w.org\/{rel}","templated":true}]}}