{"id":15838,"date":"2022-02-24T11:54:50","date_gmt":"2022-02-24T11:54:50","guid":{"rendered":"https:\/\/domosistemas.com\/?p=15838"},"modified":"2022-02-24T11:54:50","modified_gmt":"2022-02-24T11:54:50","slug":"fagor-tiene-nuevas-lavadoras-de-carga-superior-con-programa-antialergico-y-control-de-la-energia-consumida","status":"publish","type":"post","link":"https:\/\/domosistemas.com\/?p=15838","title":{"rendered":"Fagor tiene nuevas lavadoras: de carga superior, con programa antial\u00e9rgico y control de la energ\u00eda consumida"},"content":{"rendered":"<div>\n<p>\n      <img decoding=\"async\" src=\"https:\/\/i.blogs.es\/6063da\/lavadora\/1024_2000.jpg\" alt=\"Fagor tiene nuevas lavadoras: de carga superior, con programa antial\u00e9rgico y control de la energ\u00eda consumida\">\n    <\/p>\n<p>\nFagor ha anunciado el lanzamiento de dos nuevas lavadoras. <strong>Dos modelos de carga superior<\/strong> lo que supone que cuentan con unas dimensiones m\u00e1s reducidas que favorecen su colocaci\u00f3n en cocinas y hogares con un espacio m\u00e1s limitado<\/p>\n<p>Los dos <a href=\"https:\/\/www.xatakahome.com\/electrodomesticos-innovadores\/lavadoras-modernas-tardan-cada-vez-tiempo-hacer-colada-estos-motivos\">lavadoras<\/a> de carga superior llegan con capacidades comedidas de 7 y 7,5 kilos, menos de lo que suele ser habitual en lavadoras de carga frontal y de ah\u00ed su menor tama\u00f1o. Cuentan con control por medio de una pantalla digital, un <strong>modo nocturno de lavado<\/strong> e indicadores de <a href=\"https:\/\/www.xatakahome.com\/iluminacion-y-energia\/este-horario-barato-para-poner-lavavajillas-a-diario-50-euros-ahorro-al-ano-factura-luz\">consumo de energ\u00eda<\/a> y agua.<!--more--><\/p>\n<h2>Control de agua y energ\u00eda<\/h2>\n<\/p>\n<div class=\"article-asset-image article-asset-normal\">\n<div class=\"asset-content\">\n<div class=\"base-wrapper-image\" style=\"padding-top:75%;\">\n<p>  <img decoding=\"async\" alt=\"Fagor\" class=\"centro_sinmarco\" src=\"https:\/\/i.blogs.es\/25c7d1\/4fet-7513\/450_1000.jpg\"><\/p><\/div>\n<\/p><\/div>\n<\/div>\n<p>La nueva gama est\u00e1 compuesta por dos modelos de tama\u00f1o compacto y formato reducido con la idea de <strong>facilitar su colocaci\u00f3n en cualquier rinc\u00f3n de la casa<\/strong>. A ello contribuye el que son de carga superior y su capacidad m\u00e1s reducida.<\/p>\n<p><!-- BREAK 1 --><\/p>\n<div class=\"article-asset article-asset-normal article-asset-center\">\n<div class=\"desvio-container\">\n<div class=\"desvio\">\n<div class=\"desvio-figure js-desvio-figure\">\n    <a href=\"https:\/\/www.xatakahome.com\/electrodomesticos-innovadores\/lavadoras-modernas-tardan-cada-vez-tiempo-hacer-colada-estos-motivos\"><br \/>\n     <img decoding=\"async\" alt=\"Las lavadoras modernas tardan cada vez m\u00e1s tiempo en hacer la colada y estos son los motivos\" src=\"https:\/\/i.blogs.es\/337a17\/1366_2000-portada\/375_142.jpg\"><br \/>\n    <\/a>\n   <\/div>\n<div class=\"desvio-summary\">\n<div class=\"desvio-taxonomy js-desvio-taxonomy\">\n     <a href=\"https:\/\/www.xatakahome.com\/electrodomesticos-innovadores\/lavadoras-modernas-tardan-cada-vez-tiempo-hacer-colada-estos-motivos\" class=\"desvio-taxonomy-anchor\">En Xataka Smart Home<\/a>\n    <\/div>\n<p>    <a href=\"https:\/\/www.xatakahome.com\/electrodomesticos-innovadores\/lavadoras-modernas-tardan-cada-vez-tiempo-hacer-colada-estos-motivos\" class=\"desvio-title js-desvio-title\">Las lavadoras modernas tardan cada vez m\u00e1s tiempo en hacer la colada y estos son los motivos<\/a>\n   <\/div>\n<\/p><\/div>\n<\/p><\/div>\n<\/div>\n<p>Ofrecen <strong>capacidades de 7 y 7,5 kilos y velocidades de 1200 rpm y 1300 rpm<\/strong> en funci\u00f3n del modelo. Ambas cuentan con un control por medio de panel digital con indicador de tiempo restante as\u00ed como del consumo de agua y energ\u00eda.<\/p>\n<p><!-- BREAK 2 --><\/p>\n<p>Las dos lavadoras incluyen 16 programas de lavado entre los cuales hay cuatro especiales a los que denominan STEAM WASH, Lana, Higiene+ y Antial\u00e9rgico.  Esta nueva gama, permite <strong>adaptar la duraci\u00f3n y el consumo seg\u00fan la cantidad de ropa<\/strong> que hay en la lavadora gracias a la tecnolog\u00eda OptiTime y as\u00ed ahorrar en la factura de la luz.<\/p>\n<p><!-- BREAK 3 --><\/p>\n<div class=\"article-asset-video article-asset-normal\">\n<div class=\"asset-content\">\n<div class=\"base-asset-video\">\n<div class=\"js-dailymotion\">\n    <script type=\"application\/json\">\n     {\"videoId\":\"x81h7p2\",\"autoplay\":true,\"title\":\"NUEVA FACTURA DE LA LUZ: TODO LO QUE DEBES SABER para AHORRAR AL M\u00c1XIMO\"}\n    <\/script>\n   <\/div>\n<\/p><\/div>\n<\/p><\/div>\n<\/div>\n<p>Ambos modelos <strong>incluyen el sistema SilentWash para lavado nocturno<\/strong> y ofrecer un nivel sonoro menor. Donde s\u00ed que hay diferencias es en la <a href=\"https:\/\/www.xataka.com\/energia\/toca-despedirse-a-asi-nuevo-etiquetado-eficiencia-energetica-union-europea-que-entra-vigor-este-2021\">clasificaci\u00f3n energ\u00e9tica<\/a>, donde el modelo de 7,5 kilos es de clase de eficiencia energ\u00e9tica C mientras que el modelo de 7 kilos es de clase D.<\/p>\n<h2>Precio y disponibilidad<\/h2>\n<p>La nueva gama de lavadoras de carga superior de Fagor se compone de dos modelos 4FET-7513 y 4FET-7012, los cuales se pueden encontrar a un precio de <strong>519 y 489 euros respectivamente<\/strong>.<\/p>\n<p><!-- BREAK 4 --><\/p>\n<p>M\u00e1s informaci\u00f3n |\u00a0<a href=\"https:\/\/fagorelectrodomestico.com\/lavadoras\/lavadoras-de-carga-superior\">Fagor<\/a><\/p>\n<p><script>\n (function() {\n  window._JS_MODULES = window._JS_MODULES || {};\n  var headElement = document.getElementsByTagName('head')[0];\n  if (_JS_MODULES.instagram) {\n   var instagramScript = document.createElement('script');\n   instagramScript.src = 'https:\/\/platform.instagram.com\/en_US\/embeds.js';\n   instagramScript.async = true;\n   instagramScript.defer = true;\n   headElement.appendChild(instagramScript);\n  }\n })();\n<\/script><\/p>\n<p> &#8211; <br \/> La noticia<br \/>\n      <a href=\"https:\/\/www.xatakahome.com\/electrodomesticos-innovadores\/fagor-tiene-nuevas-lavadoras-carga-superior-programa-antialergico-control-energia-consumida?utm_source=feedburner&amp;utm_medium=feed&amp;utm_campaign=24_Feb_2022\"><br \/>\n       <em> Fagor tiene nuevas lavadoras: de carga superior, con programa antial\u00e9rgico y control de la energ\u00eda consumida <\/em><br \/>\n      <\/a><br \/>\n      fue publicada originalmente en<br \/>\n      <a href=\"https:\/\/www.xatakahome.com\/?utm_source=feedburner&amp;utm_medium=feed&amp;utm_campaign=24_Feb_2022\"><br \/>\n       <strong> Xataka Smart Home <\/strong><br \/>\n      <\/a><br \/>\n            por <a href=\"https:\/\/www.xatakahome.com\/autor\/jose-antonio-carmona?utm_source=feedburner&amp;utm_medium=feed&amp;utm_campaign=24_Feb_2022\"><br \/>\n       Jose Antonio Carmona<br \/>\n      <\/a><br \/>\n      . <\/p>\n<div class=\"feedflare\">\n<a href=\"http:\/\/feeds.weblogssl.com\/~ff\/Xatakahome?a=07ps3WUSecQ:SumwBsiX23M:yIl2AUoC8zA\"><img decoding=\"async\" src=\"http:\/\/feeds.feedburner.com\/~ff\/Xatakahome?d=yIl2AUoC8zA\" border=\"0\"><\/a>\n<\/div>\n<\/div>\n","protected":false},"excerpt":{"rendered":"<p>Fagor ha anunciado el lanzamiento de dos nuevas lavadoras. Dos modelos de carga superior lo que supone que cuentan con unas dimensiones m\u00e1s reducidas que favorecen su colocaci\u00f3n en cocinas y hogares con un espacio m\u00e1s limitado Los dos lavadoras de carga superior llegan con capacidades comedidas de 7 y 7,5 kilos, menos de lo &hellip; <a href=\"https:\/\/domosistemas.com\/?p=15838\" class=\"more-link\">Sigue leyendo <span class=\"screen-reader-text\">Fagor tiene nuevas lavadoras: de carga superior, con programa antial\u00e9rgico y control de la energ\u00eda consumida<\/span><\/a><\/p>\n","protected":false},"author":1,"featured_media":0,"comment_status":"closed","ping_status":"closed","sticky":false,"template":"","format":"standard","meta":{"footnotes":""},"categories":[8],"tags":[],"class_list":["post-15838","post","type-post","status-publish","format-standard","hentry","category-xataka"],"_links":{"self":[{"href":"https:\/\/domosistemas.com\/index.php?rest_route=\/wp\/v2\/posts\/15838","targetHints":{"allow":["GET"]}}],"collection":[{"href":"https:\/\/domosistemas.com\/index.php?rest_route=\/wp\/v2\/posts"}],"about":[{"href":"https:\/\/domosistemas.com\/index.php?rest_route=\/wp\/v2\/types\/post"}],"author":[{"embeddable":true,"href":"https:\/\/domosistemas.com\/index.php?rest_route=\/wp\/v2\/users\/1"}],"replies":[{"embeddable":true,"href":"https:\/\/domosistemas.com\/index.php?rest_route=%2Fwp%2Fv2%2Fcomments&post=15838"}],"version-history":[{"count":0,"href":"https:\/\/domosistemas.com\/index.php?rest_route=\/wp\/v2\/posts\/15838\/revisions"}],"wp:attachment":[{"href":"https:\/\/domosistemas.com\/index.php?rest_route=%2Fwp%2Fv2%2Fmedia&parent=15838"}],"wp:term":[{"taxonomy":"category","embeddable":true,"href":"https:\/\/domosistemas.com\/index.php?rest_route=%2Fwp%2Fv2%2Fcategories&post=15838"},{"taxonomy":"post_tag","embeddable":true,"href":"https:\/\/domosistemas.com\/index.php?rest_route=%2Fwp%2Fv2%2Ftags&post=15838"}],"curies":[{"name":"wp","href":"https:\/\/api.w.org\/{rel}","templated":true}]}}