{"id":15860,"date":"2022-02-28T11:08:31","date_gmt":"2022-02-28T11:08:31","guid":{"rendered":"https:\/\/domosistemas.com\/?p=15860"},"modified":"2022-02-28T11:08:31","modified_gmt":"2022-02-28T11:08:31","slug":"mal-dia-para-encender-la-luz-y-usar-tus-electrodomesticos-hoy-superamos-la-cifra-psicologica-de-los-05e-kwh","status":"publish","type":"post","link":"https:\/\/domosistemas.com\/?p=15860","title":{"rendered":"Mal d\u00eda para encender la luz y usar tus electrodom\u00e9sticos: hoy superamos la cifra psicol\u00f3gica de los 0,5\u20ac\/kWh"},"content":{"rendered":"<div>\n<p>\n      <img decoding=\"async\" src=\"https:\/\/i.blogs.es\/22bfb2\/1366_2000-88\/1024_2000.jpg\" alt=\"Mal d\u00eda para encender la luz y usar tus electrodom\u00e9sticos: hoy superamos la cifra psicol\u00f3gica de los 0,5\u20ac\/kWh\">\n    <\/p>\n<\/p>\n<p>El 1 de junio de 2021 entr\u00f3 en vigor en Espa\u00f1a un <a href=\"https:\/\/www.xatakahome.com\/iluminacion-y-energia\/hoy-entra-vigor-nueva-factura-luz-estas-horas-donde-tu-consumo-electrico-sera-barato\">nuevo formato de factura el\u00e9ctrica<\/a> para usuarios dom\u00e9sticos que ven\u00eda con importantes cambios en la estructura de precios, pero sobre todo con un nuevo <strong>sistema de tramos horarios de facturaci\u00f3n<\/strong> claramente diferenciados a lo largo de cada d\u00eda.<\/p>\n<p>Se trataba de un cambio que llegaba te\u00f3ricamente con la intenci\u00f3n de ayudarnos a ahorrar en la factura a final de mes y disponible para aqu\u00e9llos usuarios con <strong>Precio Voluntario para el Peque\u00f1o Consumidor (PVPC)<\/strong> que tuvieran contratados menos de 15 kW como pico de potencia m\u00e1ximo (la mayor\u00eda de hogares espa\u00f1oles).<!--more--><\/p>\n<\/p>\n<div class=\"article-asset-image article-asset-normal\">\n<div class=\"asset-content\">\n<p>  <img decoding=\"async\" alt=\"horarios\" class=\"centro_sinmarco\" src=\"https:\/\/i.blogs.es\/ff8ccc\/1366_2000luz\/450_1000.jpg\"><\/p><\/div>\n<\/div>\n<p>Los tramos dejaban claro en qu\u00e9 momentos del d\u00eda utilizar la electricidad en casa <strong>es m\u00e1s caro y m\u00e1s barato<\/strong>, ayud\u00e1ndonos a los consumidores a elaborar planes para encender los equipos y electrodom\u00e9sticos con mayor consumo de potencia en aqu\u00e9llas horas que nos resultasen m\u00e1s adecuadas para minimizar el gasto.<\/p>\n<p><!-- BREAK 1 --><\/p>\n<p>Sin embargo, en estos meses <a href=\"https:\/\/www.xataka.com\/energia\/pvpc-no-compensa-que-electricas-ofrecen-tarifas-luz-a-precio-barato-que-cuesta-mercado\">el precio de la luz ha ido subiendo progresivamente<\/a> a\u00f1adiendo poco a poco un componente de continua a las gr\u00e1ficas de coste variable para el peque\u00f1o consumidor ofrecidas por Red El\u00e9ctrica, situaci\u00f3n que ha llegado hoy a su <strong>m\u00e1ximo hist\u00f3rico en lo que va de a\u00f1o<\/strong> con precios que en algunos horarios superan los <strong>50 c\u00e9ntimos de euro por kilovatio hora consumido<\/strong>.<\/p>\n<\/p>\n<div class=\"article-asset-video article-asset-normal\">\n<div class=\"asset-content\">\n<div class=\"base-asset-video\">\n<div class=\"js-dailymotion\">\n    <script type=\"application\/json\">\n     {\"videoId\":\"x81h7p2\",\"autoplay\":true,\"title\":\"NUEVA FACTURA DE LA LUZ: TODO LO QUE DEBES SABER para AHORRAR AL M\u00c1XIMO\"}\n    <\/script>\n   <\/div>\n<\/p><\/div>\n<\/p><\/div>\n<\/div>\n<h2>M\u00e1s de 0,5\u20ac\/kWh en hora punta<\/h2>\n<p>Si nos vamos a la p\u00e1gina web de <a href=\"https:\/\/www.esios.ree.es\/es\/pvpc\">p\u00e1gina web de la Red El\u00e9ctrica Espa\u00f1ola<\/a> donde se muestran las gr\u00e1ficas de precios por horas y para cada d\u00eda de la semana, podemos observar el hist\u00f3rico de precios en lo que va de a\u00f1o 2022 y por supuesto los <strong>precios para hoy d\u00eda 28 de febrero de 2022<\/strong>.<\/p>\n<\/p>\n<div class=\"article-asset-image article-asset-normal\">\n<div class=\"asset-content\">\n<div class=\"caption-img \">\n<p>  <img decoding=\"async\" alt=\"Grafica 2022 Pico Consumo\" class=\"centro_sinmarco\" src=\"https:\/\/i.blogs.es\/738ae3\/grafica-2022-pico-consumo-electrico\/450_1000.png\"><\/p>\n<p>         <span>Coste el\u00e9ctrico PVPC 28 febrero de 2022<\/span>\n   <\/div>\n<\/p><\/div>\n<\/div>\n<p>Los tres tramos horarios b\u00e1sicos denominados como <strong>\u00abpunta, llano y valle\u00bb<\/strong> tienen una distribuci\u00f3n algo peculiar repartida de forma alterna en diferentes horas del d\u00eda condicionando en gran medida lo que pagaremos a final del d\u00eda.<\/p>\n<p><!-- BREAK 2 --><\/p>\n<p>\u00bfCu\u00e1l es el precio de la luz en el tramo m\u00e1s barato hoy? Pues como podemos observar, se trata del <strong>periodo entre las 14:00 y las 15:00 horas<\/strong> en la Pen\u00ednsula con un precio medio de <strong>0,30\u20ac\/kWh<\/strong>, valor que hasta la semana pasada era una cifra media diaria t\u00edpica o incluso m\u00e1xima en algunos fines de semana.<\/p>\n<p><!-- BREAK 3 --><\/p>\n<p>El resto del d\u00eda de hoy nos situamos con valores que rondan los <strong>0,36-0,40\u20ac\/kWh<\/strong>, pero es en el tramo de hora punta comprendido <strong>entre las 18:00 y las 21:00 horas<\/strong> cuando alcanzamos el m\u00e1ximo hist\u00f3rico con un <strong>pico a las 20:00 horas de 0,527\u20ac\/kWh<\/strong>. <\/p>\n<p><!-- BREAK 4 --><\/p>\n<div class=\"article-asset-image article-asset-normal\">\n<div class=\"asset-content\">\n<div class=\"caption-img \">\n<p>  <img decoding=\"async\" alt=\"Grafica\" class=\"centro_sinmarco\" src=\"https:\/\/i.blogs.es\/1f88fb\/grafica-2021\/450_1000.png\"><\/p>\n<p>         <span>Coste el\u00e9ctrico PVPC 1 marzo de 2021<\/span>\n   <\/div>\n<\/p><\/div>\n<\/div>\n<p>Si por ejemplo comparamos este dato con lo que nos costaba hace un a\u00f1o la luz, podemos observar que el 1 de marzo de 2021 (el 28 de febrero era domingo) el importe no superaba los 0,14\u20ac\/kWh.<\/p>\n<p><!-- BREAK 5 --><\/p>\n<div class=\"article-asset article-asset-normal article-asset-center\">\n<div class=\"desvio-container\">\n<div class=\"desvio\">\n<div class=\"desvio-figure js-desvio-figure\">\n    <a href=\"https:\/\/www.xatakahome.com\/iluminacion-y-energia\/cuales-electrodomesticos-dispositivos-que-consumen-casa-guia-para-ahorrar-nueva-factura-luz\"><br \/>\n     <img decoding=\"async\" alt=\"Cu\u00e1les son los electrodom\u00e9sticos y dispositivos que m\u00e1s energ\u00eda gastan en casa: gu\u00eda para ahorrar con la nueva factura de la luz\" src=\"https:\/\/i.blogs.es\/db5cd9\/ralph-ravi-kayden-jdbvxignfda-unsplash\/375_142.jpg\"><br \/>\n    <\/a>\n   <\/div>\n<div class=\"desvio-summary\">\n<div class=\"desvio-taxonomy js-desvio-taxonomy\">\n     <a href=\"https:\/\/www.xatakahome.com\/iluminacion-y-energia\/cuales-electrodomesticos-dispositivos-que-consumen-casa-guia-para-ahorrar-nueva-factura-luz\" class=\"desvio-taxonomy-anchor\">En Xataka Smart Home<\/a>\n    <\/div>\n<p>    <a href=\"https:\/\/www.xatakahome.com\/iluminacion-y-energia\/cuales-electrodomesticos-dispositivos-que-consumen-casa-guia-para-ahorrar-nueva-factura-luz\" class=\"desvio-title js-desvio-title\">Cu\u00e1les son los electrodom\u00e9sticos y dispositivos que m\u00e1s energ\u00eda gastan en casa: gu\u00eda para ahorrar con la nueva factura de la luz<\/a>\n   <\/div>\n<\/p><\/div>\n<\/p><\/div>\n<\/div>\n<h2>C\u00f3mo ahorrar electricidad hoy<\/h2>\n<\/p>\n<div class=\"article-asset-image article-asset-normal\">\n<div class=\"asset-content\">\n<p>  <img decoding=\"async\" alt=\"luz\" class=\"centro_sinmarco\" src=\"https:\/\/i.blogs.es\/441d3e\/1366_2000-luz\/450_1000.jpeg\"><\/p><\/div>\n<\/div>\n<p>El precio de la luz est\u00e1 hoy disparado, as\u00ed que si queremos tratar de <strong>ahorrar unos euros en la factura de la luz<\/strong> conviene poner en pr\u00e1ctica algunos consejos, sobre todo si estamos pensando en utilizar alguno de los <a href=\"https:\/\/www.xatakahome.com\/iluminacion-y-energia\/cuales-electrodomesticos-dispositivos-que-consumen-casa-guia-para-ahorrar-nueva-factura-luz\">electrodom\u00e9sticos y dispositivos que m\u00e1s consumen en casa<\/a>.<\/p>\n<p>Por ejemplo, podemos tratar de <strong>dirigir el uso de todos los equipos que podamos<\/strong> hoy al tramo horario de 14:00 a 17:00, donde el precio de la luz es m\u00e1s barato y est\u00e1 por debajo de los 0,37\u20ac\/kWh.<\/p>\n<p><!-- BREAK 6 --><\/p>\n<p>Tambi\u00e9n si tenemos <strong>placa vitrocer\u00e1mica, horno y microondas<\/strong> podemos cocinar la comida a partir de las 14:00 horas y la cena a partir de las 22:00. Algo que podemos extender al uso del lavavajillas, lavadora y plancha, todos ellos grandes consumidores de electricidad de forma puntual.<\/p>\n<p><!-- BREAK 7 --><\/p>\n<p>Podemos <strong>bajar la temperatura de nuestros sistemas de calefacci\u00f3n<\/strong> en ese horario m\u00e1s caro y subirla en el tramo m\u00e1s barato, ya sea con un programador o de forma manual.<\/p>\n<p><!-- BREAK 8 --><\/p>\n<p>Y si tenemos que cargar el m\u00f3vil, port\u00e1til, auriculares, altavoces inteligentes, etc. podemos dejarlo para esa hora m\u00e1s barata o <strong>para las 0:00 de la noche<\/strong>.<\/p>\n<p><!-- BREAK 9 --><\/p>\n<p>En Xataka | <a href=\"https:\/\/www.xataka.com\/energia\/pvpc-no-compensa-que-electricas-ofrecen-tarifas-luz-a-precio-barato-que-cuesta-mercado\">El PVPC ya no compensa: por qu\u00e9 las el\u00e9ctricas ofrecen tarifas de luz a un precio m\u00e1s barato de lo que cuesta en el mercado<\/a><\/p>\n<p><script>\n (function() {\n  window._JS_MODULES = window._JS_MODULES || {};\n  var headElement = document.getElementsByTagName('head')[0];\n  if (_JS_MODULES.instagram) {\n   var instagramScript = document.createElement('script');\n   instagramScript.src = 'https:\/\/platform.instagram.com\/en_US\/embeds.js';\n   instagramScript.async = true;\n   instagramScript.defer = true;\n   headElement.appendChild(instagramScript);\n  }\n })();\n<\/script><\/p>\n<p> &#8211; <br \/> La noticia<br \/>\n      <a href=\"https:\/\/www.xatakahome.com\/iluminacion-y-energia\/mal-dia-para-encender-luz-usar-tus-electrodomesticos-hoy-superamos-cifra-psicologica-0-5eur-kw?utm_source=feedburner&amp;utm_medium=feed&amp;utm_campaign=28_Feb_2022\"><br \/>\n       <em> Mal d\u00eda para encender la luz y usar tus electrodom\u00e9sticos: hoy superamos la cifra psicol\u00f3gica de los 0,5\u20ac\/kWh <\/em><br \/>\n      <\/a><br \/>\n      fue publicada originalmente en<br \/>\n      <a href=\"https:\/\/www.xatakahome.com\/?utm_source=feedburner&amp;utm_medium=feed&amp;utm_campaign=28_Feb_2022\"><br \/>\n       <strong> Xataka Smart Home <\/strong><br \/>\n      <\/a><br \/>\n            por <a href=\"https:\/\/www.xatakahome.com\/autor\/paco-rodriguez?utm_source=feedburner&amp;utm_medium=feed&amp;utm_campaign=28_Feb_2022\"><br \/>\n       Paco Rodriguez<br \/>\n      <\/a><br \/>\n      . <\/p>\n<div class=\"feedflare\">\n<a href=\"http:\/\/feeds.weblogssl.com\/~ff\/Xatakahome?a=T_8arDEhdXI:0BEUAssSfJY:yIl2AUoC8zA\"><img decoding=\"async\" src=\"http:\/\/feeds.feedburner.com\/~ff\/Xatakahome?d=yIl2AUoC8zA\" border=\"0\"><\/a>\n<\/div>\n<\/div>\n","protected":false},"excerpt":{"rendered":"<p>El 1 de junio de 2021 entr\u00f3 en vigor en Espa\u00f1a un nuevo formato de factura el\u00e9ctrica para usuarios dom\u00e9sticos que ven\u00eda con importantes cambios en la estructura de precios, pero sobre todo con un nuevo sistema de tramos horarios de facturaci\u00f3n claramente diferenciados a lo largo de cada d\u00eda. Se trataba de un cambio &hellip; <a href=\"https:\/\/domosistemas.com\/?p=15860\" class=\"more-link\">Sigue leyendo <span class=\"screen-reader-text\">Mal d\u00eda para encender la luz y usar tus electrodom\u00e9sticos: hoy superamos la cifra psicol\u00f3gica de los 0,5\u20ac\/kWh<\/span><\/a><\/p>\n","protected":false},"author":1,"featured_media":0,"comment_status":"closed","ping_status":"closed","sticky":false,"template":"","format":"standard","meta":{"footnotes":""},"categories":[8],"tags":[],"class_list":["post-15860","post","type-post","status-publish","format-standard","hentry","category-xataka"],"_links":{"self":[{"href":"https:\/\/domosistemas.com\/index.php?rest_route=\/wp\/v2\/posts\/15860","targetHints":{"allow":["GET"]}}],"collection":[{"href":"https:\/\/domosistemas.com\/index.php?rest_route=\/wp\/v2\/posts"}],"about":[{"href":"https:\/\/domosistemas.com\/index.php?rest_route=\/wp\/v2\/types\/post"}],"author":[{"embeddable":true,"href":"https:\/\/domosistemas.com\/index.php?rest_route=\/wp\/v2\/users\/1"}],"replies":[{"embeddable":true,"href":"https:\/\/domosistemas.com\/index.php?rest_route=%2Fwp%2Fv2%2Fcomments&post=15860"}],"version-history":[{"count":0,"href":"https:\/\/domosistemas.com\/index.php?rest_route=\/wp\/v2\/posts\/15860\/revisions"}],"wp:attachment":[{"href":"https:\/\/domosistemas.com\/index.php?rest_route=%2Fwp%2Fv2%2Fmedia&parent=15860"}],"wp:term":[{"taxonomy":"category","embeddable":true,"href":"https:\/\/domosistemas.com\/index.php?rest_route=%2Fwp%2Fv2%2Fcategories&post=15860"},{"taxonomy":"post_tag","embeddable":true,"href":"https:\/\/domosistemas.com\/index.php?rest_route=%2Fwp%2Fv2%2Ftags&post=15860"}],"curies":[{"name":"wp","href":"https:\/\/api.w.org\/{rel}","templated":true}]}}