{"id":15864,"date":"2022-03-01T03:00:08","date_gmt":"2022-03-01T03:00:08","guid":{"rendered":"https:\/\/domosistemas.com\/?p=15864"},"modified":"2022-03-01T03:00:08","modified_gmt":"2022-03-01T03:00:08","slug":"abb-y-paccar-se-asocian-para-ofrecer-soluciones-avanzadas-de-recarga-para-vehiculos-pesados","status":"publish","type":"post","link":"https:\/\/domosistemas.com\/?p=15864","title":{"rendered":"ABB y Paccar se asocian para ofrecer soluciones avanzadas de recarga para veh\u00edculos pesados"},"content":{"rendered":"<div>\n<p>Las compa\u00f1\u00edas <a href=\"https:\/\/new.abb.com\/es\" target=\"_blank\" rel=\"noopener sponsored\">ABB<\/a> y Paccar se han asociado con el fin de ofrecer a los concesionarios de Paccar y a sus clientes una gama de soluciones avanzadas de carga en sus operaciones de flota tanto en Norteam\u00e9rica como en Europa. Las soluciones de recarga proporcionadas por ABB alcanzan una potencia de hasta 350 kW, que permitir\u00e1 recargar la flota de Paccar.<\/p>\n<figure id=\"attachment_103191\" aria-describedby=\"caption-attachment-103191\" style=\"width: 800px\" class=\"wp-caption aligncenter\"><img decoding=\"async\" loading=\"lazy\" class=\"size-full wp-image-103191\" src=\"https:\/\/static.casadomo.com\/media\/2022\/02\/abb-paccar-asociacion-recarga-vehiculos-pesados-europa-eeuu.png\" alt=\"Soluciones de recarga ABB.\" width=\"800\" height=\"356\" srcset=\"https:\/\/static.casadomo.com\/media\/2022\/02\/abb-paccar-asociacion-recarga-vehiculos-pesados-europa-eeuu.png 800w, https:\/\/static.casadomo.com\/media\/2022\/02\/abb-paccar-asociacion-recarga-vehiculos-pesados-europa-eeuu-300x134.png 300w, https:\/\/static.casadomo.com\/media\/2022\/02\/abb-paccar-asociacion-recarga-vehiculos-pesados-europa-eeuu-768x342.png 768w, https:\/\/static.casadomo.com\/media\/2022\/02\/abb-paccar-asociacion-recarga-vehiculos-pesados-europa-eeuu-180x80.png 180w\" sizes=\"auto, (max-width: 800px) 100vw, 800px\"><figcaption id=\"caption-attachment-103191\" class=\"wp-caption-text\">Las soluciones de carga de ABB para veh\u00edculos pesados cuentan con una potencia de hasta 350 kW y ayudan a optimizar la carga de las flotas.<\/figcaption><\/figure>\n<p>Seg\u00fan Frank Muehlon, presidente de la divisi\u00f3n E-mobility de <a href=\"https:\/\/www.casadomo.com\/empresas\/abb\">ABB<\/a>, esta asociaci\u00f3n estrat\u00e9gica y sostenible permitir\u00e1 acelerar la expansi\u00f3n y la adopci\u00f3n de la flota el\u00e9ctrica, as\u00ed como la reducci\u00f3n de las emisiones de carbono y ruido en el sector del transporte. Y a\u00f1ade, \u201cal igual que Paccar, ABB ve una enorme oportunidad en la electrificaci\u00f3n del sector del transporte por carretera y se compromete a ofrecer soluciones de electrificaci\u00f3n seguras, inteligentes y sostenibles para la carga de flotas\u201d.<\/p>\n<h2>Carga optimizada y r\u00e1pida<\/h2>\n<p>Estos innovadores veh\u00edculos el\u00e9ctricos de Paccar tienen bater\u00edas lo suficientemente potentes para los modelos de camiones Peterbilt, Kenworth, DAF CF Electric y LF Electric que requieren una carga r\u00e1pida bajo demanda para los cortos tiempos de permanencia de las rutas de sus flotas.<\/p>\n<p>Los sistemas de carga de ABB ayudan a optimizar la carga de las flotas con descansos de carga r\u00e1pida de alta potencia o con carga nocturna de menor potencia gestionada por la carga para rutas de transporte m\u00e1s largas y entregas de \u00faltima milla.<\/p>\n<p>Ambas empresas se han comprometido a servir de forma sostenible a sus clientes, as\u00ed como a sus propias operaciones. Todos los centros de fabricaci\u00f3n de Paccar cuentan con la certificaci\u00f3n ISO 14001 y m\u00e1s del 80% son de cero residuos a vertedero, mientras que ABB est\u00e1 avanzando hacia las operaciones circulares, as\u00ed como hacia la neutralidad de carbono mediante la electrificaci\u00f3n de su flota de veh\u00edculos, el abastecimiento de electricidad 100% renovable y la mejora de la eficiencia energ\u00e9tica en todos sus centros para 2030.<\/p>\n<p>La entrada <a rel=\"nofollow\" href=\"https:\/\/www.casadomo.com\/2022\/03\/01\/abb-paccar-asocian-ofrecer-soluciones-avanzadas-recarga-vehiculos-pesados\">ABB y Paccar se asocian para ofrecer soluciones avanzadas de recarga para veh\u00edculos pesados<\/a> aparece primero en <a rel=\"nofollow\" href=\"https:\/\/www.casadomo.com\/\">CASADOMO<\/a>.<\/p>\n<\/div>\n","protected":false},"excerpt":{"rendered":"<p>Las compa\u00f1\u00edas ABB y Paccar se han asociado con el fin de ofrecer a los concesionarios de Paccar y a sus clientes una gama de soluciones avanzadas de carga en sus operaciones de flota tanto en Norteam\u00e9rica como en Europa. Las soluciones de recarga proporcionadas por ABB alcanzan una potencia de hasta 350 kW, que &hellip; <a href=\"https:\/\/domosistemas.com\/?p=15864\" class=\"more-link\">Sigue leyendo <span class=\"screen-reader-text\">ABB y Paccar se asocian para ofrecer soluciones avanzadas de recarga para veh\u00edculos pesados<\/span><\/a><\/p>\n","protected":false},"author":1,"featured_media":0,"comment_status":"closed","ping_status":"closed","sticky":false,"template":"","format":"standard","meta":{"footnotes":""},"categories":[3],"tags":[],"class_list":["post-15864","post","type-post","status-publish","format-standard","hentry","category-casadomo-com"],"_links":{"self":[{"href":"https:\/\/domosistemas.com\/index.php?rest_route=\/wp\/v2\/posts\/15864","targetHints":{"allow":["GET"]}}],"collection":[{"href":"https:\/\/domosistemas.com\/index.php?rest_route=\/wp\/v2\/posts"}],"about":[{"href":"https:\/\/domosistemas.com\/index.php?rest_route=\/wp\/v2\/types\/post"}],"author":[{"embeddable":true,"href":"https:\/\/domosistemas.com\/index.php?rest_route=\/wp\/v2\/users\/1"}],"replies":[{"embeddable":true,"href":"https:\/\/domosistemas.com\/index.php?rest_route=%2Fwp%2Fv2%2Fcomments&post=15864"}],"version-history":[{"count":0,"href":"https:\/\/domosistemas.com\/index.php?rest_route=\/wp\/v2\/posts\/15864\/revisions"}],"wp:attachment":[{"href":"https:\/\/domosistemas.com\/index.php?rest_route=%2Fwp%2Fv2%2Fmedia&parent=15864"}],"wp:term":[{"taxonomy":"category","embeddable":true,"href":"https:\/\/domosistemas.com\/index.php?rest_route=%2Fwp%2Fv2%2Fcategories&post=15864"},{"taxonomy":"post_tag","embeddable":true,"href":"https:\/\/domosistemas.com\/index.php?rest_route=%2Fwp%2Fv2%2Ftags&post=15864"}],"curies":[{"name":"wp","href":"https:\/\/api.w.org\/{rel}","templated":true}]}}