{"id":15898,"date":"2022-03-03T12:12:27","date_gmt":"2022-03-03T12:12:27","guid":{"rendered":"https:\/\/domosistemas.com\/?p=15898"},"modified":"2022-03-03T12:12:27","modified_gmt":"2022-03-03T12:12:27","slug":"el-precio-de-la-luz-esta-hoy-disparado-esta-es-la-hora-mas-barata-y-la-mas-cara-para-encender-tus-electrodomesticos","status":"publish","type":"post","link":"https:\/\/domosistemas.com\/?p=15898","title":{"rendered":"El precio de la luz est\u00e1 hoy disparado: esta es la hora m\u00e1s barata y la m\u00e1s cara para encender tus electrodom\u00e9sticos"},"content":{"rendered":"<div>\n<p>\n      <img decoding=\"async\" src=\"https:\/\/i.blogs.es\/1749ad\/johannes-plenio-fmtde1fe23a-unsplash\/1024_2000.jpg\" alt=\"El precio de la luz est\u00e1 hoy disparado: esta es la hora m\u00e1s barata y la m\u00e1s cara para encender tus electrodom\u00e9sticos\">\n    <\/p>\n<\/p>\n<p>El pasado mes de febrero <a href=\"https:\/\/www.xatakahome.com\/iluminacion-y-energia\/mal-dia-para-encender-luz-usar-tus-electrodomesticos-hoy-superamos-cifra-psicologica-0-5eur-kw\">superamos por primera vez<\/a> la barrera psicol\u00f3gica de los <strong>0,5\u20ac\/kWh<\/strong> en el precio de la electricidad para el peque\u00f1o consumidor, la cifra m\u00e1s alta del a\u00f1o hasta hoy, <strong>d\u00eda 3 de marzo de 2022<\/strong>, cuando hemos sobrepasado este valor en un <strong>nuevo m\u00e1ximo hist\u00f3rico<\/strong> que nos hace pensarnos dos veces cu\u00e1l es el mejor horario para encender nuestros electrodom\u00e9sticos.<\/p>\n<p>Los tramos horarios del <a href=\"https:\/\/www.xatakahome.com\/iluminacion-y-energia\/hoy-entra-vigor-nueva-factura-luz-estas-horas-donde-tu-consumo-electrico-sera-barato\">nuevo formato de factura el\u00e9ctrica<\/a> que entr\u00f3 en vigor en Espa\u00f1a el 1 de junio de 2021 para usuarios dom\u00e9sticos dejaban claro en qu\u00e9 momentos del d\u00eda utilizar la electricidad en casa <strong>es m\u00e1s caro y m\u00e1s barato<\/strong>, ayud\u00e1ndonos a los consumidores a elaborar planes para encender los equipos y electrodom\u00e9sticos con mayor consumo de potencia en aqu\u00e9llas horas que nos resultasen m\u00e1s adecuadas para minimizar el gasto.<!--more--><\/p>\n<\/p>\n<div class=\"article-asset-image article-asset-normal\">\n<div class=\"asset-content\">\n<p>  <img decoding=\"async\" alt=\"horarios\" class=\"centro_sinmarco\" src=\"https:\/\/i.blogs.es\/ff8ccc\/1366_2000luz\/450_1000.jpg\"><\/p><\/div>\n<\/div>\n<p>Se trata de un cambio enfocado a ayudarnos a ahorrar en la factura a final de mes y disponible para aqu\u00e9llos usuarios con <strong>Precio Voluntario para el Peque\u00f1o Consumidor (PVPC)<\/strong> que tengamos contratados menos de 15 kW como pico de potencia m\u00e1ximo (la mayor\u00eda de hogares espa\u00f1oles).<\/p>\n<p><!-- BREAK 1 --><\/p>\n<p>Sin embargo, en estos meses <a href=\"https:\/\/www.xataka.com\/energia\/pvpc-no-compensa-que-electricas-ofrecen-tarifas-luz-a-precio-barato-que-cuesta-mercado\">el precio de la luz ha ido subiendo progresivamente<\/a> a\u00f1adiendo poco a poco un componente de continua a las gr\u00e1ficas de coste variable para el peque\u00f1o consumidor ofrecidas por Red El\u00e9ctrica, situaci\u00f3n que ha llegado hoy a su <strong>m\u00e1ximo hist\u00f3rico en lo que va de a\u00f1o<\/strong> con un precio de <strong>54 c\u00e9ntimos de euro por kilovatio hora consumido<\/strong> (0,541\u20ac\/kWh).<\/p>\n<\/p>\n<div class=\"article-asset-video article-asset-normal\">\n<div class=\"asset-content\">\n<div class=\"base-asset-video\">\n<div class=\"js-dailymotion\">\n    <script type=\"application\/json\">\n     {\"videoId\":\"x81h7p2\",\"autoplay\":true,\"title\":\"NUEVA FACTURA DE LA LUZ: TODO LO QUE DEBES SABER para AHORRAR AL M\u00c1XIMO\"}\n    <\/script>\n   <\/div>\n<\/p><\/div>\n<\/p><\/div>\n<\/div>\n<h2>Estos son los horarios m\u00e1s baratos y caros para hoy<\/h2>\n<p>Si nos vamos a la p\u00e1gina web de <a href=\"https:\/\/www.esios.ree.es\/es\/pvpc\">p\u00e1gina web de la Red El\u00e9ctrica Espa\u00f1ola<\/a> donde se muestran las gr\u00e1ficas de precios por horas y para cada d\u00eda de la semana, podemos observar el hist\u00f3rico de precios en lo que va de a\u00f1o 2022 y por supuesto los <strong>precios para hoy d\u00eda 3 de marzo de 2022<\/strong>.<\/p>\n<\/p>\n<div class=\"article-asset-image article-asset-normal\">\n<div class=\"asset-content\">\n<div class=\"base-wrapper-image\" style=\"padding-top:56.929082628497%;\">\n<p>  <img decoding=\"async\" alt=\"Grafica Precio\" class=\"centro_sinmarco\" src=\"https:\/\/i.blogs.es\/372984\/grafica-precio\/450_1000.jpg\"><\/p><\/div>\n<\/p><\/div>\n<\/div>\n<p>Los tres tramos horarios b\u00e1sicos denominados como <strong>\u00abpunta, llano y valle\u00bb<\/strong> tienen una distribuci\u00f3n algo peculiar repartida de forma alterna en diferentes horas del d\u00eda, condicionando en gran medida lo que pagaremos a final del d\u00eda: <\/p>\n<p><!-- BREAK 2 --><\/p>\n<p><strong>El tramo horario m\u00e1s barato hoy:<\/strong> Como podemos observar, se trata de los periodos <strong>entre las 0:00 y las 4:00<\/strong> de la madrugada con un precio medio de <strong>40 c\u00e9ntimos\/kWh<\/strong> y <strong>entre las 14:00 y las 17:00 horas<\/strong> en la Pen\u00ednsula con un precio medio de <strong>0,435 \u20ac\/kWh<\/strong>. El pico m\u00ednimo se sit\u00faa de 23 horas hasta las 0:00 con un <strong>precio de 0,36 \u20ac\/kWh<\/strong>.<\/p>\n<p><!-- BREAK 3 --><\/p>\n<p><strong>El tramo horario m\u00e1s caro hoy:<\/strong>  Es claramente el situado <strong>entre las 18:00 y las 21:00 horas<\/strong> con un precio medio de 0,53\u20ac\/kWh y un <strong>pico de 0,541\u20ac\/kWh a las 20:00 horas<\/strong>.<\/p>\n<p><!-- BREAK 4 --><\/p>\n<p>El resto del d\u00eda de hoy nos situamos con valores que rondan los <strong>0,40-0,52\u20ac\/kWh<\/strong>.<\/p>\n<\/p>\n<div class=\"article-asset article-asset-normal article-asset-center\">\n<div class=\"desvio-container\">\n<div class=\"desvio\">\n<div class=\"desvio-figure js-desvio-figure\">\n    <a href=\"https:\/\/www.xatakahome.com\/iluminacion-y-energia\/cuales-electrodomesticos-dispositivos-que-consumen-casa-guia-para-ahorrar-nueva-factura-luz\"><br \/>\n     <img decoding=\"async\" alt=\"Cu\u00e1les son los electrodom\u00e9sticos y dispositivos que m\u00e1s energ\u00eda gastan en casa: gu\u00eda para ahorrar con la nueva factura de la luz\" src=\"https:\/\/i.blogs.es\/db5cd9\/ralph-ravi-kayden-jdbvxignfda-unsplash\/375_142.jpg\"><br \/>\n    <\/a>\n   <\/div>\n<div class=\"desvio-summary\">\n<div class=\"desvio-taxonomy js-desvio-taxonomy\">\n     <a href=\"https:\/\/www.xatakahome.com\/iluminacion-y-energia\/cuales-electrodomesticos-dispositivos-que-consumen-casa-guia-para-ahorrar-nueva-factura-luz\" class=\"desvio-taxonomy-anchor\">En Xataka Smart Home<\/a>\n    <\/div>\n<p>    <a href=\"https:\/\/www.xatakahome.com\/iluminacion-y-energia\/cuales-electrodomesticos-dispositivos-que-consumen-casa-guia-para-ahorrar-nueva-factura-luz\" class=\"desvio-title js-desvio-title\">Cu\u00e1les son los electrodom\u00e9sticos y dispositivos que m\u00e1s energ\u00eda gastan en casa: gu\u00eda para ahorrar con la nueva factura de la luz<\/a>\n   <\/div>\n<\/p><\/div>\n<\/p><\/div>\n<\/div>\n<h2>C\u00f3mo ahorrar electricidad hoy<\/h2>\n<\/p>\n<div class=\"article-asset-image article-asset-normal\">\n<div class=\"asset-content\">\n<p>  <img decoding=\"async\" alt=\"luz\" class=\"centro_sinmarco\" src=\"https:\/\/i.blogs.es\/441d3e\/1366_2000-luz\/450_1000.jpeg\"><\/p><\/div>\n<\/div>\n<p>El precio de la luz est\u00e1 hoy disparado, as\u00ed que si queremos tratar de <strong>ahorrar unos euros en la factura de la luz<\/strong> conviene poner en pr\u00e1ctica algunos consejos, sobre todo si estamos pensando en utilizar alguno de los <a href=\"https:\/\/www.xatakahome.com\/iluminacion-y-energia\/cuales-electrodomesticos-dispositivos-que-consumen-casa-guia-para-ahorrar-nueva-factura-luz\">electrodom\u00e9sticos y dispositivos que m\u00e1s consumen en casa<\/a>.<\/p>\n<p>Por ejemplo, podemos tratar de <strong>dirigir el uso de todos los equipos que podamos<\/strong> hoy al tramo horario de 14:00 a 17:00, donde el precio de la luz es m\u00e1s barato, y <strong>especialmente a las 23:00 horas<\/strong>, pico m\u00ednimo del d\u00eda, buen momento para por ejemplo poner el lavavajillas o la lavadora.<\/p>\n<p><!-- BREAK 5 --><\/p>\n<p>Tambi\u00e9n si tenemos <strong>placa vitrocer\u00e1mica, horno y microondas<\/strong> podemos cocinar la comida a partir de las 14:00 horas y la cena a partir de las 22:00. <\/p>\n<p><!-- BREAK 6 --><\/p>\n<p>Podemos <strong>bajar la temperatura de nuestros sistemas de calefacci\u00f3n<\/strong> en ese horario m\u00e1s caro y subirla en el tramo m\u00e1s barato, ya sea con un programador o de forma manual.<\/p>\n<p><!-- BREAK 7 --><\/p>\n<p>Y si tenemos que cargar el m\u00f3vil, port\u00e1til, auriculares, altavoces inteligentes, etc. podemos dejarlo para esa hora m\u00e1s barata a partir de las 23:00 horas.<\/p>\n<p><!-- BREAK 8 --><\/p>\n<p>En Xataka | <a href=\"https:\/\/www.xataka.com\/energia\/pvpc-no-compensa-que-electricas-ofrecen-tarifas-luz-a-precio-barato-que-cuesta-mercado\">El PVPC ya no compensa: por qu\u00e9 las el\u00e9ctricas ofrecen tarifas de luz a un precio m\u00e1s barato de lo que cuesta en el mercado<\/a><br \/>\nImagen | <a href=\"https:\/\/unsplash.com\/photos\/fmTde1Fe23A\">Johannes Plenio<\/a><\/p>\n<p><script>\n (function() {\n  window._JS_MODULES = window._JS_MODULES || {};\n  var headElement = document.getElementsByTagName('head')[0];\n  if (_JS_MODULES.instagram) {\n   var instagramScript = document.createElement('script');\n   instagramScript.src = 'https:\/\/platform.instagram.com\/en_US\/embeds.js';\n   instagramScript.async = true;\n   instagramScript.defer = true;\n   headElement.appendChild(instagramScript);\n  }\n })();\n<\/script><\/p>\n<p> &#8211; <br \/> La noticia<br \/>\n      <a href=\"https:\/\/www.xatakahome.com\/iluminacion-y-energia\/precio-luz-esta-hoy-disparado-esta-hora-barata-cara-para-encender-tus-electrodomesticos?utm_source=feedburner&amp;utm_medium=feed&amp;utm_campaign=03_Mar_2022\"><br \/>\n       <em> El precio de la luz est\u00e1 hoy disparado: esta es la hora m\u00e1s barata y la m\u00e1s cara para encender tus electrodom\u00e9sticos <\/em><br \/>\n      <\/a><br \/>\n      fue publicada originalmente en<br \/>\n      <a href=\"https:\/\/www.xatakahome.com\/?utm_source=feedburner&amp;utm_medium=feed&amp;utm_campaign=03_Mar_2022\"><br \/>\n       <strong> Xataka Smart Home <\/strong><br \/>\n      <\/a><br \/>\n            por <a href=\"https:\/\/www.xatakahome.com\/autor\/paco-rodriguez?utm_source=feedburner&amp;utm_medium=feed&amp;utm_campaign=03_Mar_2022\"><br \/>\n       Paco Rodriguez<br \/>\n      <\/a><br \/>\n      . <\/p>\n<div class=\"feedflare\">\n<a href=\"http:\/\/feeds.weblogssl.com\/~ff\/Xatakahome?a=37cVvm42ghk:Z-qBszoZtPo:yIl2AUoC8zA\"><img decoding=\"async\" src=\"http:\/\/feeds.feedburner.com\/~ff\/Xatakahome?d=yIl2AUoC8zA\" border=\"0\"><\/a>\n<\/div>\n<\/div>\n","protected":false},"excerpt":{"rendered":"<p>El pasado mes de febrero superamos por primera vez la barrera psicol\u00f3gica de los 0,5\u20ac\/kWh en el precio de la electricidad para el peque\u00f1o consumidor, la cifra m\u00e1s alta del a\u00f1o hasta hoy, d\u00eda 3 de marzo de 2022, cuando hemos sobrepasado este valor en un nuevo m\u00e1ximo hist\u00f3rico que nos hace pensarnos dos veces &hellip; <a href=\"https:\/\/domosistemas.com\/?p=15898\" class=\"more-link\">Sigue leyendo <span class=\"screen-reader-text\">El precio de la luz est\u00e1 hoy disparado: esta es la hora m\u00e1s barata y la m\u00e1s cara para encender tus electrodom\u00e9sticos<\/span><\/a><\/p>\n","protected":false},"author":1,"featured_media":0,"comment_status":"closed","ping_status":"closed","sticky":false,"template":"","format":"standard","meta":{"footnotes":""},"categories":[8],"tags":[],"class_list":["post-15898","post","type-post","status-publish","format-standard","hentry","category-xataka"],"_links":{"self":[{"href":"https:\/\/domosistemas.com\/index.php?rest_route=\/wp\/v2\/posts\/15898","targetHints":{"allow":["GET"]}}],"collection":[{"href":"https:\/\/domosistemas.com\/index.php?rest_route=\/wp\/v2\/posts"}],"about":[{"href":"https:\/\/domosistemas.com\/index.php?rest_route=\/wp\/v2\/types\/post"}],"author":[{"embeddable":true,"href":"https:\/\/domosistemas.com\/index.php?rest_route=\/wp\/v2\/users\/1"}],"replies":[{"embeddable":true,"href":"https:\/\/domosistemas.com\/index.php?rest_route=%2Fwp%2Fv2%2Fcomments&post=15898"}],"version-history":[{"count":0,"href":"https:\/\/domosistemas.com\/index.php?rest_route=\/wp\/v2\/posts\/15898\/revisions"}],"wp:attachment":[{"href":"https:\/\/domosistemas.com\/index.php?rest_route=%2Fwp%2Fv2%2Fmedia&parent=15898"}],"wp:term":[{"taxonomy":"category","embeddable":true,"href":"https:\/\/domosistemas.com\/index.php?rest_route=%2Fwp%2Fv2%2Fcategories&post=15898"},{"taxonomy":"post_tag","embeddable":true,"href":"https:\/\/domosistemas.com\/index.php?rest_route=%2Fwp%2Fv2%2Ftags&post=15898"}],"curies":[{"name":"wp","href":"https:\/\/api.w.org\/{rel}","templated":true}]}}