{"id":16189,"date":"2022-04-04T02:00:14","date_gmt":"2022-04-04T02:00:14","guid":{"rendered":"https:\/\/domosistemas.com\/?p=16189"},"modified":"2022-04-04T02:00:14","modified_gmt":"2022-04-04T02:00:14","slug":"mejora-de-la-accesibilidad-en-museos-y-monumentos-publicos-de-cataluna-con-un-sistema-de-sonido","status":"publish","type":"post","link":"https:\/\/domosistemas.com\/?p=16189","title":{"rendered":"Mejora de la accesibilidad en museos y monumentos p\u00fablicos de Catalu\u00f1a con un sistema de sonido"},"content":{"rendered":"<div>\n<p>Bajo el marco del proyecto de cooperaci\u00f3n europeo Arte por la inclusi\u00f3n social (ARTIS) entre Francia (Occitania) y Catalu\u00f1a, la <a href=\"https:\/\/govern.cat\/gov\/\" target=\"_blank\" rel=\"noopener\">Generalitat de Catalu\u00f1a<\/a>, a trav\u00e9s de la Agencia Catalana del Patrimonio Cultural, ha implementado un sistema de bucle magn\u00e9tico fijo para las recepciones y otros espacios de atenci\u00f3n al p\u00fablico en 28 museos y monumentos p\u00fablicos.<\/p>\n<figure id=\"attachment_105068\" aria-describedby=\"caption-attachment-105068\" style=\"width: 800px\" class=\"wp-caption aligncenter\"><img decoding=\"async\" loading=\"lazy\" class=\"size-full wp-image-105068\" src=\"https:\/\/static.casadomo.com\/media\/2022\/04\/generalitat-cataluna-sistema-sonido-bucle-magnetico.png\" alt=\"Audici\u00f3n.\" width=\"800\" height=\"494\" srcset=\"https:\/\/static.casadomo.com\/media\/2022\/04\/generalitat-cataluna-sistema-sonido-bucle-magnetico.png 800w, https:\/\/static.casadomo.com\/media\/2022\/04\/generalitat-cataluna-sistema-sonido-bucle-magnetico-300x185.png 300w, https:\/\/static.casadomo.com\/media\/2022\/04\/generalitat-cataluna-sistema-sonido-bucle-magnetico-768x474.png 768w, https:\/\/static.casadomo.com\/media\/2022\/04\/generalitat-cataluna-sistema-sonido-bucle-magnetico-180x111.png 180w\" sizes=\"auto, (max-width: 800px) 100vw, 800px\"><figcaption id=\"caption-attachment-105068\" class=\"wp-caption-text\">El sistema de bucle magn\u00e9tico fijo elimina el ruido ambiente para que las personas con aud\u00edfonos o implantes cocleares reciban el sonido m\u00e1s claro y n\u00edtido.<\/figcaption><\/figure>\n<p>El sistema de sonido cuenta con un anillo de inducci\u00f3n magn\u00e9tica, o un bucle magn\u00e9tico, para ofrecer una ayuda auxiliar a los usuarios que utilizan aud\u00edfonos o implantes cocleares. Este sistema es capaz de transformar una se\u00f1al de audio en un campo magn\u00e9tico que es recibido por los aud\u00edfonos dotados de posici\u00f3n \u2018T\u2019 (telebobina). La bonina interna de los aud\u00edfonos transforman este campo magn\u00e9tico nuevamente en sonido dentro de la oreja del usuario, por lo que el sonido llega a la persona de forma n\u00edtida e inteligible.<\/p>\n<p>La adquisici\u00f3n e instalaci\u00f3n de estos sistemas de inducci\u00f3n magn\u00e9tica en los museos y monumentos permite que se conviertan en espacios adaptados e inclusivos, y estos espacios han sido se\u00f1alizados con el s\u00edmbolo de accesibilidad auditiva que lo identifica.<\/p>\n<p>Los museos y monumentos en los que se han implementado los bucles magn\u00e9ticos son: Castillo de Miravet, Conjunto monumental de San Pedro de Rodas, Real Monasterio de Santes Creus, Castillo de Claramunt, Castillo de Cardona, Conjunto rupestre de la Roca de los Moros del Cogul, Can\u00f3nica de Santa Mar\u00eda Vilabertran, Casa Museo Prat de la Riba, Casa Museo Rafael de Casanova, Cartuja de Escaladei, Convento de San Bartolom\u00e9 de Bellpuig de Urgell, Castillo Monasterio de Escornalbou, Museo de Historia de Catalu\u00f1a, Museo de Arte de Girona, Farmacia del Hospital de Santa Caterina de Girona, Museo Nacional de la Ciencia y la T\u00e9cnica de Catalu\u00f1a, Farga Palau de Ripoll, Museo de la Colonia Sed\u00f3 de Esparreguera, Museo del Cemento de Castellar de n&#8217; Hug, Museo Nacional Arqueol\u00f3gico de Tarragona-Tinglado 4, Conjunto monumental de Centcelles, Necr\u00f3polis Paleocristiana de Tarragona, Villa romana de los Munts, Museo de Arqueolog\u00eda de Catalu\u00f1a (Barcelona, \u200b\u200bEmp\u00faries, Girona, Ol\u00e8rdola y Ullastret), y MAC-Gerona.<\/p>\n<h2>Jornada sobre la accesibilidad cognitiva en equipamientos patrimoniales<\/h2>\n<p>Por otro lado, la Ag\u00e8ncia Catalana del Patrimoni Cultural organiza, el pr\u00f3ximo 6 de abril, en el Auditorio Josep Irla del edificio de la Generalitat en Girona, una jornada destinada al conocimiento y la reflexi\u00f3n en torno a la accesibilidad cognitiva en equipamientos patrimoniales, en colaboraci\u00f3n con el Museo Nacional de Arte de Catalu\u00f1a, el Museo de Arte de Girona y el Consejo Departamental de los Pirineos Orientales.<\/p>\n<p>Con el t\u00edtulo \u2018La accesibilidad cognitiva al patrimonio cultural\u2019 y en el marco del proyecto ARTIS, la jornada est\u00e1 dirigida a los profesionales del patrimonio cultural y su objetivo es reflexionar sobre el papel que tienen los museos y equipamientos patrimoniales en la deconstrucci\u00f3n de prejuicios y en la construcci\u00f3n de una nueva mirada sobre la diversidad cognitiva.<\/p>\n<p>La entrada <a rel=\"nofollow\" href=\"https:\/\/www.casadomo.com\/2022\/04\/04\/mejora-accesibilidad-museos-monumentos-publicos-cataluna-sistema-sonido\">Mejora de la accesibilidad en museos y monumentos p\u00fablicos de Catalu\u00f1a con un sistema de sonido<\/a> aparece primero en <a rel=\"nofollow\" href=\"https:\/\/www.casadomo.com\/\">CASADOMO<\/a>.<\/p>\n<\/div>\n","protected":false},"excerpt":{"rendered":"<p>Bajo el marco del proyecto de cooperaci\u00f3n europeo Arte por la inclusi\u00f3n social (ARTIS) entre Francia (Occitania) y Catalu\u00f1a, la Generalitat de Catalu\u00f1a, a trav\u00e9s de la Agencia Catalana del Patrimonio Cultural, ha implementado un sistema de bucle magn\u00e9tico fijo para las recepciones y otros espacios de atenci\u00f3n al p\u00fablico en 28 museos y monumentos &hellip; <a href=\"https:\/\/domosistemas.com\/?p=16189\" class=\"more-link\">Sigue leyendo <span class=\"screen-reader-text\">Mejora de la accesibilidad en museos y monumentos p\u00fablicos de Catalu\u00f1a con un sistema de sonido<\/span><\/a><\/p>\n","protected":false},"author":1,"featured_media":0,"comment_status":"closed","ping_status":"closed","sticky":false,"template":"","format":"standard","meta":{"footnotes":""},"categories":[3],"tags":[],"class_list":["post-16189","post","type-post","status-publish","format-standard","hentry","category-casadomo-com"],"_links":{"self":[{"href":"https:\/\/domosistemas.com\/index.php?rest_route=\/wp\/v2\/posts\/16189","targetHints":{"allow":["GET"]}}],"collection":[{"href":"https:\/\/domosistemas.com\/index.php?rest_route=\/wp\/v2\/posts"}],"about":[{"href":"https:\/\/domosistemas.com\/index.php?rest_route=\/wp\/v2\/types\/post"}],"author":[{"embeddable":true,"href":"https:\/\/domosistemas.com\/index.php?rest_route=\/wp\/v2\/users\/1"}],"replies":[{"embeddable":true,"href":"https:\/\/domosistemas.com\/index.php?rest_route=%2Fwp%2Fv2%2Fcomments&post=16189"}],"version-history":[{"count":0,"href":"https:\/\/domosistemas.com\/index.php?rest_route=\/wp\/v2\/posts\/16189\/revisions"}],"wp:attachment":[{"href":"https:\/\/domosistemas.com\/index.php?rest_route=%2Fwp%2Fv2%2Fmedia&parent=16189"}],"wp:term":[{"taxonomy":"category","embeddable":true,"href":"https:\/\/domosistemas.com\/index.php?rest_route=%2Fwp%2Fv2%2Fcategories&post=16189"},{"taxonomy":"post_tag","embeddable":true,"href":"https:\/\/domosistemas.com\/index.php?rest_route=%2Fwp%2Fv2%2Ftags&post=16189"}],"curies":[{"name":"wp","href":"https:\/\/api.w.org\/{rel}","templated":true}]}}