{"id":16213,"date":"2022-04-05T14:18:20","date_gmt":"2022-04-05T14:18:20","guid":{"rendered":"https:\/\/domosistemas.com\/?p=16213"},"modified":"2022-04-05T14:18:20","modified_gmt":"2022-04-05T14:18:20","slug":"bosch-pretende-que-consumamos-menos-con-su-nueva-linea-de-electrodomesticos-inteligentes-frigorificos-lavadoras-conectadas-y-mas","status":"publish","type":"post","link":"https:\/\/domosistemas.com\/?p=16213","title":{"rendered":"Bosch pretende que consumamos menos con su nueva l\u00ednea de electrodom\u00e9sticos inteligentes: frigor\u00edficos, lavadoras conectadas y m\u00e1s"},"content":{"rendered":"<div>\n<p>\n      <img decoding=\"async\" src=\"https:\/\/i.blogs.es\/132980\/rap_prf_french_door_refrigerator_content_cross_door_master_ret-01\/1024_2000.jpg\" alt=\"Bosch pretende que consumamos menos con su nueva l\u00ednea de electrodom\u00e9sticos inteligentes: frigor\u00edficos, lavadoras conectadas y m\u00e1s\">\n    <\/p>\n<\/p>\n<p>Bosch ha presentado su nuevo cat\u00e1logo de electrodom\u00e9sticos para este a\u00f1o, <strong>presentando novedades tecnol\u00f3gicas dentro de su ecosistema inteligente<\/strong>. La firma ha anunciado tanto frigor\u00edficos y lavadoras, como secadoras, lavavajillas y hornos de vapor. <!--more--><\/p>\n<p>El denominador com\u00fan de todos estos electrodom\u00e9sticos es <strong>su capacidad de control remoto<\/strong> a trav\u00e9s de <a href=\"https:\/\/www.xatakahome.com\/domotica\/controlar-todo-hogar-conectado-sola-aplicacion-posible-esta-herramienta-gratuita-para-ios-android\">la app de Home Connect<\/a>, un ecosistema accesible por los productos de algunos fabricantes, entre ellos Bosch. <\/p>\n<h2>Nuevos frigor\u00edficos combis y Multipuertas XXL<\/h2>\n<\/p>\n<div class=\"article-asset-image article-asset-normal\">\n<div class=\"asset-content\">\n<div class=\"base-wrapper-image\" style=\"padding-top:55.846153846154%;\">\n<p>  <img decoding=\"async\" alt=\"Frigorifico\" class=\"centro_sinmarco\" src=\"https:\/\/i.blogs.es\/aba251\/frigorifico\/450_1000.jpg\"><\/p><\/div>\n<\/p><\/div>\n<\/div>\n<p>Bosch presenta sus <a href=\"https:\/\/www.bosch-home.es\/electrodomesticos\/frigorificos-y-congeladores\/combis\">nuevos frigor\u00edficos combis de clase B y C<\/a>, los cuales <strong>cuentan con un nuevo circuito de refrigeraci\u00f3n<\/strong> destinado a ofrecer una mejor eficiencia energ\u00e9tica. En su interior encontramos sus bandejas y balcones Flex como sistema de almacenamiento, y su tecnolog\u00eda Twin NoFrost hace independientes sus dos circuitos de fr\u00edo, logrando una conservaci\u00f3n \u00f3ptima seg\u00fan el fabricante. <\/p>\n<p>Otra de las caracter\u00edsticas destacadas de estos frigor\u00edficos es su condensador compacto, el cual <strong>evita el calentamiento en los laterales y permite unir dos combis<\/strong>. Adem\u00e1s, el compresor inverter que incorpora reduce el nivel sonoro hasta los 33 dB en algunos modelos, seg\u00fan afirma Bosch. <\/p>\n<p><!-- BREAK 1 --><\/p>\n<p>Adem\u00e1s de estos frigor\u00edficos, Bosch tambi\u00e9n ofrece<a href=\"https:\/\/www.bosch-home.es\/electrodomesticos\/frigorificos-y-congeladores\/combis\/ancho-especial\/frigorificos-multipuerta\"> soluciones XXL<\/a>, con <strong>mayor capacidad y dise\u00f1os de hasta cuatro puertas<\/strong>. <\/p>\n<h2>Lavadoras y secadoras con funciones inteligentes<\/h2>\n<\/p>\n<div class=\"article-asset-image article-asset-normal\">\n<div class=\"asset-content\">\n<div class=\"base-wrapper-image\" style=\"padding-top:55.885416666667%;\">\n<p>  <img decoding=\"async\" alt=\"Lavadoras\" class=\"centro_sinmarco\" src=\"https:\/\/i.blogs.es\/849031\/lavadoras\/450_1000.jpg\"><\/p><\/div>\n<\/p><\/div>\n<\/div>\n<p>El fabricante lanza una nueva revisi\u00f3n de sus <a href=\"https:\/\/www.bosch-home.es\/especiales\/lavadoras-idos\">modelos i-DOS<\/a>, <strong>reduciendo el consumo de agua y detergente<\/strong>. Desde Bosch aseguran que la gran mayor\u00eda de estas lavadoras cuentan con eficiencia energ\u00e9tica de clase A. Adem\u00e1s, cuentan con la tecnolog\u00eda ActiveWater, la cual adapta los par\u00e1metros de lavado en funci\u00f3n de la carga y, seg\u00fan el fabricante, optimiza el consumo en cada ciclo. <\/p>\n<\/p>\n<div class=\"article-asset article-asset-normal article-asset-center\">\n<div class=\"desvio-container\">\n<div class=\"desvio\">\n<div class=\"desvio-figure js-desvio-figure\">\n    <a href=\"https:\/\/www.xatakamovil.com\/tutoriales\/como-saber-cuanta-electricidad-gasta-cada-electrodomestico-tu-casa-para-asi-ahorrar-factura-luz\" target='\"_blank\"' rel=\"noopener\"><br \/>\n     <img decoding=\"async\" alt=\"C\u00f3mo saber cuanta electricidad gasta cada electrodom\u00e9stico de tu casa para as\u00ed ahorrar en la factura de la luz\" src=\"https:\/\/i.blogs.es\/6a3c3e\/contador-electricidad\/375_142.jpg\"><br \/>\n    <\/a>\n   <\/div>\n<div class=\"desvio-summary\">\n<div class=\"desvio-taxonomy js-desvio-taxonomy\">\n     <a href=\"https:\/\/www.xatakamovil.com\/tutoriales\/como-saber-cuanta-electricidad-gasta-cada-electrodomestico-tu-casa-para-asi-ahorrar-factura-luz\" class=\"desvio-taxonomy-anchor m-crosspost\" target='\"_blank\"' rel=\"noopener\">En Xataka M\u00f3vil<\/a>\n    <\/div>\n<p>    <a href=\"https:\/\/www.xatakamovil.com\/tutoriales\/como-saber-cuanta-electricidad-gasta-cada-electrodomestico-tu-casa-para-asi-ahorrar-factura-luz\" class=\"desvio-title js-desvio-title\" target='\"_blank\"' rel=\"noopener\">C\u00f3mo saber cuanta electricidad gasta cada electrodom\u00e9stico de tu casa para as\u00ed ahorrar en la factura de la luz<\/a>\n   <\/div>\n<\/p><\/div>\n<\/p><\/div>\n<\/div>\n<p>En cuanto a <a href=\"https:\/\/www.bosch-home.es\/electrodomesticos\/lavadoras-y-secadoras\/secadoras\">las secadoras<\/a>, su bomba de calor <strong>permite secar las prendas reduciendo la temperatura en hasta 30 grados<\/strong>. En Bosch aseguran que el consumo energ\u00e9tico tambi\u00e9n se reduce en un 70% frente a secadoras convencionales. La firma ha lanzado un total de 5 nuevas secadoras. <\/p>\n<h2>Lavavajillas adaptado a Home Connect<\/h2>\n<\/p>\n<div class=\"article-asset-image article-asset-normal\">\n<div class=\"asset-content\">\n<div class=\"base-wrapper-image\" style=\"padding-top:55.833333333333%;\">\n<p>  <img decoding=\"async\" alt=\"Lavavajillas\" class=\"centro_sinmarco\" src=\"https:\/\/i.blogs.es\/194d20\/lavavajillas\/450_1000.jpg\"><\/p><\/div>\n<\/p><\/div>\n<\/div>\n<p>Estos <a href=\"https:\/\/www.bosch-home.es\/electrodomesticos\/lavavajillas\">lavavajillas<\/a> cuentan con la tecnolog\u00eda de secado de Zeolitas, y seg\u00fan Bosch esto permite un menor consumo de energ\u00eda. Adem\u00e1s, tambi\u00e9n hablan de <strong>su f\u00e1cil conexi\u00f3n a nuestro dispositivo m\u00f3vil gracias a la app de Home Connect<\/strong>, permitiendo el control remoto, diagn\u00f3stico y descarga de programas adicionales. Para ello tendremos que emparejar el electrodom\u00e9stico a trav\u00e9s de Bluetooth o c\u00f3digo QR. <\/p>\n<p>Los lavavajillas Serie 8 ofrecen adem\u00e1s <strong>un programa inteligente que adapta autom\u00e1ticamente en cada ciclo los par\u00e1metros de lavado<\/strong> en funci\u00f3n de nuestras valoraciones, siendo una manera de entrenar al lavavajillas y que rinda como nosotros queramos. <\/p>\n<p><!-- BREAK 2 --><\/p>\n<div class=\"article-asset-video article-asset-large\">\n<div class=\"asset-content\">\n<div class=\"base-asset-video\">\n<div class=\"js-dailymotion\">\n    <script type=\"application\/json\">\n           {\"videoId\":\"x88tf3k\",\"autoplay\":true,\"title\":\"AHORRA EN TU FACTURA DE LA LUZ: Las MEJORES OPCIONES para conocer los PRECIOS EN TU M\u00d3VIL\", \"tag\":\"\"}\n         <\/script>\n   <\/div>\n<\/p><\/div>\n<\/p><\/div>\n<\/div>\n<h2>Nueva variedad de hornos y campanas<\/h2>\n<\/p>\n<div class=\"article-asset-image article-asset-normal\">\n<div class=\"asset-content\">\n<div class=\"base-wrapper-image\" style=\"padding-top:56.25%;\">\n<p>  <img decoding=\"async\" alt=\"Extractor\" class=\"centro_sinmarco\" src=\"https:\/\/i.blogs.es\/e108ed\/extractor\/450_1000.jpg\"><\/p><\/div>\n<\/p><\/div>\n<\/div>\n<p>Bosch tambi\u00e9n ampl\u00eda su gama de <a href=\"https:\/\/www.bosch-home.es\/electrodomesticos\/cocina\/hornos-vapor\">hornos de vapor<\/a> con dos nuevos modelos de su Serie 4. Estos <strong>cuentan con funciones de cocci\u00f3n por vapor a\u00f1adido<\/strong> y modos de calentamiento espec\u00edfico.<\/p>\n<p>En cuanto a <a href=\"https:\/\/www.bosch-home.es\/especiales\/tipos-de-campanas\/decorativas-integrables\">las campanas<\/a>, el fabricante lanza toda una nueva gama de campanas decorativas para hacer que su tecnolog\u00eda de extracci\u00f3n <strong>case con el dise\u00f1o de nuestra cocina<\/strong>. Seg\u00fan Bosch, su dise\u00f1o permite aprovechar al m\u00e1ximo el espacio y protege el mueble frente a grasa y diversos vapores con su visera de cristal. <\/p>\n<p>M\u00e1s informaci\u00f3n | <a href=\"https:\/\/www.bosch-home.es\/\">Bosch<\/a><\/p>\n<p><script>\n (function() {\n  window._JS_MODULES = window._JS_MODULES || {};\n  var headElement = document.getElementsByTagName('head')[0];\n  if (_JS_MODULES.instagram) {\n   var instagramScript = document.createElement('script');\n   instagramScript.src = 'https:\/\/platform.instagram.com\/en_US\/embeds.js';\n   instagramScript.async = true;\n   instagramScript.defer = true;\n   headElement.appendChild(instagramScript);\n  }\n })();\n<\/script><\/p>\n<p> &#8211; <br \/> La noticia<br \/>\n      <a href=\"https:\/\/www.xatakahome.com\/electrodomesticos-innovadores\/bosch-pretende-que-consumamos-su-nueva-linea-electrodomesticos-inteligentes-frigorificos-lavadoras-conectadas?utm_source=feedburner&amp;utm_medium=feed&amp;utm_campaign=05_Apr_2022\"><br \/>\n       <em> Bosch pretende que consumamos menos con su nueva l\u00ednea de electrodom\u00e9sticos inteligentes: frigor\u00edficos, lavadoras conectadas y m\u00e1s <\/em><br \/>\n      <\/a><br \/>\n      fue publicada originalmente en<br \/>\n      <a href=\"https:\/\/www.xatakahome.com\/?utm_source=feedburner&amp;utm_medium=feed&amp;utm_campaign=05_Apr_2022\"><br \/>\n       <strong> Xataka Smart Home <\/strong><br \/>\n      <\/a><br \/>\n            por <a href=\"https:\/\/www.xatakahome.com\/autor\/antonio-vallejo?utm_source=feedburner&amp;utm_medium=feed&amp;utm_campaign=05_Apr_2022\"><br \/>\n       Antonio Vallejo<br \/>\n      <\/a><br \/>\n      . <\/p>\n<div class=\"feedflare\">\n<a href=\"http:\/\/feeds.weblogssl.com\/~ff\/Xatakahome?a=veQ_0V0XH1Y:Ym5B-tOvvro:yIl2AUoC8zA\"><img decoding=\"async\" src=\"http:\/\/feeds.feedburner.com\/~ff\/Xatakahome?d=yIl2AUoC8zA\" border=\"0\"><\/a>\n<\/div>\n<\/div>\n","protected":false},"excerpt":{"rendered":"<p>Bosch ha presentado su nuevo cat\u00e1logo de electrodom\u00e9sticos para este a\u00f1o, presentando novedades tecnol\u00f3gicas dentro de su ecosistema inteligente. La firma ha anunciado tanto frigor\u00edficos y lavadoras, como secadoras, lavavajillas y hornos de vapor.<\/p>\n","protected":false},"author":1,"featured_media":0,"comment_status":"closed","ping_status":"closed","sticky":false,"template":"","format":"standard","meta":{"footnotes":""},"categories":[8],"tags":[],"class_list":["post-16213","post","type-post","status-publish","format-standard","hentry","category-xataka"],"_links":{"self":[{"href":"https:\/\/domosistemas.com\/index.php?rest_route=\/wp\/v2\/posts\/16213","targetHints":{"allow":["GET"]}}],"collection":[{"href":"https:\/\/domosistemas.com\/index.php?rest_route=\/wp\/v2\/posts"}],"about":[{"href":"https:\/\/domosistemas.com\/index.php?rest_route=\/wp\/v2\/types\/post"}],"author":[{"embeddable":true,"href":"https:\/\/domosistemas.com\/index.php?rest_route=\/wp\/v2\/users\/1"}],"replies":[{"embeddable":true,"href":"https:\/\/domosistemas.com\/index.php?rest_route=%2Fwp%2Fv2%2Fcomments&post=16213"}],"version-history":[{"count":0,"href":"https:\/\/domosistemas.com\/index.php?rest_route=\/wp\/v2\/posts\/16213\/revisions"}],"wp:attachment":[{"href":"https:\/\/domosistemas.com\/index.php?rest_route=%2Fwp%2Fv2%2Fmedia&parent=16213"}],"wp:term":[{"taxonomy":"category","embeddable":true,"href":"https:\/\/domosistemas.com\/index.php?rest_route=%2Fwp%2Fv2%2Fcategories&post=16213"},{"taxonomy":"post_tag","embeddable":true,"href":"https:\/\/domosistemas.com\/index.php?rest_route=%2Fwp%2Fv2%2Ftags&post=16213"}],"curies":[{"name":"wp","href":"https:\/\/api.w.org\/{rel}","templated":true}]}}