{"id":16361,"date":"2022-04-22T02:00:48","date_gmt":"2022-04-22T02:00:48","guid":{"rendered":"https:\/\/domosistemas.com\/?p=16361"},"modified":"2022-04-22T02:00:48","modified_gmt":"2022-04-22T02:00:48","slug":"integrated-systems-events-presenta-los-contenidos-de-la-feria-del-sector-audiovisual-ise-2022","status":"publish","type":"post","link":"https:\/\/domosistemas.com\/?p=16361","title":{"rendered":"Integrated Systems Events presenta los contenidos de la feria del sector audiovisual ISE 2022"},"content":{"rendered":"<div>\n<p>Mike Blackman, director ejecutivo de Integrated Systems Events, acompa\u00f1ado por Roger Bou, director de IOT Solutions World Congress (IOTSWC), particip\u00f3 el pasado jueves en una rueda de prensa en la que se desvelaron todos los detalles sobre <a href=\"https:\/\/www.iseurope.org\/\" target=\"_blank\" rel=\"noopener sponsored\">ISE<\/a> 2022, que se celebrar\u00e1 del 10 al 13 de mayo en Fira de Barcelona Gran V\u00eda. Entre otras cosas, ha dado a conocer el programa, el impacto de la feria en Barcelona, Catalu\u00f1a y Espa\u00f1a, as\u00ed como el crecimiento potencial para los pr\u00f3ximos a\u00f1os.<\/p>\n<figure id=\"attachment_106055\" aria-describedby=\"caption-attachment-106055\" style=\"width: 800px\" class=\"wp-caption aligncenter\"><img decoding=\"async\" loading=\"lazy\" class=\"size-full wp-image-106055\" src=\"https:\/\/static.casadomo.com\/media\/2022\/04\/ise-rueda-prensa-desvelar-detalles-programacion-mike.png\" alt=\"Mike Blackman, director ejecutivo de Integrated Systems Events.\" width=\"800\" height=\"513\" srcset=\"https:\/\/static.casadomo.com\/media\/2022\/04\/ise-rueda-prensa-desvelar-detalles-programacion-mike.png 800w, https:\/\/static.casadomo.com\/media\/2022\/04\/ise-rueda-prensa-desvelar-detalles-programacion-mike-300x192.png 300w, https:\/\/static.casadomo.com\/media\/2022\/04\/ise-rueda-prensa-desvelar-detalles-programacion-mike-768x492.png 768w, https:\/\/static.casadomo.com\/media\/2022\/04\/ise-rueda-prensa-desvelar-detalles-programacion-mike-180x115.png 180w\" sizes=\"auto, (max-width: 800px) 100vw, 800px\"><figcaption id=\"caption-attachment-106055\" class=\"wp-caption-text\">Mike Blackman, director ejecutivo de Integrated Systems Events, ha presentado todos los detalles de ISE 2022.<\/figcaption><\/figure>\n<p>Fabricantes y proveedores de servicios presentar\u00e1n en ISE 2022 las innovaciones de tecnolog\u00eda audiovisual profesional m\u00e1s recientes desarrolladas para los sectores del mercado comercial, centradas en el aprendizaje, eventos en vivo, mundo del espect\u00e1culo, retail, conferencias, colaboraci\u00f3n, seguridad o atenci\u00f3n m\u00e9dica; y del \u00e1mbito residencial, poniendo el foco en televisores de pantalla plana, altavoces de techo, proyectores, pantallas de proyecci\u00f3n, salas de cine, iluminaci\u00f3n o sistemas de seguridad.<\/p>\n<p>M\u00e1s de 800 exhibidores, distribuidos en seis zonas tecnol\u00f3gicas ubicadas en cinco pabellones del recinto Fira de Barcelona Gran V\u00eda, mostrar\u00e1n lo \u00faltimo en AV. Adem\u00e1s, se ofrecer\u00e1 la oportunidad de establecer contactos, tanto a los expositores como a los asistentes, y se facilitar\u00e1n oportunidades de desarrollo profesional a trav\u00e9s de programas de certificaci\u00f3n y aprendizaje a cargo de AVIXA y CEDIA, impartidos en el recinto ferial y en otras partes de la ciudad.<\/p>\n<p>Por su parte, el programa de conferencias, distribuidas durante cinco d\u00edas, abordar\u00e1 aspectos como tecnolog\u00eda para el retail, salas de control, eventos en directo, educaci\u00f3n o superyates. M\u00e1s de 150 referentes y expertos han confirmado ya su participaci\u00f3n.<\/p>\n<p>\u00abM\u00e1s del 20% de nuestros asistentes son usuarios finales de tecnolog\u00eda AV y representan desde un centro comercial hasta una universidad o una cadena de hospitales o, concretamente, cualquier entorno donde se precise tecnolog\u00eda de comunicaciones y pantallas AV profesional\u00bb, explica Blackman.<\/p>\n<p>En paralelo a ISE 2022, se celebrar\u00e1 IOT Solutions World Congress (<a href=\"https:\/\/www.casadomo.com\/2022\/01\/28\/ise-iotswc-colaboraran-ofrecer-ecosistema-transformacion-digital\">IOTSWC<\/a>) los d\u00edas 10 y 11 de mayo en el pabell\u00f3n 4 de Fira Gran V\u00eda, evento internacional dedicado a la transformaci\u00f3n de la industria a trav\u00e9s de tecnolog\u00edas disruptivas, en el que confluir\u00e1n expertos y empresas que trabajan en inteligencia artificial, gemelos digitales, IoT y computaci\u00f3n cu\u00e1ntica.<\/p>\n<p>\u00abCubrimos todos los aspectos del smart building, aplicaciones y soluciones del mercado audiovisual. Las empresas que se dedican a la transformaci\u00f3n digital de los edificios, est\u00e1n trabajando en tecnolog\u00edas para la adaptaci\u00f3n al nuevo entorno de trabajo\u00bb, comenta Blackman.<\/p>\n<h2>Contenidos destacados de ISE 2022<\/h2>\n<p><a href=\"https:\/\/www.casadomo.com\/2021\/10\/26\/mike-blackman-integrated-systems-events-managing-director\">Mike Blackman<\/a> ha anunciado que el discurso principal de inauguraci\u00f3n de ISE 2022 el 10 de mayo, titulado \u2018Explorando el patrimonio del ma\u00f1ana\u2019, estar\u00e1 dirigido por Refik Anadol, artista de medios de comunicaci\u00f3n especializado en est\u00e9tica de los datos e inteligencia artificial. Tambi\u00e9n tendr\u00e1 lugar un acontecimiento especial en la fachada de la Casa Batll\u00f3 en la tarde del 7 de mayo, fruto de la colaboraci\u00f3n entre Anadol, OFFF Barcelona e ISE 2022.<\/p>\n<figure id=\"attachment_106054\" aria-describedby=\"caption-attachment-106054\" style=\"width: 500px\" class=\"wp-caption aligncenter\"><img decoding=\"async\" loading=\"lazy\" class=\"size-full wp-image-106054\" src=\"https:\/\/static.casadomo.com\/media\/2022\/04\/ise-rueda-prensa-desvelar-detalles-programacion.png\" alt=\"Casa Batll\u00f3\" width=\"500\" height=\"550\" srcset=\"https:\/\/static.casadomo.com\/media\/2022\/04\/ise-rueda-prensa-desvelar-detalles-programacion.png 500w, https:\/\/static.casadomo.com\/media\/2022\/04\/ise-rueda-prensa-desvelar-detalles-programacion-273x300.png 273w, https:\/\/static.casadomo.com\/media\/2022\/04\/ise-rueda-prensa-desvelar-detalles-programacion-180x198.png 180w\" sizes=\"auto, (max-width: 500px) 100vw, 500px\"><figcaption id=\"caption-attachment-106054\" class=\"wp-caption-text\">La Casa Batll\u00f3 ser\u00e1 uno de los espacios donde ISE realizar\u00e1 un evento especial.<\/figcaption><\/figure>\n<p>Por su parte, Alan Greenberg, director ejecutivo y cofundador de Illuminarium, impartir\u00e1 la sesi\u00f3n \u2018Entretenimiento inmersivo de pr\u00f3xima generaci\u00f3n\u2019 el 11 de mayo a las 18 horas.<\/p>\n<p>Asimismo, la feria contar\u00e1 con una experiencia de arte inmersivo. La colaboraci\u00f3n entre la organizaci\u00f3n del evento y la empresa Exhibition Hub ha permitido la creaci\u00f3n de una instalaci\u00f3n art\u00edstica de realidad virtual de 650 metros cuadrados situada en Fira Gran V\u00eda.<\/p>\n<p>Adem\u00e1s, cada noche del 9 al 11 de mayo, a partir de las 21 horas, tendr\u00e1 lugar en la Plaza de Espa\u00f1a de Barcelona el espect\u00e1culo de proyecci\u00f3n inmersiva \u2018I RISE\u2019, que explorar\u00e1 temas como la esperanza, la regeneraci\u00f3n y la renovaci\u00f3n.<\/p>\n<h2>Previsiones de crecimiento de la industria AV<\/h2>\n<p>De acuerdo con el informe IOTA de AVIXA, se prev\u00e9 un crecimiento de la industria audiovisual que alcanzar\u00e1 los 302.000 millones de euros en 2026, con tasas de crecimiento promedio de 7,2% de TCAC. De cara a ese mismo a\u00f1o, se espera que los ingresos procedentes de la tecnolog\u00eda AV profesional en Espa\u00f1a aumenten en un 6,2%.<\/p>\n<p>En este contexto, se calcula que ISE crecer\u00e1 desde 800 expositores en 2022 a 1.775 en 2026, lo que se reflejar\u00e1 en un aumento de la superficie \u00fatil neta de los 42.000 metros cuadrados actuales hasta m\u00e1s de 77.000 metros cuadrados en 2026.<\/p>\n<p>\u00abEl \u00e9xito de ISE repercute en los negocios locales, creando puestos de trabajo, fomentando la financiaci\u00f3n, creando asociaciones y proporcionando una plataforma internacional para la inversi\u00f3n interna y el desarrollo\u00bb, asegur\u00f3 Blackman. De hecho, seg\u00fan datos de UFI, para 2023 ISE contribuir\u00e1 con 250-300 millones de euros a la econom\u00eda local de Barcelona, increment\u00e1ndose hasta los 500 millones en 2026.<\/p>\n<p>La entrada <a rel=\"nofollow\" href=\"https:\/\/www.casadomo.com\/2022\/04\/22\/integrated-systems-events-presenta-contenidos-feria-sector-audiovisual-ise-2022\">Integrated Systems Events presenta los contenidos de la feria del sector audiovisual ISE 2022<\/a> aparece primero en <a rel=\"nofollow\" href=\"https:\/\/www.casadomo.com\/\">CASADOMO<\/a>.<\/p>\n<\/div>\n","protected":false},"excerpt":{"rendered":"<p>Mike Blackman, director ejecutivo de Integrated Systems Events, acompa\u00f1ado por Roger Bou, director de IOT Solutions World Congress (IOTSWC), particip\u00f3 el pasado jueves en una rueda de prensa en la que se desvelaron todos los detalles sobre ISE 2022, que se celebrar\u00e1 del 10 al 13 de mayo en Fira de Barcelona Gran V\u00eda. Entre &hellip; <a href=\"https:\/\/domosistemas.com\/?p=16361\" class=\"more-link\">Sigue leyendo <span class=\"screen-reader-text\">Integrated Systems Events presenta los contenidos de la feria del sector audiovisual ISE 2022<\/span><\/a><\/p>\n","protected":false},"author":1,"featured_media":0,"comment_status":"closed","ping_status":"closed","sticky":false,"template":"","format":"standard","meta":{"footnotes":""},"categories":[3],"tags":[],"class_list":["post-16361","post","type-post","status-publish","format-standard","hentry","category-casadomo-com"],"_links":{"self":[{"href":"https:\/\/domosistemas.com\/index.php?rest_route=\/wp\/v2\/posts\/16361","targetHints":{"allow":["GET"]}}],"collection":[{"href":"https:\/\/domosistemas.com\/index.php?rest_route=\/wp\/v2\/posts"}],"about":[{"href":"https:\/\/domosistemas.com\/index.php?rest_route=\/wp\/v2\/types\/post"}],"author":[{"embeddable":true,"href":"https:\/\/domosistemas.com\/index.php?rest_route=\/wp\/v2\/users\/1"}],"replies":[{"embeddable":true,"href":"https:\/\/domosistemas.com\/index.php?rest_route=%2Fwp%2Fv2%2Fcomments&post=16361"}],"version-history":[{"count":0,"href":"https:\/\/domosistemas.com\/index.php?rest_route=\/wp\/v2\/posts\/16361\/revisions"}],"wp:attachment":[{"href":"https:\/\/domosistemas.com\/index.php?rest_route=%2Fwp%2Fv2%2Fmedia&parent=16361"}],"wp:term":[{"taxonomy":"category","embeddable":true,"href":"https:\/\/domosistemas.com\/index.php?rest_route=%2Fwp%2Fv2%2Fcategories&post=16361"},{"taxonomy":"post_tag","embeddable":true,"href":"https:\/\/domosistemas.com\/index.php?rest_route=%2Fwp%2Fv2%2Ftags&post=16361"}],"curies":[{"name":"wp","href":"https:\/\/api.w.org\/{rel}","templated":true}]}}