{"id":16385,"date":"2022-04-25T14:03:28","date_gmt":"2022-04-25T14:03:28","guid":{"rendered":"https:\/\/domosistemas.com\/?p=16385"},"modified":"2022-04-25T14:03:28","modified_gmt":"2022-04-25T14:03:28","slug":"frigorificos-para-ahorrar-en-la-factura-de-la-luz-estos-modelos-son-los-mas-eficientes-de-entre-los-mas-vendidos-del-mercado","status":"publish","type":"post","link":"https:\/\/domosistemas.com\/?p=16385","title":{"rendered":"Frigor\u00edficos para ahorrar en la factura de la luz: estos modelos son los m\u00e1s eficientes de entre los m\u00e1s vendidos del mercado"},"content":{"rendered":"<div>\n<p>\n      <img decoding=\"async\" src=\"https:\/\/i.blogs.es\/268bd5\/frigo\/1024_2000.jpeg\" alt=\"Frigor\u00edficos para ahorrar en la factura de la luz: estos modelos son los m\u00e1s eficientes de entre los m\u00e1s vendidos del mercado\">\n    <\/p>\n<\/p>\n<p>Con una factura de la luz que escala puestos en el d\u00eda a d\u00eda con topes que cada d\u00eda nos sorprenden menos, es interesante controlar los electrodom\u00e9sticos de casa e intentar, si es que nos hace falta, <strong>hacernos con modelos que resulten eficientes energ\u00e9ticamente<\/strong>.<\/p>\n<p><!-- BREAK 1 --><\/p>\n<p>Uno de los elementos de casa que m\u00e1s susceptible resulta a la factura de la luz es el <a href=\"https:\/\/www.xatakahome.com\/electrodomesticos-innovadores\/consumo-electrico-frigorificos-cuanto-gastan-como-podemos-ahorrar-uso-diario\">frigor\u00edfico o nevera<\/a>. Est\u00e1 <strong>funcionando 24 horas al d\u00eda todos los d\u00edas de la semana<\/strong> y por regla general, los 365 d\u00edas del a\u00f1o. Por eso es interesante encontrar uno con una buena relaci\u00f3n entre consumo y rendimiento. Algo en lo vamos a intentar ayudar con este art\u00edculo.<!--more--><\/p>\n<h2>Buscando el m\u00e1ximo ahorro<\/h2>\n<\/p>\n<div class=\"article-asset-image article-asset-normal\">\n<div class=\"asset-content\">\n<div class=\"base-wrapper-image\" style=\"padding-top:66.666666666667%;\">\n<p>  <img decoding=\"async\" alt=\"Frigorifico\" class=\"centro_sinmarco\" src=\"https:\/\/i.blogs.es\/85f846\/frigorifico\/450_1000.jpg\"><\/p><\/div>\n<\/p><\/div>\n<\/div>\n<p>Ni la tele, lavadora, lavavajillas&#8230; el frigor\u00edfico es ese aparato que tenemos todos en casa y que <strong>est\u00e1 funcionando las 24 horas del d\u00eda todos los d\u00edas del a\u00f1o<\/strong>. Por eso es interesante hacerse con uno que, <a href=\"https:\/\/www.xatakahome.com\/electrodomesticos-innovadores\/que-hay-que-mirar-para-comprar-frigorifico-asegurarnos-que-tenga-tecnologias-proximos-anos\">junto a todas las mejoras tecnol\u00f3gicas<\/a>, sea tambi\u00e9n un modelo eficiente.<\/p>\n<p>Un frigor\u00edfico no es un electrodom\u00e9stico que suela gastar en exceso y raramente tienen una potencia que supere los 300 W, pero la clave es que est\u00e1n siempre en funcionamiento. Y en este sentido se ven afectados por factores varios como la <strong>temperatura externa, un mal aislamiento o si los abrimos con mucha frecuencia<\/strong> (de hecho algunos modelos ya cuentan con puertas transparentes) y dejando la puerta de par en par demasiado tiempo.<\/p>\n<p><!-- BREAK 2 --><\/p>\n<div class=\"article-asset article-asset-normal article-asset-center\">\n<div class=\"desvio-container\">\n<div class=\"desvio\">\n<div class=\"desvio-figure js-desvio-figure\">\n    <a href=\"https:\/\/www.xatakahome.com\/electrodomesticos-innovadores\/que-hay-que-mirar-para-comprar-frigorifico-asegurarnos-que-tenga-tecnologias-proximos-anos\"><br \/>\n     <img decoding=\"async\" alt=\"Qu\u00e9 hay que mirar para comprar un frigor\u00edfico y asegurarnos de que tenga las tecnolog\u00edas de los pr\u00f3ximos a\u00f1os\" src=\"https:\/\/i.blogs.es\/0865b3\/frigorifico\/375_142.jpeg\"><br \/>\n    <\/a>\n   <\/div>\n<div class=\"desvio-summary\">\n<div class=\"desvio-taxonomy js-desvio-taxonomy\">\n     <a href=\"https:\/\/www.xatakahome.com\/electrodomesticos-innovadores\/que-hay-que-mirar-para-comprar-frigorifico-asegurarnos-que-tenga-tecnologias-proximos-anos\" class=\"desvio-taxonomy-anchor\">En Xataka Smart Home<\/a>\n    <\/div>\n<p>    <a href=\"https:\/\/www.xatakahome.com\/electrodomesticos-innovadores\/que-hay-que-mirar-para-comprar-frigorifico-asegurarnos-que-tenga-tecnologias-proximos-anos\" class=\"desvio-title js-desvio-title\">Qu\u00e9 hay que mirar para comprar un frigor\u00edfico y asegurarnos de que tenga las tecnolog\u00edas de los pr\u00f3ximos a\u00f1os<\/a>\n   <\/div>\n<\/p><\/div>\n<\/p><\/div>\n<\/div>\n<p>Con un nuevo <a href=\"https:\/\/www.xatakahome.com\/iluminacion-y-energia\/asi-nuevas-etiquetas-eficiencia-energetica-escala-exigente-codigos-qr-diferencian-sdr-hdr-teles\">etiquetado energ\u00e9tico<\/a>, junto a las <a href=\"https:\/\/www.xatakahome.com\/electrodomesticos-innovadores\/cuatro-sencillos-efectivos-trucos-para-rebajar-gasto-electrico-tu-frigorifico\">medidas que optimizan el uso de la nevera<\/a> (organizaci\u00f3n interna, orden de los alimentos&#8230;), a la hora de comprar un frigor\u00edfico es interesante buscar un modelo que ofrezca <strong>soluciones que lo hagan eficiente energ\u00e9ticamente<\/strong>.<\/p>\n<p>Hablar de eficiencia energ\u00e9tica es referirse a la capacidad de un dispositivo de alcanzar un <strong>mejor rendimiento con un menor consumo de energ\u00eda<\/strong>, lo que se traduce en un menor gasto en la factura, en este caso de la luz. Y en la nevera, dado su funcionamiento continuo, un funcionamiento optimizado se puede notar y de qu\u00e9 manera, en nuestro bolsillo.<\/p>\n<p><!-- BREAK 3 --><\/p>\n<div class=\"article-asset-image article-asset-normal\">\n<div class=\"asset-content\">\n<div class=\"base-wrapper-image\" style=\"padding-top:68.594436310395%;\">\n<p>  <img decoding=\"async\" alt=\"Etiquetas\" class=\"centro_sinmarco\" src=\"https:\/\/i.blogs.es\/db7040\/etiquetas\/450_1000.jpeg\"><\/p><\/div>\n<\/p><\/div>\n<\/div>\n<p>Una eficiencia que <strong>beneficia a nuestros bolsillos pero tambi\u00e9n al medio ambiente<\/strong>, pues menos consumo requiere que sea necesaria una menor producci\u00f3n de electricidad (por el medio que sea). Se trata de aparatos que son eficientes por un lado y sostenibles por otro.<\/p>\n<p><!-- BREAK 4 --><\/p>\n<p>El m\u00e9todo m\u00e1s sencillo para encontrar un frigor\u00edfico eficiente es <strong>fijarnos en la etiqueta que acompa\u00f1a cada modelo<\/strong>. Un etiquetado renovado que en Europa ha entrado en vigor a partir de 2021 y que mantiene los colores (verde, amarillo, naranja y rojo, de m\u00e1s a menos eficiente) y en el que lo que cambian son las letras. <\/p>\n<p><!-- BREAK 5 --><\/p>\n<p><strong>Los aparatos menos eficientes tienen ahora la calificaci\u00f3n G<\/strong>, y los m\u00e1s eficientes se califican como A. <a href=\"https:\/\/www.xatakahome.com\/iluminacion-y-energia\/nuevas-etiquetas-eficiencia-energetica-obligatorias-muchas-tiendas-todavia-no-utilizan\">Si a\u00fan ves etiquetas<\/a> con las clases A+, A++ y A+++, estas son ya antiguas y tienden a desaparecer. Por lo tanto, si buscas un modelo eficiente debes hacerte con uno de clase A.<\/p>\n<h2>Cinco neveras eficientes<\/h2>\n<\/p>\n<div class=\"article-asset-image article-asset-normal\">\n<div class=\"asset-content\">\n<div class=\"base-wrapper-image\" style=\"padding-top:66.793168880455%;\">\n<p>  <img decoding=\"async\" alt=\"Nevera\" class=\"centro_sinmarco\" src=\"https:\/\/i.blogs.es\/aa9eda\/captura-de-pantalla-2022-04-25-a-las-11.08.27\/450_1000.png\"><\/p><\/div>\n<\/p><\/div>\n<\/div>\n<p>Podemos <strong>buscar los modelos m\u00e1s eficientes del mercado atendiendo al etiquetado<\/strong> y eso es lo que han intentado hacer en la OCU (Organizaci\u00f3n de Consumidores y Usuarios), donde h<a href=\"https:\/\/www.ocu.org\/electrodomesticos\/frigorificos\/noticias\/frigorificos-ahorradores\">an analizado los 34 modelos m\u00e1s vendidos en Espa\u00f1a<\/a>, de menos de 550 euros y tipo combi. <\/p>\n<p>El objetivo de la comparativa es determinar <strong>cuales de estos modelo son los m\u00e1s eficientes energ\u00e9ticamente<\/strong> y atendiendo a los resultados, encontraron diferencias de hasta un 33% en el consumo el\u00e9ctrico. Con todos estos datos, estos son algunos de los modelos m\u00e1s eficientes del mercado.<\/p>\n<p><!-- BREAK 6 --><\/p>\n<h3>Frigor\u00edfico combi Balay 3KFE362WI<\/h3>\n<\/p>\n<div class=\"article-asset-image article-asset-normal\">\n<div class=\"asset-content\">\n<div class=\"base-wrapper-image\" style=\"padding-top:59.56917978459%;\">\n<p>  <img decoding=\"async\" alt=\"Balay\" class=\"centro_sinmarco\" src=\"https:\/\/i.blogs.es\/012a07\/balay\/450_1000.jpeg\"><\/p><\/div>\n<\/p><\/div>\n<\/div>\n<p>El frigor\u00edfico m\u00e1s eficiente de entre los m\u00e1s vendidos por menos de 550 euros es este de Balay. Un modelo que <strong>llega con un etiquetado energ\u00e9tico E<\/strong> y que cuenta con una capacidad bruta de 193 litros en la secci\u00f3n de la nevera y otros 89 litros en la parte de congelador.<\/p>\n<p><!-- BREAK 7 --><\/p>\n<p><strong>Un frigor\u00edfico No Frost que ofrece un nivel de ruido de 42 dB<\/strong> con un consumo el\u00e9ctrico anual estimado es de 237 kWh\/a\u00f1o y que destaca por la facilidad con la que se puede limpiar y la buena iluminaci\u00f3n de sus compartimentos internos.<\/p>\n<p><!-- BREAK 8 --><\/p>\n<p><!-- PIVOT START -->\n<\/p>\n<div class=\"pivot-ecommerce-container\">\n<div class=\"pivot-ecommerce\">\n<div class=\"pivot-ecommerce-figure\">\n   <img decoding=\"async\" alt=\"Frigor\u00edfico Combi BALAY 3KFE362WI (No Frost - 176 cm - 282 L - Blanco)\" src=\"https:\/\/i.blogs.es\/4c0dad\/captura-de-pantalla-2022-04-25-a-las-10.35.10\/original.png\">\n  <\/div>\n<div class=\"pivot-ecommerce-summary\">\n<p class=\"pivot-ecommerce-desc\">Frigor\u00edfico Combi BALAY 3KFE362WI (No Frost &#8211; 176 cm &#8211; 282 L &#8211; Blanco)<\/p>\n<div class=\"pivot-actions js-pivot-actions\">\n<div class=\"pivot-actions-row\">\n <a rel=\"nofollow noopener\" target=\"_blank\" data-asin=\"\" data-store=\"Worten\" href=\"https:\/\/www.xatakahome.com\/redirect?url=https%3A%2F%2Fwww.worten.es%2Fproductos%2Felectrodomesticos%2Ffrigorificos%2Fcombis%2Ffrigorifico-combi-balay-3kfe362wi-no-frost-176-cm-282-l-blanco-7376412%3Fgclsrc%3Daw.ds%26%26gclid%3DCjwKCAjwjZmTBhB4EiwAynRmD03yLFcdApDXeM3puTrssV71seEADjjn_PfAnbyZqA8szpNgZEvacBoCcocQAvD_BwE&amp;category=iluminacion-y-energia&amp;pivot=1\" title=\"Precio de venta al p\u00fablico a fecha de publicaci\u00f3n\" class=\"pivot-action-primary js-pivot-action\">PVP en Worten 399,99\u20ac<\/a>\n<\/div>\n<div class=\"pivot-actions-row\">\n   <a rel=\"nofollow noopener\" target=\"_blank\" data-asin=\"\" data-store=\"El Corte Ingl\u00e9s\" href=\"https:\/\/www.xatakahome.com\/redirect?url=https%3A%2F%2Fwww.elcorteingles.es%2Felectrodomesticos%2FA38843750-frigorifico-combi-balay-3kfe362wi-no-frost%2F&amp;category=iluminacion-y-energia&amp;pivot=1\" title=\"Precio de venta al p\u00fablico a fecha de publicaci\u00f3n\" class=\"pivot-action-secondary js-pivot-action\">PVP en El Corte Ingl\u00e9s 529\u20ac<\/a>\n <\/div>\n<\/p><\/div>\n<\/p><\/div>\n<\/p><\/div>\n<\/div>\n<p><!-- PIVOT END --><\/p>\n<h3>Frigor\u00edfico combi LG GBP31SWLZN<\/h3>\n<\/p>\n<div class=\"article-asset-image article-asset-normal\">\n<div class=\"asset-content\">\n<div class=\"base-wrapper-image\" style=\"padding-top:73.620862587763%;\">\n<p>  <img decoding=\"async\" alt=\"LG GBP31SWLZN\" class=\"centro_sinmarco\" src=\"https:\/\/i.blogs.es\/01b90e\/captura-de-pantalla-2022-04-25-a-las-11.06.55\/450_1000.png\"><\/p><\/div>\n<\/p><\/div>\n<\/div>\n<p>Este otro modelo es un frigor\u00edfico tipo combi firmado por LG. Tiene un volumen total de <strong>374 litros repartidos entre 247 litros en el refrigerador y 127 litros en el congelador<\/strong>.<\/p>\n<p><!-- BREAK 9 --><\/p>\n<p>Seg\u00fan la OCU y la comparativa realizada, este modelo destaca por su bajo consumo y ajustado precio, as\u00ed como por sus capacidades de congelaci\u00f3n y refrigeraci\u00f3n. Ofrece un <strong>nivel de ruido de 36 dB<\/strong>, un consumo el\u00e9ctrico de 256 KW\/a\u00f1o y sistema de iluminaci\u00f3n basado en luces LED, de bajo consumo.<\/p>\n<p><!-- BREAK 10 --><\/p>\n<p><!-- PIVOT START -->\n<\/p>\n<div class=\"pivot-ecommerce-container\">\n<div class=\"pivot-ecommerce\">\n<div class=\"pivot-ecommerce-figure\">\n   <img decoding=\"async\" alt=\"Frigor\u00edfico combi - LG GBP31SWLZN, 374 l, 186 cm, DOORCooling, NatureFRESH, LINEARCooling, Blanco\" src=\"https:\/\/i.blogs.es\/e8feb1\/captura-de-pantalla-2022-04-25-a-las-10.44.44\/original.png\">\n  <\/div>\n<div class=\"pivot-ecommerce-summary\">\n<p class=\"pivot-ecommerce-desc\">Frigor\u00edfico combi &#8211; LG GBP31SWLZN, 374 l, 186 cm, DOORCooling, NatureFRESH, LINEARCooling, Blanco<\/p>\n<div class=\"pivot-actions js-pivot-actions\">\n<div class=\"pivot-actions-row\">\n <a rel=\"nofollow noopener\" target=\"_blank\" data-asin=\"\" data-store=\"MediaMarkt\" href=\"https:\/\/www.xatakahome.com\/redirect?url=https%3A%2F%2Fwww.mediamarkt.es%2Fes%2Fproduct%2F_frigor%25C3%25ADfico-combi-lg-gbp31swlzn-374-l-186-cm-doorcooling-naturefresh-linearcooling-inox-1467362.html&amp;category=iluminacion-y-energia&amp;pivot=1\" title=\"Precio de venta al p\u00fablico a fecha de publicaci\u00f3n\" class=\"pivot-action-primary js-pivot-action\">PVP en MediaMarkt 478,50\u20ac<\/a>\n<\/div>\n<div class=\"pivot-actions-row\">\n   <a rel=\"nofollow noopener\" target=\"_blank\" data-asin=\"\" data-store=\"Carrefour\" href=\"https:\/\/www.xatakahome.com\/redirect?url=https%3A%2F%2Fwww.carrefour.es%2Fcombi-lg-gbp31swlzn%2F8806098466214%2Fp&amp;category=iluminacion-y-energia&amp;pivot=1\" title=\"Precio de venta al p\u00fablico a fecha de publicaci\u00f3n\" class=\"pivot-action-secondary js-pivot-action\">PVP en Carrefour 533,98\u20ac<\/a><br \/>\n   <a rel=\"nofollow noopener\" target=\"_blank\" data-asin=\"\" data-store=\"Mi Electro\" href=\"https:\/\/www.xatakahome.com\/redirect?url=https%3A%2F%2Fwww.mielectro.es%2Flg-frigorifico-combi-lg-gbp31swlzn-clase-e-186cm-nofrost-doorcooling-fresh-zone-blanco-3434071%2F&amp;category=iluminacion-y-energia&amp;pivot=1\" title=\"Precio de venta al p\u00fablico a fecha de publicaci\u00f3n\" class=\"pivot-action-secondary js-pivot-action\">PVP en Mi Electro 559\u20ac<\/a>\n <\/div>\n<\/p><\/div>\n<\/p><\/div>\n<\/p><\/div>\n<\/div>\n<p><!-- PIVOT END --><\/p>\n<h3>Frigor\u00edfico Combi Haier 3D 60 Series 3 HTR3619ENPW<\/h3>\n<\/p>\n<div class=\"article-asset-image article-asset-normal\">\n<div class=\"asset-content\">\n<div class=\"base-wrapper-image\" style=\"padding-top:66.617862371889%;\">\n<p>  <img decoding=\"async\" alt=\"Haier\" class=\"centro_sinmarco\" src=\"https:\/\/i.blogs.es\/f67860\/haier\/450_1000.jpeg\"><\/p><\/div>\n<\/p><\/div>\n<\/div>\n<p>Este combi de Haier tambi\u00e9n cuenta con etiqueta energ\u00e9tica \u00abE\u00bb. <strong>Ofrece un nivel sonoro de 37 dB<\/strong> y caj\u00f3n flexible que permite elegir la funci\u00f3n y la temperatura correcta (entre -2\u00baC y +3\u00baC)<\/p>\n<p><!-- BREAK 11 --><\/p>\n<p>Adem\u00e1s incluye luces LED, motor inverter y un sistema de congelador dividido en cajones que permite una mejor visibilidad del contenido, <strong>facilita el acceso a los alimentos<\/strong> y evita la dispersi\u00f3n del aire fr\u00edo.<\/p>\n<p><!-- BREAK 12 --><\/p>\n<p><!-- PIVOT START -->\n<\/p>\n<div class=\"pivot-ecommerce-container\">\n<div class=\"pivot-ecommerce\">\n<div class=\"pivot-ecommerce-figure\">\n   <img decoding=\"async\" alt=\"Haier 3D 60 Series 3 HTR3619ENPW - Frigor\u00edfico Combi, Cajones Direct Access en el Congelador, Motor Inverter, My Zone, Total No Frost, Ancho 60cm, 348L, Iluminaci\u00f3n LED, Clase E, Blanco\" src=\"https:\/\/m.media-amazon.com\/images\/I\/21tQjI+q1tL._SL500_.jpg\">\n  <\/div>\n<div class=\"pivot-ecommerce-summary\">\n<p class=\"pivot-ecommerce-desc\">Haier 3D 60 Series 3 HTR3619ENPW &#8211; Frigor\u00edfico Combi, Cajones Direct Access en el Congelador, Motor Inverter, My Zone, Total No Frost, Ancho 60cm, 348L, Iluminaci\u00f3n LED, Clase E, Blanco<\/p>\n<div class=\"pivot-actions js-pivot-actions\">\n<div class=\"pivot-actions-row\">\n <a rel=\"nofollow noopener\" target=\"_blank\" data-asin=\"\" data-store=\"MediaMarkt\" href=\"https:\/\/www.xatakahome.com\/redirect?url=https%3A%2F%2Fwww.mediamarkt.es%2Fes%2Fproduct%2F_frigor%25C3%25ADfico-combi-haier-htr3619enpw-348-l-no-frost-inverter-190-cm-led-interior-my-zone-blanco-1499678.html%3Fds_rl%3D1280902%26ds_rl%3D1280902%26gclid%3DCjwKCAjwjZmTBhB4EiwAynRmD_6h_3Cibd5hhTB9g9aBEtV0Fj_o8gnHU2yYldqM2Ceukh3ewLb_wxoCdRkQAvD_BwE%26gclsrc%3Daw.ds%26utm_campaign%3DMM_ES_SEARCH_GOOGLE_CATEGORIES_PLA_PLA-SMART_PROMO_ALL_ALL%26utm_medium%3Dcpc%26utm_source%3Dgoogle&amp;category=iluminacion-y-energia&amp;pivot=1\" title=\"Precio de venta al p\u00fablico a fecha de publicaci\u00f3n\" class=\"pivot-action-primary js-pivot-action\">PVP en MediaMarkt 536,35\u20ac<\/a>\n<\/div>\n<div class=\"pivot-actions-row\">\n   <a rel=\"nofollow noopener\" target=\"_blank\" data-asin=\"B08M9P5V75\" data-store=\"Amazon\" href=\"https:\/\/www.xatakahome.com\/redirect?url=https%3A%2F%2Fwww.amazon.es%2Fdp%2FB08M9P5V75&amp;category=iluminacion-y-energia&amp;pivot=1\" title=\"Precio actualizado hoy\" class=\"pivot-action-secondary js-pivot-action\">Hoy en Amazon por 570,25\u20ac<\/a><br \/>\n   <a rel=\"nofollow noopener\" target=\"_blank\" data-asin=\"\" data-store=\"Leroy Merlin\" href=\"https:\/\/www.xatakahome.com\/redirect?url=https%3A%2F%2Fwww.leroymerlin.es%2Ffp%2F89154126%2Ffrigorifico-combi-haier-htr3619enpw-348-litros-clase-f%3Fkeyword%3D%26ds_kid%3D92700070209850683%26ds_ag%3DCategor%25C3%25ADa%2B-%2Bcocina%26ds_c%3DLM_Empoderar_AO_SmartShopping_Cocina_Generica_Google_Conversion_OMD%26source%3Dgoogle%26adtype%3D%26gclid%3DCjwKCAjwjZmTBhB4EiwAynRmDxg4Qe7MDjh3uK41QeKK-xkaYuUeLECwuLIRh0040h3oU7SU23MMMRoC3QwQAvD_BwE%26gclsrc%3Daw.ds&amp;category=iluminacion-y-energia&amp;pivot=1\" title=\"Precio de venta al p\u00fablico a fecha de publicaci\u00f3n\" class=\"pivot-action-secondary js-pivot-action\">PVP en Leroy Merlin 597\u20ac<\/a>\n <\/div>\n<\/p><\/div>\n<\/p><\/div>\n<\/p><\/div>\n<\/div>\n<p><!-- PIVOT END --><\/p>\n<h3>Frigor\u00edfico Combi Bosch No Frost Kgn33Nwea<\/h3>\n<\/p>\n<div class=\"article-asset-image article-asset-normal\">\n<div class=\"asset-content\">\n<div class=\"base-wrapper-image\" style=\"padding-top:88.235294117647%;\">\n<p>  <img decoding=\"async\" alt=\"Bosch\" class=\"centro_sinmarco\" src=\"https:\/\/i.blogs.es\/eef78d\/bosch\/450_1000.jpg\"><\/p><\/div>\n<\/p><\/div>\n<\/div>\n<p>Este modelo llega de la mano de Bosch y cuenta con <strong>certificaci\u00f3n energ\u00e9tica A++<\/strong>. Tiene una altura menor que los anteriores, qued\u00e1ndose en 176 cm de altura. Adem\u00e1s ofrece una capacidad de 192 litros en el frigor\u00edfico y 87 litros en el congelador.<\/p>\n<p><!-- BREAK 13 --><\/p>\n<p>Del resto de prestaciones destaca un nivel de ruido de 42 dB, un consumo el\u00e9ctrico de 228 KW\/a\u00f1o y tiene un <strong>caj\u00f3n especial XXL para verduras y frutas<\/strong>.<\/p>\n<p><!-- BREAK 14 --><\/p>\n<p><!-- PIVOT START -->\n<\/p>\n<div class=\"pivot-ecommerce-container\">\n<div class=\"pivot-ecommerce\">\n<div class=\"pivot-ecommerce-figure\">\n   <img decoding=\"async\" alt=\"BOSCH Frigo Combi No Frost Kgn33Nwea, 1760 X 600 Mm, Cla. A++\" src=\"https:\/\/m.media-amazon.com\/images\/I\/21u5dSvF50L._SL500_.jpg\">\n  <\/div>\n<div class=\"pivot-ecommerce-summary\">\n<p class=\"pivot-ecommerce-desc\">BOSCH Frigo Combi No Frost Kgn33Nwea, 1760 X 600 Mm, Cla. A++<\/p>\n<div class=\"pivot-actions js-pivot-actions\">\n<div class=\"pivot-actions-row\">\n <a rel=\"nofollow noopener\" target=\"_blank\" data-asin=\"\" data-store=\"Mi Electro\" href=\"https:\/\/www.xatakahome.com\/redirect?url=https%3A%2F%2Fwww.mielectro.es%2Ffrigorifico-combi-bosch-kgn33nwea-4929071%2F%3Fgclid%3DCjwKCAjwjZmTBhB4EiwAynRmD3uP5f7K5yMvaVBlk3iDh7K5Bp80bpmi-7E0e5NQ1RX1JQaGd04aphoCXs4QAvD_BwE&amp;category=iluminacion-y-energia&amp;pivot=1\" title=\"Precio de venta al p\u00fablico a fecha de publicaci\u00f3n\" class=\"pivot-action-primary js-pivot-action\">PVP en Mi Electro 479\u20ac<\/a>\n<\/div>\n<div class=\"pivot-actions-row\">\n   <a rel=\"nofollow noopener\" target=\"_blank\" data-asin=\"B086CTPB6L\" data-store=\"Amazon\" href=\"https:\/\/www.xatakahome.com\/redirect?url=https%3A%2F%2Fwww.amazon.es%2Fdp%2FB086CTPB6L&amp;category=iluminacion-y-energia&amp;pivot=1\" title=\"Precio actualizado hoy\" class=\"pivot-action-secondary js-pivot-action\">Hoy en Amazon por 511,16\u20ac<\/a>\n <\/div>\n<\/p><\/div>\n<\/p><\/div>\n<\/p><\/div>\n<\/div>\n<p><!-- PIVOT END --><\/p>\n<h3>Frigor\u00edfico Samsung BESPOKE RB38A7B6AS9\/EF<\/h3>\n<\/p>\n<div class=\"article-asset-image article-asset-normal\">\n<div class=\"asset-content\">\n<div class=\"base-wrapper-image\" style=\"padding-top:75%;\">\n<p>  <img decoding=\"async\" alt=\"Bespoke Rb38a7b6as9 Ef\" class=\"centro_sinmarco\" src=\"https:\/\/i.blogs.es\/6b79f8\/bespoke-rb38a7b6as9-ef\/450_1000.jpeg\"><\/p><\/div>\n<\/p><\/div>\n<\/div>\n<p>El modelo m\u00e1s top viene firmado por Samsung y se engloba en la familia BESPOKE. <strong>Es el modelo de m\u00e1s tama\u00f1o<\/strong>, pues supera por poco los dos metros de altura. La capacidad total es de 276 litros de capacidad en el refrigerador, 114 litros en el congelador.<\/p>\n<p><!-- BREAK 15 --><\/p>\n<p>Este modelo <strong>ofrece un consumo reducido con 108 kWh\/a\u00f1o<\/strong>, ofrece la etiqueta energ\u00e9tica \u00abB\u00bb e incluye tecnolog\u00edas como Twin Cooling Plus que evita la mezcla de olores y mantiene un \u00f3ptimo nivel de humedad o Metal Cooling que enfr\u00eda de forma uniforme.<\/p>\n<p><!-- BREAK 16 --><\/p>\n<p><!-- PIVOT START -->\n<\/p>\n<div class=\"pivot-ecommerce-container\">\n<div class=\"pivot-ecommerce\">\n<div class=\"pivot-ecommerce-figure\">\n   <img decoding=\"async\" alt=\"Frigor\u00edfico combi - Samsung Bespoke RB38A7B6AS9, 387 l, No Frost, 203 cm, Twin Cooling Plus\u2122, SpaceMax\u2122, Inox\" src=\"https:\/\/i.blogs.es\/e46d7c\/captura-de-pantalla-2022-04-25-a-las-10.56.57\/original.png\">\n  <\/div>\n<div class=\"pivot-ecommerce-summary\">\n<p class=\"pivot-ecommerce-desc\">Frigor\u00edfico combi &#8211; Samsung Bespoke RB38A7B6AS9, 387 l, No Frost, 203 cm, Twin Cooling Plus\u2122, SpaceMax\u2122, Inox<\/p>\n<div class=\"pivot-actions js-pivot-actions\">\n<div class=\"pivot-actions-row\">\n <a rel=\"nofollow noopener\" target=\"_blank\" data-asin=\"\" data-store=\"Mi Electro\" href=\"https:\/\/www.xatakahome.com\/redirect?url=https%3A%2F%2Fwww.mielectro.es%2Ffrigorifico-samsung-rb38a7b6bs9ef-bespoke-8846071%2F&amp;category=iluminacion-y-energia&amp;pivot=1\" title=\"Precio de venta al p\u00fablico a fecha de publicaci\u00f3n\" class=\"pivot-action-primary js-pivot-action\">PVP en Mi Electro 1.179\u20ac<\/a>\n<\/div>\n<div class=\"pivot-actions-row\">\n   <a rel=\"nofollow noopener\" target=\"_blank\" data-asin=\"\" data-store=\"MediaMarkt\" href=\"https:\/\/www.xatakahome.com\/redirect?url=https%3A%2F%2Fwww.mediamarkt.es%2Fes%2Fproduct%2F_frigor%25C3%25ADfico-combi-samsung-bespoke-rb38a7b6as9-387-l-no-frost-203-cm-twin-cooling-plus%25E2%2584%25A2-spacemax%25E2%2584%25A2-inox-1505506.html&amp;category=iluminacion-y-energia&amp;pivot=1\" title=\"Precio de venta al p\u00fablico a fecha de publicaci\u00f3n\" class=\"pivot-action-secondary js-pivot-action\">PVP en MediaMarkt 1.238,83\u20ac<\/a><br \/>\n   <a rel=\"nofollow noopener\" target=\"_blank\" data-asin=\"\" data-store=\"Samsung\" href=\"https:\/\/www.xatakahome.com\/redirect?url=https%3A%2F%2Fwww.samsung.com%2Fes%2Frefrigerators%2Fbespoke-refrigerators%2Frb7300t-390l-silver-rb38a7b6as9-ef%2F%3Fcid%3Des_pd_ppc_google_Frigor%25EDficos_ongoing_Fr%25EDoSmart_pla_Shopping_hot_all&amp;category=iluminacion-y-energia&amp;pivot=1\" title=\"Precio de venta al p\u00fablico a fecha de publicaci\u00f3n\" class=\"pivot-action-secondary js-pivot-action\">PVP en Samsung 1.430\u20ac<\/a><br \/>\n   <a rel=\"nofollow noopener\" target=\"_blank\" data-asin=\"\" data-store=\"El Corte Ingl\u00e9s\" href=\"https:\/\/www.xatakahome.com\/redirect?url=https%3A%2F%2Fwww.elcorteingles.es%2Felectrodomesticos%2FA39471696-frigorifico-combi-samsung-bespoke-rb38a7b6as9ef-no-frost%2F%3Fcolor%3DInox&amp;category=iluminacion-y-energia&amp;pivot=1\" title=\"Precio de venta al p\u00fablico a fecha de publicaci\u00f3n\" class=\"pivot-action-secondary js-pivot-action\">PVP en El Corte Ingl\u00e9s 1.649\u20ac<\/a>\n <\/div>\n<\/p><\/div>\n<\/p><\/div>\n<\/p><\/div>\n<\/div>\n<p><!-- PIVOT END --><\/p>\n<h2>M\u00e1s ofertas<\/h2>\n<p>Si tras todo esto nuestra secci\u00f3n de los viernes se te queda corta, puedes estar al d\u00eda y en cada momento informado de las principales ofertas y novedades de Xataka Selecci\u00f3n en nuestro canal de <a href=\"https:\/\/t.me\/xatakaseleccion\">Telegram<\/a> o en nuestros perfiles de <a href=\"https:\/\/twitter.com\/xatakaseleccion\">Twitter<\/a>, <a href=\"https:\/\/www.facebook.com\/XatakaSeleccion\/\">Facebook<\/a> y la revista <a href=\"https:\/\/flipboard.com\/@xataka\/cazando-gangas-4tsdshjjz\">Flipboard<\/a>. Puedes echar un vistazo tambi\u00e9n a los cazando gangas de <a href=\"https:\/\/www.xatakamovil.com\/tag\/cazando-gangas\">Xataka M\u00f3vil<\/a>, <a href=\"https:\/\/www.xatakandroid.com\/tag\/cazando-gangas\">Xataka Android<\/a>, <a href=\"https:\/\/www.xatakafoto.com\/tag\/cazando-gangas\">Xataka Foto<\/a>, <a href=\"https:\/\/www.vidaextra.com\/tag\/cazando-gangas\">Vida Extra<\/a>, <a href=\"https:\/\/www.espinof.com\/tag\/cazando-gangas\">Espinof<\/a> y <a href=\"https:\/\/www.applesfera.com\/tag\/cazando-gangas-applesfera\">Applesfera<\/a>, as\u00ed como con nuestros compa\u00f1eros de <a href=\"https:\/\/www.compradiccion.com\/\">Compradicci\u00f3n<\/a>. Puedes ver todas las gangas que publican en <a href=\"http:\/\/twitter.com\/compradiccion_\">Twitter<\/a> y <a href=\"https:\/\/www.facebook.com\/Compradiccion\/\">Facebook<\/a>, e incluso suscribirte a sus avisos v\u00eda <a href=\"http:\/\/telegram.me\/compradiccion\">Telegram<\/a>.<\/p>\n<\/p>\n<div class=\"actualizacion\">\n<div class=\"actualizacion-inner\">\n  ota: algunos de los enlaces aqu\u00ed publicados son de afiliados. A pesar de ello, ninguno de los art\u00edculos mencionados han sido propuestos ni por las marcas ni por las tiendas, siendo su introducci\u00f3n una decisi\u00f3n \u00fanica del equipo de editores\n <\/div>\n<\/div>\n<p><script>\n (function() {\n  window._JS_MODULES = window._JS_MODULES || {};\n  var headElement = document.getElementsByTagName('head')[0];\n  if (_JS_MODULES.instagram) {\n   var instagramScript = document.createElement('script');\n   instagramScript.src = 'https:\/\/platform.instagram.com\/en_US\/embeds.js';\n   instagramScript.async = true;\n   instagramScript.defer = true;\n   headElement.appendChild(instagramScript);\n  }\n })();\n<\/script><\/p>\n<p> &#8211; <br \/> La noticia<br \/>\n      <a href=\"https:\/\/www.xatakahome.com\/iluminacion-y-energia\/frigorificos-para-ahorrar-factura-luz-estos-modelos-eficientes-vendidos-mercado?utm_source=feedburner&amp;utm_medium=feed&amp;utm_campaign=25_Apr_2022\"><br \/>\n       <em> Frigor\u00edficos para ahorrar en la factura de la luz: estos modelos son los m\u00e1s eficientes de entre los m\u00e1s vendidos del mercado <\/em><br \/>\n      <\/a><br \/>\n      fue publicada originalmente en<br \/>\n      <a href=\"https:\/\/www.xatakahome.com\/?utm_source=feedburner&amp;utm_medium=feed&amp;utm_campaign=25_Apr_2022\"><br \/>\n       <strong> Xataka Smart Home <\/strong><br \/>\n      <\/a><br \/>\n            por <a href=\"https:\/\/www.xatakahome.com\/autor\/jose-antonio-carmona?utm_source=feedburner&amp;utm_medium=feed&amp;utm_campaign=25_Apr_2022\"><br \/>\n       Jose Antonio Carmona<br \/>\n      <\/a><br \/>\n      . <\/p>\n<div class=\"feedflare\">\n<a href=\"http:\/\/feeds.weblogssl.com\/~ff\/Xatakahome?a=MiormD_8K04:5MCgdpUR_LI:yIl2AUoC8zA\"><img decoding=\"async\" src=\"http:\/\/feeds.feedburner.com\/~ff\/Xatakahome?d=yIl2AUoC8zA\" border=\"0\"><\/a>\n<\/div>\n<\/div>\n","protected":false},"excerpt":{"rendered":"<p>Con una factura de la luz que escala puestos en el d\u00eda a d\u00eda con topes que cada d\u00eda nos sorprenden menos, es interesante controlar los electrodom\u00e9sticos de casa e intentar, si es que nos hace falta, hacernos con modelos que resulten eficientes energ\u00e9ticamente. Uno de los elementos de casa que m\u00e1s susceptible resulta a &hellip; <a href=\"https:\/\/domosistemas.com\/?p=16385\" class=\"more-link\">Sigue leyendo <span class=\"screen-reader-text\">Frigor\u00edficos para ahorrar en la factura de la luz: estos modelos son los m\u00e1s eficientes de entre los m\u00e1s vendidos del mercado<\/span><\/a><\/p>\n","protected":false},"author":1,"featured_media":0,"comment_status":"closed","ping_status":"closed","sticky":false,"template":"","format":"standard","meta":{"footnotes":""},"categories":[8],"tags":[],"class_list":["post-16385","post","type-post","status-publish","format-standard","hentry","category-xataka"],"_links":{"self":[{"href":"https:\/\/domosistemas.com\/index.php?rest_route=\/wp\/v2\/posts\/16385","targetHints":{"allow":["GET"]}}],"collection":[{"href":"https:\/\/domosistemas.com\/index.php?rest_route=\/wp\/v2\/posts"}],"about":[{"href":"https:\/\/domosistemas.com\/index.php?rest_route=\/wp\/v2\/types\/post"}],"author":[{"embeddable":true,"href":"https:\/\/domosistemas.com\/index.php?rest_route=\/wp\/v2\/users\/1"}],"replies":[{"embeddable":true,"href":"https:\/\/domosistemas.com\/index.php?rest_route=%2Fwp%2Fv2%2Fcomments&post=16385"}],"version-history":[{"count":0,"href":"https:\/\/domosistemas.com\/index.php?rest_route=\/wp\/v2\/posts\/16385\/revisions"}],"wp:attachment":[{"href":"https:\/\/domosistemas.com\/index.php?rest_route=%2Fwp%2Fv2%2Fmedia&parent=16385"}],"wp:term":[{"taxonomy":"category","embeddable":true,"href":"https:\/\/domosistemas.com\/index.php?rest_route=%2Fwp%2Fv2%2Fcategories&post=16385"},{"taxonomy":"post_tag","embeddable":true,"href":"https:\/\/domosistemas.com\/index.php?rest_route=%2Fwp%2Fv2%2Ftags&post=16385"}],"curies":[{"name":"wp","href":"https:\/\/api.w.org\/{rel}","templated":true}]}}