{"id":16417,"date":"2022-04-28T12:03:19","date_gmt":"2022-04-28T12:03:19","guid":{"rendered":"https:\/\/domosistemas.com\/?p=16417"},"modified":"2022-04-28T12:03:19","modified_gmt":"2022-04-28T12:03:19","slug":"la-carga-inalambrica-a-traves-del-aire-esta-mas-cerca-que-nunca-esto-es-todo-lo-que-sabemos-sobre-como-funcionara","status":"publish","type":"post","link":"https:\/\/domosistemas.com\/?p=16417","title":{"rendered":"La carga inal\u00e1mbrica a trav\u00e9s del aire est\u00e1 m\u00e1s cerca que nunca. Esto es todo lo que sabemos sobre c\u00f3mo funcionar\u00e1"},"content":{"rendered":"<div>\n<p>\n      <img decoding=\"async\" src=\"https:\/\/i.blogs.es\/f2c0e5\/screenshot-2022-04-27-141319\/1024_2000.jpg\" alt=\"La carga inal\u00e1mbrica a trav\u00e9s del aire est\u00e1 m\u00e1s cerca que nunca. Esto es todo lo que sabemos sobre c\u00f3mo funcionar\u00e1\">\n    <\/p>\n<\/p>\n<p>Los hogares se van llenando cada vez de m\u00e1s y m\u00e1s dispositivos inteligentes y productos tecnol\u00f3gicos, lo que hace que nuestras paredes y suelos se llenen de cables. <strong>La idea de un hogar inteligente sin cables va poco a poco tomando forma<\/strong>, y Belkin tendr\u00eda la soluci\u00f3n para ello, la cual llegar\u00eda este mismo a\u00f1o. <!--more--><\/p>\n<p>La compa\u00f1\u00eda ha dado pinceladas de informaci\u00f3n acerca de la tecnolog\u00eda de <a href=\"https:\/\/www.xataka.com\/moviles\/la-carga-inalambrica-en-smartphones-asi-funciona-y-estos-son-los-estandares\">carga inal\u00e1mbrica<\/a> para el hogar que est\u00e1 preparando, <strong>permitiendo la carga de dispositivos inteligentes sin necesidad de cables<\/strong> ni de permanecer en ninguna superficie. Belkin ha comenzado a trabajar con la empresa <a href=\"https:\/\/www.wi-charge.com\/technology\">Wi-Charge<\/a> para lanzar productos que ofrezcan compatibilidad con la tecnolog\u00eda que provee esta compa\u00f1\u00eda. <\/p>\n<h2>Carga inal\u00e1mbrica por aire a trav\u00e9s de infrarrojos<\/h2>\n<p>Desde Wi-Charge aseguran que su tecnolog\u00eda <strong>es capaz de transferir hasta 1W de potencia a trav\u00e9s de rayos infrarrojos<\/strong> hacia dispositivos que se encuentren en un rango m\u00e1ximo de 12 metros. Si bien esto no parece mucho, s\u00ed ser\u00eda una buena alternativa inal\u00e1mbrica para aquellos dispositivos inteligentes del hogar que no consuman demasiado. <\/p>\n<p><!-- BREAK 1 --><\/p>\n<div class=\"article-asset-image article-asset-normal\">\n<div class=\"asset-content\">\n<div class=\"base-wrapper-image\" style=\"padding-top:56.263498920086%;\">\n<p>  <img decoding=\"async\" alt=\"Wireless\" class=\"centro_sinmarco\" src=\"https:\/\/i.blogs.es\/9ea5a3\/wireless\/450_1000.jpg\"><\/p><\/div>\n<\/p><\/div>\n<\/div>\n<p>Actualmente, el ejemplo m\u00e1s cercano que tenemos es la carga inal\u00e1mbrica de nuestros tel\u00e9fonos m\u00f3viles, la cual utiliza una base que, al estar en contacto con el tel\u00e9fono, le transfiere energ\u00eda a trav\u00e9s del campo magn\u00e9tico generado. <strong>En el caso de Belkin hablamos de tecnolog\u00eda over-the-air<\/strong>, algo que ya vimos hace un tiempo en fabricantes como Xiaomi con su <a href=\"https:\/\/www.xataka.com\/moviles\/xiaomi-presenta-mi-air-charge-su-tecnologia-carga-inalambrica-a-distancia-asegura-poder-cargar-varios-dispositivos-a-vez\">Mi Air Charge<\/a>. <\/p>\n<\/p>\n<div class=\"article-asset article-asset-normal article-asset-center\">\n<div class=\"desvio-container\">\n<div class=\"desvio\">\n<div class=\"desvio-figure js-desvio-figure\">\n    <a href=\"https:\/\/www.xataka.com\/seleccion\/que-cargador-inalambrico-comprar-para-cargar-mi-movil-estandares-velocidad-carga-modelos-destacados\" target='\"_blank\"' rel=\"noopener\"><br \/>\n     <img decoding=\"async\" alt=\"Qu\u00e9 cargador inal\u00e1mbrico comprar para cargar mi tel\u00e9fono m\u00f3vil: est\u00e1ndares, velocidad de carga y modelos destacados\" src=\"https:\/\/i.blogs.es\/c7498f\/cargador-\/375_142.jpg\"><br \/>\n    <\/a>\n   <\/div>\n<div class=\"desvio-summary\">\n<div class=\"desvio-taxonomy js-desvio-taxonomy\">\n     <a href=\"https:\/\/www.xataka.com\/seleccion\/que-cargador-inalambrico-comprar-para-cargar-mi-movil-estandares-velocidad-carga-modelos-destacados\" class=\"desvio-taxonomy-anchor m-crosspost\" target='\"_blank\"' rel=\"noopener\">En Xataka<\/a>\n    <\/div>\n<p>    <a href=\"https:\/\/www.xataka.com\/seleccion\/que-cargador-inalambrico-comprar-para-cargar-mi-movil-estandares-velocidad-carga-modelos-destacados\" class=\"desvio-title js-desvio-title\" target='\"_blank\"' rel=\"noopener\">Qu\u00e9 cargador inal\u00e1mbrico comprar para cargar mi tel\u00e9fono m\u00f3vil: est\u00e1ndares, velocidad de carga y modelos destacados<\/a>\n   <\/div>\n<\/p><\/div>\n<\/p><\/div>\n<\/div>\n<p>Belkin ya <strong>prepara una serie de productos y accesorios para hacer compatible esta carga inal\u00e1mbrica<\/strong>, pero a\u00fan no ha especificado cu\u00e1les de sus dispositivos incluir\u00e1n esta tecnolog\u00eda. Estas han sido las declaraciones de Brian Van Harlingen, CTO de Belkin:<\/p>\n<p><!-- BREAK 2 --><\/p>\n<blockquote>\n<p>\u00abEl futuro de la carga se encuentra en transici\u00f3n de cableada a inal\u00e1mbrica desde hace a\u00f1os, y nos anticipamos a la tecnolog\u00eda de carga inal\u00e1mbrica por aire, la cual acelerar\u00e1 esta evoluci\u00f3n\u00bb. <\/p>\n<\/blockquote>\n<p>Esta tecnolog\u00eda puede beneficiar la carga de dispositivos tales como altavoces inteligentes, tel\u00e9fonos m\u00f3viles, smartwatches, o incluso cepillos de dientes, todo de manera inal\u00e1mbrica. Para ello, <strong>los dispositivos se conectar\u00edan v\u00eda infrarrojos al transmisor que proporciona Wi-Charge<\/strong>, un peque\u00f1o dispositivo que ir\u00eda conectado a un enchufe y que se encargar\u00eda de cargar los dispositivos. <\/p>\n<p><!-- BREAK 3 --><\/p>\n<div class=\"article-asset-video article-asset-normal\">\n<div class=\"asset-content\">\n<div class=\"base-asset-video\">\n<div class=\"js-dailymotion\">\n    <script type=\"application\/json\">\n           {\"videoId\":\"x8a7t48\",\"autoplay\":true,\"title\":\"C\u00d3MO FUNCIONA LA CARGA INAL\u00c1MBRICA\", \"tag\":\"\"}\n         <\/script>\n   <\/div>\n<\/p><\/div>\n<\/p><\/div>\n<\/div>\n<p>V\u00eda | <a href=\"https:\/\/arstechnica.com\/gadgets\/2022\/04\/belkin-to-release-cable-free-wireless-charging-tech-this-year\/\">Ars Technica<\/a><\/p>\n<p><script>\n (function() {\n  window._JS_MODULES = window._JS_MODULES || {};\n  var headElement = document.getElementsByTagName('head')[0];\n  if (_JS_MODULES.instagram) {\n   var instagramScript = document.createElement('script');\n   instagramScript.src = 'https:\/\/platform.instagram.com\/en_US\/embeds.js';\n   instagramScript.async = true;\n   instagramScript.defer = true;\n   headElement.appendChild(instagramScript);\n  }\n })();\n<\/script><\/p>\n<p> &#8211; <br \/> La noticia<br \/>\n      <a href=\"https:\/\/www.xatakahome.com\/iluminacion-y-energia\/carga-inalambrica-a-traves-aire-esta-cerca-que-nunca-esto-todo-que-sabemos-como-funcionara?utm_source=feedburner&amp;utm_medium=feed&amp;utm_campaign=28_Apr_2022\"><br \/>\n       <em> La carga inal\u00e1mbrica a trav\u00e9s del aire est\u00e1 m\u00e1s cerca que nunca. Esto es todo lo que sabemos sobre c\u00f3mo funcionar\u00e1 <\/em><br \/>\n      <\/a><br \/>\n      fue publicada originalmente en<br \/>\n      <a href=\"https:\/\/www.xatakahome.com\/?utm_source=feedburner&amp;utm_medium=feed&amp;utm_campaign=28_Apr_2022\"><br \/>\n       <strong> Xataka Smart Home <\/strong><br \/>\n      <\/a><br \/>\n            por <a href=\"https:\/\/www.xatakahome.com\/autor\/antonio-vallejo?utm_source=feedburner&amp;utm_medium=feed&amp;utm_campaign=28_Apr_2022\"><br \/>\n       Antonio Vallejo<br \/>\n      <\/a><br \/>\n      . <\/p>\n<div class=\"feedflare\">\n<a href=\"http:\/\/feeds.weblogssl.com\/~ff\/Xatakahome?a=yc8CJdgcgn0:0WDZjLlRzAY:yIl2AUoC8zA\"><img decoding=\"async\" src=\"http:\/\/feeds.feedburner.com\/~ff\/Xatakahome?d=yIl2AUoC8zA\" border=\"0\"><\/a>\n<\/div>\n<\/div>\n","protected":false},"excerpt":{"rendered":"<p>Los hogares se van llenando cada vez de m\u00e1s y m\u00e1s dispositivos inteligentes y productos tecnol\u00f3gicos, lo que hace que nuestras paredes y suelos se llenen de cables. La idea de un hogar inteligente sin cables va poco a poco tomando forma, y Belkin tendr\u00eda la soluci\u00f3n para ello, la cual llegar\u00eda este mismo a\u00f1o.<\/p>\n","protected":false},"author":1,"featured_media":0,"comment_status":"closed","ping_status":"closed","sticky":false,"template":"","format":"standard","meta":{"footnotes":""},"categories":[8],"tags":[],"class_list":["post-16417","post","type-post","status-publish","format-standard","hentry","category-xataka"],"_links":{"self":[{"href":"https:\/\/domosistemas.com\/index.php?rest_route=\/wp\/v2\/posts\/16417","targetHints":{"allow":["GET"]}}],"collection":[{"href":"https:\/\/domosistemas.com\/index.php?rest_route=\/wp\/v2\/posts"}],"about":[{"href":"https:\/\/domosistemas.com\/index.php?rest_route=\/wp\/v2\/types\/post"}],"author":[{"embeddable":true,"href":"https:\/\/domosistemas.com\/index.php?rest_route=\/wp\/v2\/users\/1"}],"replies":[{"embeddable":true,"href":"https:\/\/domosistemas.com\/index.php?rest_route=%2Fwp%2Fv2%2Fcomments&post=16417"}],"version-history":[{"count":0,"href":"https:\/\/domosistemas.com\/index.php?rest_route=\/wp\/v2\/posts\/16417\/revisions"}],"wp:attachment":[{"href":"https:\/\/domosistemas.com\/index.php?rest_route=%2Fwp%2Fv2%2Fmedia&parent=16417"}],"wp:term":[{"taxonomy":"category","embeddable":true,"href":"https:\/\/domosistemas.com\/index.php?rest_route=%2Fwp%2Fv2%2Fcategories&post=16417"},{"taxonomy":"post_tag","embeddable":true,"href":"https:\/\/domosistemas.com\/index.php?rest_route=%2Fwp%2Fv2%2Ftags&post=16417"}],"curies":[{"name":"wp","href":"https:\/\/api.w.org\/{rel}","templated":true}]}}