{"id":16464,"date":"2022-05-04T11:22:43","date_gmt":"2022-05-04T11:22:43","guid":{"rendered":"https:\/\/domosistemas.com\/?p=16464"},"modified":"2022-05-04T11:22:43","modified_gmt":"2022-05-04T11:22:43","slug":"europa-quiere-un-cargador-unico-pese-a-quien-pese-el-usb-tipo-c-para-dominarlos-a-todos-ya-esta-un-poco-mas-cerca","status":"publish","type":"post","link":"https:\/\/domosistemas.com\/?p=16464","title":{"rendered":"Europa quiere un cargador \u00fanico pese a qui\u00e9n pese: el USB Tipo C para dominarlos a todos ya est\u00e1 un poco m\u00e1s cerca"},"content":{"rendered":"<div>\n<p>\n      <img decoding=\"async\" src=\"https:\/\/i.blogs.es\/920e65\/usb-c\/1024_2000.jpeg\" alt=\"Europa quiere un cargador \u00fanico pese a qui\u00e9n pese: el USB Tipo C para dominarlos a todos ya est\u00e1 un poco m\u00e1s cerca\">\n    <\/p>\n<p>\nSeguro que has lidiado alguna vez con la incomodidad de tener que cargar con cargadores de todo tipo a la hora de movernos o ir de viaje. MicroUSB, <a href=\"https:\/\/www.xataka.com\/basics\/usb-type-c-que-exactamente-que-se-diferencia-resto\">USB Tipo C<\/a>&#8230; en resumen <a href=\"https:\/\/www.xatakahome.com\/curiosidades\/usb-4-0-thunderbolt-4-repasamos-diferencias-similitudes-dos-estandares-conexion-actuales\">conexiones de todo tipo<\/a> y lo cierto es que muchos <strong>esperamos la estandarizaci\u00f3n de los sistemas de carga<\/strong>. Y ahora parece que <a href=\"https:\/\/www.xataka.com\/accesorios\/puerto-usb-c-para-dominarlos-a-todos-union-europa-aprueba-propuesta-para-cargador-unico-entrara-vigor-2024\">el Parlamento Europeo est\u00e1 dispuesto a lograrlo<\/a>.<\/p>\n<p>Tras muchas idas y venidas, ahora parece que madura la idea que all\u00e1 por 2009 comenz\u00f3 a creer en la Comisi\u00f3n Europea con el \u00e1nimo de establecer el <a href=\"https:\/\/www.xataka.com\/moviles\/microusb-sera-el-unico-con-el-que-cargaremos-nuestros-moviles\">MicroUSB c\u00f3mo la conexi\u00f3n \u00fanica<\/a> para cargar nuestros m\u00f3viles. M\u00e1s de una d\u00e9cada de por medio en la que poco o nada se ha movido y que ahora ver llegar un nuevo movimiento por parte del Parlamento Europeo para <strong>lograr el m\u00edtico cargador \u00fanico con el<\/strong> <a href=\"https:\/\/www.xataka.com\/perifericos\/conector-usb-c-empieza-a-conquistar-mundo-fin\">USB Tipo C<\/a> como arma.<!--more--><\/p>\n<h2>USB para controlarlos a todos<\/h2>\n<\/p>\n<div class=\"article-asset-image article-asset-normal\">\n<div class=\"asset-content\">\n<div class=\"base-wrapper-image\" style=\"padding-top:62.737920937042%;\">\n<p>  <img decoding=\"async\" alt=\"Usb C\" class=\"centro_sinmarco\" src=\"https:\/\/i.blogs.es\/edf48a\/usb-c\/450_1000.jpeg\"><\/p><\/div>\n<\/p><\/div>\n<\/div>\n<p>Lo que parece ya casi tan m\u00edtico como un unicornio; <strong>un cargador \u00fanico que evite tener que llevar cables y cargadores de todo tipo<\/strong>, tiene un nuevo impulso. M\u00e1s comodidad para los usuarios, que no tendr\u00e1n que cargar y comprar cargadores (ya no se suelen incluir) y de paso m\u00e1s mimo al medio ambiente al reducir la basura electr\u00f3nica.<\/p>\n<p><!-- BREAK 1 --><\/p>\n<div class=\"article-asset-image article-asset-normal\">\n<div class=\"asset-content\">\n<div class=\"caption-img \">\n<div class=\"base-wrapper-image\" style=\"padding-top:52.5%;\">\n<p>  <img decoding=\"async\" alt=\"Conexiones\" class=\"centro_sinmarco\" src=\"https:\/\/i.blogs.es\/d50cbe\/conexiones\/450_1000.jpeg\"><\/p><\/div>\n<p>         <span>Imaginad que tenemos que llevar algunos de estos cables&#8230; y cargadores<\/span>\n   <\/div>\n<\/p><\/div>\n<\/div>\n<p><a href=\"https:\/\/www.xataka.com\/moviles\/30-puertos-carga-para-moviles-2009-a-solo-uno-comision-europea-insiste-puerto-universal\">En 2014 vimos un primer movimiento<\/a> intentando estandarizar ese cargador \u00fanico. Era el paso posterior al intento de 2009 de acordar esa posibilidad gracias a las conversaciones establecidas con diversos fabricantes. Pero <strong>hasta ese 2014 poco o nada hab\u00eda cambiado<\/strong>.<\/p>\n<p>Fue a principios de 2020 cuando el Parlamento Europeo vot\u00f3 a favor de \u00abimponer un \u00fanico conector para poder recargar nuestros dispositivos m\u00f3viles\u00bb. <strong>Era s\u00f3lo el principio<\/strong>. Luego tuvo que seguirse el proceso normal de la elefanti\u00e1sica burocracia europea. <\/p>\n<p><!-- BREAK 2 --><\/p>\n<div class=\"article-asset article-asset-normal article-asset-center\">\n<div class=\"desvio-container\">\n<div class=\"desvio\">\n<div class=\"desvio-figure js-desvio-figure\">\n    <a href=\"https:\/\/www.xataka.com\/perifericos\/guia-basica-para-no-volverse-loco-estandar-usb-formatos-colores-velocidades-especificaciones\" target='\"_blank\"' rel=\"noopener\"><br \/>\n     <img decoding=\"async\" alt=\"Gu\u00eda b\u00e1sica para no volverse loco con el est\u00e1ndar USB: formatos, colores, velocidades y especificaciones\" src=\"https:\/\/i.blogs.es\/6b8afe\/usb1\/375_142.jpg\"><br \/>\n    <\/a>\n   <\/div>\n<div class=\"desvio-summary\">\n<div class=\"desvio-taxonomy js-desvio-taxonomy\">\n     <a href=\"https:\/\/www.xataka.com\/perifericos\/guia-basica-para-no-volverse-loco-estandar-usb-formatos-colores-velocidades-especificaciones\" class=\"desvio-taxonomy-anchor m-crosspost\" target='\"_blank\"' rel=\"noopener\">En Xataka<\/a>\n    <\/div>\n<p>    <a href=\"https:\/\/www.xataka.com\/perifericos\/guia-basica-para-no-volverse-loco-estandar-usb-formatos-colores-velocidades-especificaciones\" class=\"desvio-title js-desvio-title\" target='\"_blank\"' rel=\"noopener\">Gu\u00eda b\u00e1sica para no volverse loco con el est\u00e1ndar USB: formatos, colores, velocidades y especificaciones<\/a>\n   <\/div>\n<\/p><\/div>\n<\/p><\/div>\n<\/div>\n<p><strong>Primero el visto bueno del Parlamento<\/strong>, algo que debi\u00f3 traducir la Comisi\u00f3n Europea al crear una legislaci\u00f3n para convertir el cargador universal en algo obligatorio. En <a href=\"https:\/\/www.xataka.com\/legislacion-y-derechos\/comision-europa-propondra-legislacion-para-tener-puerto-carga-unico-septiembre-reuters\">septiembre de 2020<\/a> y con la norma la redactada, volv\u00eda a escena la Comisi\u00f3n Europea, que impuls\u00f3 la legislaci\u00f3n con el objetivo de que la nueva ley fuera una realidad a mediados de 2024. Y el fruto es que ya hay una propuesta de ley.<\/p>\n<h2>Un camino largo por recorrer todav\u00eda<\/h2>\n<\/p>\n<div class=\"article-asset-image article-asset-normal\">\n<div class=\"asset-content\">\n<div class=\"base-wrapper-image\" style=\"padding-top:50%;\">\n<p>  <img decoding=\"async\" alt=\"Usb C\" class=\"centro_sinmarco\" src=\"https:\/\/i.blogs.es\/52a06d\/usb-c\/450_1000.jpeg\"><\/p><\/div>\n<\/p><\/div>\n<\/div>\n<p>La propuesta de ley viene a <strong>apostar por el est\u00e1ndar USB Tipo C como puerto com\u00fan<\/strong> y que se use esta conexi\u00f3n en todos los dispositivos electr\u00f3nicos. No se refiere s\u00f3lo a m\u00f3viles, tabletas, videoconsolas port\u00e1tiles&#8230; sino que entran casi todos los productos que queramos imaginar como altavoces, auriculares, l\u00e1mparas, c\u00e1maras de seguridad&#8230;<\/p>\n<p><!-- BREAK 3 --><\/p>\n<p>Con la propuesta de ley sobre la mesa, llega la hora de las enmiendas y <strong>la Comisi\u00f3n lo ha aprobado sin realizar ning\u00fan tipo de modificaci\u00f3n<\/strong> al texto original. Queda por ver como se plasma en un texto final que seguro va a levantar las quejas de algunos fabricantes. A Apple por ejemplo, <a href=\"https:\/\/www.applesfera.com\/iphone\/ue-propone-oficialmente-ley-que-forzaria-a-apple-a-usar-conexiones-usb-c-iphone\">no le ha sentado bien el cambio<\/a>.<\/p>\n<\/p>\n<div class=\"article-asset article-asset-normal article-asset-center\">\n<div class=\"desvio-container\">\n<div class=\"desvio\">\n<div class=\"desvio-figure js-desvio-figure\">\n    <a href=\"https:\/\/www.xatakahome.com\/curiosidades\/usb-4-0-thunderbolt-4-repasamos-diferencias-similitudes-dos-estandares-conexion-actuales\"><br \/>\n     <img decoding=\"async\" alt=\"USB 4.0 y Thunderbolt 4: diferencias y similitudes entre las dos conexiones m\u00e1s actuales\" src=\"https:\/\/i.blogs.es\/51f00f\/usb\/375_142.jpeg\"><br \/>\n    <\/a>\n   <\/div>\n<div class=\"desvio-summary\">\n<div class=\"desvio-taxonomy js-desvio-taxonomy\">\n     <a href=\"https:\/\/www.xatakahome.com\/curiosidades\/usb-4-0-thunderbolt-4-repasamos-diferencias-similitudes-dos-estandares-conexion-actuales\" class=\"desvio-taxonomy-anchor\">En Xataka Smart Home<\/a>\n    <\/div>\n<p>    <a href=\"https:\/\/www.xatakahome.com\/curiosidades\/usb-4-0-thunderbolt-4-repasamos-diferencias-similitudes-dos-estandares-conexion-actuales\" class=\"desvio-title js-desvio-title\">USB 4.0 y Thunderbolt 4: diferencias y similitudes entre las dos conexiones m\u00e1s actuales<\/a>\n   <\/div>\n<\/p><\/div>\n<\/p><\/div>\n<\/div>\n<p>Se espera que un texto final se presente a finales de 2022 y <strong>que la norma definitiva sea aprobada a principios de 2023<\/strong> por el Parlamento y el Consejo de Europa tras una fase que puede durar entre 8 y 12 meses. Este lapso de tiempo ser\u00e1 fundamental para pulir flecos y establecer los detalles finales sobre c\u00f3mo ser\u00e1 esta ley. <\/p>\n<p><!-- BREAK 4 --><\/p>\n<p>Con 2023 ya en el horizonte como momento de aprobaci\u00f3n de la normativa, se abre un plazo de dos a\u00f1os para que entre en acci\u00f3n,  de forma que <strong>nos ir\u00edamos hasta 2025 para la entrada en vigor<\/strong> de este Reglamento.<\/p>\n<p><!-- BREAK 5 --><\/p>\n<div class=\"article-asset-video article-asset-normal\">\n<div class=\"asset-content\">\n<div class=\"base-asset-video\">\n<div class=\"js-dailymotion\">\n    <script type=\"application\/json\">\n           {\"videoId\":\"x825h5v\",\"autoplay\":true,\"title\":\"FANG\u00d8: EL CARGADOR que MAREA A FACEBOOK, AMAZON, NETFLIX Y GOOGLE para CUIDAR TU PRIVACIDAD\", \"tag\":\"\"}\n         <\/script>\n   <\/div>\n<\/p><\/div>\n<\/p><\/div>\n<\/div>\n<p>Ser\u00e1 <strong>a partir de 2025 cuando todos los fabricantes deber\u00edan implantar el puerto USB Tip C<\/strong> en sus dispositivos c\u00f3mo m\u00e9todo de conexi\u00f3n. Tambi\u00e9n pueden litigar, algo que seguro har\u00e1n algunas empresas contrarias a esta norma.<\/p>\n<p><!-- BREAK 6 --><script>\n (function() {\n  window._JS_MODULES = window._JS_MODULES || {};\n  var headElement = document.getElementsByTagName('head')[0];\n  if (_JS_MODULES.instagram) {\n   var instagramScript = document.createElement('script');\n   instagramScript.src = 'https:\/\/platform.instagram.com\/en_US\/embeds.js';\n   instagramScript.async = true;\n   instagramScript.defer = true;\n   headElement.appendChild(instagramScript);\n  }\n })();\n<\/script><\/p>\n<p> &#8211; <br \/> La noticia<br \/>\n      <a href=\"https:\/\/www.xatakahome.com\/accesorios\/europa-quiere-cargador-unico-pese-a-quien-pese-usb-tipo-c-para-dominarlos-a-todos-esta-poco-cerca?utm_source=feedburner&amp;utm_medium=feed&amp;utm_campaign=04_May_2022\"><br \/>\n       <em> Europa quiere un cargador \u00fanico pese a qui\u00e9n pese: el USB Tipo C para dominarlos a todos ya est\u00e1 un poco m\u00e1s cerca <\/em><br \/>\n      <\/a><br \/>\n      fue publicada originalmente en<br \/>\n      <a href=\"https:\/\/www.xatakahome.com\/?utm_source=feedburner&amp;utm_medium=feed&amp;utm_campaign=04_May_2022\"><br \/>\n       <strong> Xataka Smart Home <\/strong><br \/>\n      <\/a><br \/>\n            por <a href=\"https:\/\/www.xatakahome.com\/autor\/jose-antonio-carmona?utm_source=feedburner&amp;utm_medium=feed&amp;utm_campaign=04_May_2022\"><br \/>\n       Jose Antonio Carmona<br \/>\n      <\/a><br \/>\n      . <\/p>\n<div class=\"feedflare\">\n<a href=\"http:\/\/feeds.weblogssl.com\/~ff\/Xatakahome?a=fVsqJNk1s94:SdUC3V-TbeI:yIl2AUoC8zA\"><img decoding=\"async\" src=\"http:\/\/feeds.feedburner.com\/~ff\/Xatakahome?d=yIl2AUoC8zA\" border=\"0\"><\/a>\n<\/div>\n<\/div>\n","protected":false},"excerpt":{"rendered":"<p>Seguro que has lidiado alguna vez con la incomodidad de tener que cargar con cargadores de todo tipo a la hora de movernos o ir de viaje. MicroUSB, USB Tipo C&#8230; en resumen conexiones de todo tipo y lo cierto es que muchos esperamos la estandarizaci\u00f3n de los sistemas de carga. Y ahora parece que &hellip; <a href=\"https:\/\/domosistemas.com\/?p=16464\" class=\"more-link\">Sigue leyendo <span class=\"screen-reader-text\">Europa quiere un cargador \u00fanico pese a qui\u00e9n pese: el USB Tipo C para dominarlos a todos ya est\u00e1 un poco m\u00e1s cerca<\/span><\/a><\/p>\n","protected":false},"author":1,"featured_media":0,"comment_status":"closed","ping_status":"closed","sticky":false,"template":"","format":"standard","meta":{"footnotes":""},"categories":[8],"tags":[],"class_list":["post-16464","post","type-post","status-publish","format-standard","hentry","category-xataka"],"_links":{"self":[{"href":"https:\/\/domosistemas.com\/index.php?rest_route=\/wp\/v2\/posts\/16464","targetHints":{"allow":["GET"]}}],"collection":[{"href":"https:\/\/domosistemas.com\/index.php?rest_route=\/wp\/v2\/posts"}],"about":[{"href":"https:\/\/domosistemas.com\/index.php?rest_route=\/wp\/v2\/types\/post"}],"author":[{"embeddable":true,"href":"https:\/\/domosistemas.com\/index.php?rest_route=\/wp\/v2\/users\/1"}],"replies":[{"embeddable":true,"href":"https:\/\/domosistemas.com\/index.php?rest_route=%2Fwp%2Fv2%2Fcomments&post=16464"}],"version-history":[{"count":0,"href":"https:\/\/domosistemas.com\/index.php?rest_route=\/wp\/v2\/posts\/16464\/revisions"}],"wp:attachment":[{"href":"https:\/\/domosistemas.com\/index.php?rest_route=%2Fwp%2Fv2%2Fmedia&parent=16464"}],"wp:term":[{"taxonomy":"category","embeddable":true,"href":"https:\/\/domosistemas.com\/index.php?rest_route=%2Fwp%2Fv2%2Fcategories&post=16464"},{"taxonomy":"post_tag","embeddable":true,"href":"https:\/\/domosistemas.com\/index.php?rest_route=%2Fwp%2Fv2%2Ftags&post=16464"}],"curies":[{"name":"wp","href":"https:\/\/api.w.org\/{rel}","templated":true}]}}