{"id":16503,"date":"2022-05-09T02:00:48","date_gmt":"2022-05-09T02:00:48","guid":{"rendered":"https:\/\/domosistemas.com\/?p=16503"},"modified":"2022-05-09T02:00:48","modified_gmt":"2022-05-09T02:00:48","slug":"los-sistemas-domoticos-y-de-seguridad-de-vimar-se-presentaran-en-la-feria-ise-2022","status":"publish","type":"post","link":"https:\/\/domosistemas.com\/?p=16503","title":{"rendered":"Los sistemas dom\u00f3ticos y de seguridad de Vimar se presentar\u00e1n en la feria ISE 2022"},"content":{"rendered":"<div>\n<p>La feria audiovisual Integrated Systems Europe (<a href=\"https:\/\/www.iseurope.org\/\" target=\"_blank\" rel=\"noopener sponsored\">ISE<\/a>), que se celebrar\u00e1 de 10 al 13 de mayo en Fira Barcelona, contar\u00e1 con la participaci\u00f3n de la empresa italiana <a href=\"https:\/\/www.vimar.com\/es\/int\" target=\"_blank\" rel=\"noopener sponsored\">Vimar<\/a>, para dar a conocer a los integradores de sistemas sus \u00faltimas novedades para la domotizaci\u00f3n de las viviendas y edificios inteligentes.<\/p>\n<figure id=\"attachment_106783\" aria-describedby=\"caption-attachment-106783\" style=\"width: 800px\" class=\"wp-caption aligncenter\"><img decoding=\"async\" loading=\"lazy\" class=\"size-full wp-image-106783\" src=\"https:\/\/static.casadomo.com\/media\/2022\/05\/vimar-ise-sistemas-domoticos.png\" alt=\"Vimar en ISE. \" width=\"800\" height=\"520\" srcset=\"https:\/\/static.casadomo.com\/media\/2022\/05\/vimar-ise-sistemas-domoticos.png 800w, https:\/\/static.casadomo.com\/media\/2022\/05\/vimar-ise-sistemas-domoticos-300x195.png 300w, https:\/\/static.casadomo.com\/media\/2022\/05\/vimar-ise-sistemas-domoticos-768x499.png 768w, https:\/\/static.casadomo.com\/media\/2022\/05\/vimar-ise-sistemas-domoticos-180x117.png 180w\" sizes=\"auto, (max-width: 800px) 100vw, 800px\"><figcaption id=\"caption-attachment-106783\" class=\"wp-caption-text\">Vimar exhibir\u00e1 en ISE el nuevo videoportero Riserless, adem\u00e1s de otros sistemas dom\u00f3ticos de la marca.<\/figcaption><\/figure>\n<p>En el a\u00f1o 2004 se cre\u00f3 ISE como un evento enfocado al mundo audiovisual y con el tiempo ha ido ampliando su radio de acci\u00f3n, hasta abordar los sectores relacionados con la IT, en los que los integradores combinan productos y tecnolog\u00edas para realizar soluciones completas para cubrir las necesidades del cliente.<\/p>\n<p>Algunas de las soluciones presentadas en esta feria corresponden a <a href=\"https:\/\/www.casadomo.com\/empresas\/vimar\">Vimar<\/a>, que estar\u00e1 presente en el \u00e1rea Residential &amp; Smart Building. Con 20 metros cuadrados de stand (N350), ubicado en el pabell\u00f3n 2, los visitantes podr\u00e1n conocer en persona los sistemas de la compa\u00f1\u00eda, tanto con est\u00e1ndar KNX como con By-me Plus.<\/p>\n<h2>Nuevo videoportero<\/h2>\n<p>En el espacio del fabricante italiano se dedicar\u00e1 especial atenci\u00f3n al nuevo sistema de videoportero Riserless y a las innumerables opciones de personalizaci\u00f3n de placas y mandos, que permiten la perfecta combinaci\u00f3n est\u00e9tica de la instalaci\u00f3n.<\/p>\n<p>Los usuarios tienen la posibilidad de controlar de forma intuitiva todas las funciones del edificio inteligente gracias a los dispositivos conectados de Vimar, que abarcan desde sistemas de control de iluminaci\u00f3n hasta sistemas de videoporteros.<\/p>\n<p>La entrada <a rel=\"nofollow\" href=\"https:\/\/www.casadomo.com\/2022\/05\/09\/sistemas-domoticos-seguridad-vimar-presentaran-feria-ise-2022\">Los sistemas dom\u00f3ticos y de seguridad de Vimar se presentar\u00e1n en la feria ISE 2022<\/a> aparece primero en <a rel=\"nofollow\" href=\"https:\/\/www.casadomo.com\/\">CASADOMO<\/a>.<\/p>\n<\/div>\n","protected":false},"excerpt":{"rendered":"<p>La feria audiovisual Integrated Systems Europe (ISE), que se celebrar\u00e1 de 10 al 13 de mayo en Fira Barcelona, contar\u00e1 con la participaci\u00f3n de la empresa italiana Vimar, para dar a conocer a los integradores de sistemas sus \u00faltimas novedades para la domotizaci\u00f3n de las viviendas y edificios inteligentes. Vimar exhibir\u00e1 en ISE el nuevo &hellip; <a href=\"https:\/\/domosistemas.com\/?p=16503\" class=\"more-link\">Sigue leyendo <span class=\"screen-reader-text\">Los sistemas dom\u00f3ticos y de seguridad de Vimar se presentar\u00e1n en la feria ISE 2022<\/span><\/a><\/p>\n","protected":false},"author":1,"featured_media":0,"comment_status":"closed","ping_status":"closed","sticky":false,"template":"","format":"standard","meta":{"footnotes":""},"categories":[3],"tags":[],"class_list":["post-16503","post","type-post","status-publish","format-standard","hentry","category-casadomo-com"],"_links":{"self":[{"href":"https:\/\/domosistemas.com\/index.php?rest_route=\/wp\/v2\/posts\/16503","targetHints":{"allow":["GET"]}}],"collection":[{"href":"https:\/\/domosistemas.com\/index.php?rest_route=\/wp\/v2\/posts"}],"about":[{"href":"https:\/\/domosistemas.com\/index.php?rest_route=\/wp\/v2\/types\/post"}],"author":[{"embeddable":true,"href":"https:\/\/domosistemas.com\/index.php?rest_route=\/wp\/v2\/users\/1"}],"replies":[{"embeddable":true,"href":"https:\/\/domosistemas.com\/index.php?rest_route=%2Fwp%2Fv2%2Fcomments&post=16503"}],"version-history":[{"count":0,"href":"https:\/\/domosistemas.com\/index.php?rest_route=\/wp\/v2\/posts\/16503\/revisions"}],"wp:attachment":[{"href":"https:\/\/domosistemas.com\/index.php?rest_route=%2Fwp%2Fv2%2Fmedia&parent=16503"}],"wp:term":[{"taxonomy":"category","embeddable":true,"href":"https:\/\/domosistemas.com\/index.php?rest_route=%2Fwp%2Fv2%2Fcategories&post=16503"},{"taxonomy":"post_tag","embeddable":true,"href":"https:\/\/domosistemas.com\/index.php?rest_route=%2Fwp%2Fv2%2Ftags&post=16503"}],"curies":[{"name":"wp","href":"https:\/\/api.w.org\/{rel}","templated":true}]}}