{"id":16510,"date":"2022-05-09T17:03:05","date_gmt":"2022-05-09T17:03:05","guid":{"rendered":"https:\/\/domosistemas.com\/?p=16510"},"modified":"2022-05-09T17:03:05","modified_gmt":"2022-05-09T17:03:05","slug":"activando-esta-funcion-de-tu-aire-acondicionado-gastaras-mucha-menos-luz-como-funciona-y-cuando-usar-el-modo-ventilador","status":"publish","type":"post","link":"https:\/\/domosistemas.com\/?p=16510","title":{"rendered":"Activando esta funci\u00f3n de tu aire acondicionado gastar\u00e1s mucha menos luz: c\u00f3mo funciona y cu\u00e1ndo usar el modo ventilador"},"content":{"rendered":"<div>\n<p>\n      <img decoding=\"async\" src=\"https:\/\/i.blogs.es\/47a23a\/1366_2000-44889\/1024_2000.jpg\" alt=\"Activando esta funci\u00f3n de tu aire acondicionado gastar\u00e1s mucha menos luz: c\u00f3mo funciona y cu\u00e1ndo usar el modo ventilador\">\n    <\/p>\n<\/p>\n<p>Si tenemos instalado en casa un <strong>sistema de aire acondicionado<\/strong>, ya sea de <a href=\"https:\/\/www.xatakahome.com\/electrodomesticos-innovadores\/aire-acondicionado-portatil-que-mirar-antes-comprar-uno-estos-dispositivos-para-combatir-calor\">tipo port\u00e1til<\/a>, fijo convencional o incluso un <a href=\"https:\/\/www.xataka.com\/domotica-1\/guia-compras-para-hacernos-aire-acondicionado-inteligente-aspectos-tener-cuenta-opciones-mercado\">modelo inteligente<\/a>, probablemente contaremos con diferentes funciones como son la de <strong>\u00abenfr\u00edar\u00bb<\/strong>, <strong>\u00abcalentar\u00bb<\/strong> si viene con bomba de calor, <strong>\u00abdeshumidificaci\u00f3n\u00bb<\/strong> en algunos modelos y <strong>\u00abventilaci\u00f3n\u00bb<\/strong>.<\/p>\n<p>Esta \u00faltima es quiz\u00e1 la menos llamativa y puede hacer que nos preguntemos <strong>para qu\u00e9 la podemos usar<\/strong> y para qu\u00e9 la queremos en nuestro aparato si realmente no va a dar aire fr\u00edo. A continuaci\u00f3n te explicamos su utilidad.<!--more--><\/p>\n<h2>Para qu\u00e9 sirve y c\u00f3mo funciona el modo ventilador<\/h2>\n<\/p>\n<div class=\"article-asset-image article-asset-normal\">\n<div class=\"asset-content\">\n<div class=\"base-wrapper-image\" style=\"padding-top:70.497803806735%;\">\n<p>  <img decoding=\"async\" alt=\"aire\" class=\"centro_sinmarco\" src=\"https:\/\/i.blogs.es\/18640e\/1366_2000-aire-acondicionado448899\/450_1000.jpg\"><\/p><\/div>\n<\/p><\/div>\n<\/div>\n<p>Como coment\u00e1bamos antes, es una funci\u00f3n que est\u00e1 presente en la mayor\u00eda de modelos de aire acondicionado y b\u00e1sicamente consiste en proporcionar un <strong>flujo de aire constante<\/strong> utilizando los <strong>ventiladores internos del aparato<\/strong>  pero <strong>sin activar el compresor<\/strong> del equipo, ya est\u00e9 situado en la calle o en el interior del mismo en los modelos port\u00e1tiles.<\/p>\n<p><!-- BREAK 1 --><\/p>\n<p>El resultado es la <strong>emisi\u00f3n de aire a temperatura ambiente<\/strong>, como si de un ventilador cl\u00e1sico se tratase, con un menor nivel de ruido y un <strong>consumo el\u00e9ctrico mucho m\u00e1s reducido<\/strong>, puesto que no se enciende el compresor, lo que se traduce en un gasto el\u00e9ctrico generalmente <strong>inferior a los 50-60 vatios<\/strong> frente a los m\u00e1s de 500-1000 vatios que usaremos en el modo de enfriamiento.<\/p>\n<p><!-- BREAK 2 --><\/p>\n<div class=\"article-asset-video article-asset-normal\">\n<div class=\"asset-content\">\n<div class=\"base-asset-video\">\n<div class=\"js-dailymotion\">\n    <script type=\"application\/json\">\n           {\"videoId\":\"x8006fc\",\"autoplay\":true,\"title\":\"C\u00f3mo dormir cuando hace mucho calor y no tienes aire acondicionado\", \"tag\":\"\"}\n         <\/script>\n   <\/div>\n<\/p><\/div>\n<\/p><\/div>\n<\/div>\n<p>Por supuesto <strong>no estaremos a\u00f1adiendo aire fr\u00edo a la habitaci\u00f3n<\/strong> ni sacaremos la humedad, ya que no funciona el sistema encargado del ciclo de calor del aparato, pero si produciremos una corriente de aire que nos permitir\u00e1 obtener varios resultados principalmente:<\/p>\n<p><!-- BREAK 3 --><\/p>\n<ul>\n<li>\n   <strong>Renovamos el aire de la habitaci\u00f3n<\/strong> sobre todo si dejamos alguna ventana abierta total o parcialmente\n  <\/li>\n<li>\n   Produciremos una <strong>sensaci\u00f3n t\u00e9rmica m\u00e1s reducida<\/strong> en la estancia\n  <\/li>\n<li>\n   Podemos <a href=\"https:\/\/www.xatakahome.com\/seguridad-en-el-hogar\/asi-puede-ayudar-a-protegerte-frente-al-coronavirus-filtro-tu-aire-acondicionado-purificador-ambiental-1\">filtrar y purificar el aire<\/a> de la habitaci\u00f3n si nuestro modelo cuenta con <strong>filtros avanzados<\/strong> en su interior, <a href=\"https:\/\/www.xatakahome.com\/seguridad-en-el-hogar\/alergias-primaverales-como-saber-niveles-polen-tu-zona-que-hacer-casa-para-evitar-sintomas\">reduciendo alergias primaverales<\/a>, a los \u00e1caros, al polvo, etc.\n  <\/li>\n<li>\n   <a href=\"https:\/\/www.xatakahome.com\/electrodomesticos-innovadores\/usas-aire-acondicionado-casa-estos-sencillos-consejos-te-ayudaran-a-ahorrar-unos-euros-factura-luz\">Ahorramos en la factura de la luz<\/a> si <strong>no necesitamos realmente enfriar<\/strong> la sala considerablemente sino solo mover el aire\n  <\/li>\n<\/ul>\n<div class=\"article-asset article-asset-normal article-asset-center\">\n<div class=\"desvio-container\">\n<div class=\"desvio\">\n<div class=\"desvio-figure js-desvio-figure\">\n    <a href=\"https:\/\/www.xatakahome.com\/electrodomesticos-innovadores\/aire-acondicionado-portatil-que-mirar-antes-comprar-uno-estos-dispositivos-para-combatir-calor\"><br \/>\n     <img decoding=\"async\" alt=\"Aire acondicionado port\u00e1til: qu\u00e9 mirar antes de comprar uno de estos dispositivos para combatir el calor\" src=\"https:\/\/i.blogs.es\/f91e74\/71h1nodsxil._ac_sl1500_\/375_142.jpg\"><br \/>\n    <\/a>\n   <\/div>\n<div class=\"desvio-summary\">\n<div class=\"desvio-taxonomy js-desvio-taxonomy\">\n     <a href=\"https:\/\/www.xatakahome.com\/electrodomesticos-innovadores\/aire-acondicionado-portatil-que-mirar-antes-comprar-uno-estos-dispositivos-para-combatir-calor\" class=\"desvio-taxonomy-anchor\">En Xataka Smart Home<\/a>\n    <\/div>\n<p>    <a href=\"https:\/\/www.xatakahome.com\/electrodomesticos-innovadores\/aire-acondicionado-portatil-que-mirar-antes-comprar-uno-estos-dispositivos-para-combatir-calor\" class=\"desvio-title js-desvio-title\">Aire acondicionado port\u00e1til: qu\u00e9 mirar antes de comprar uno de estos dispositivos para combatir el calor<\/a>\n   <\/div>\n<\/p><\/div>\n<\/p><\/div>\n<\/div>\n<h2>Cu\u00e1ndo merece la pena usarla<\/h2>\n<\/p>\n<div class=\"article-asset-image article-asset-normal\">\n<div class=\"asset-content\">\n<div class=\"base-wrapper-image\" style=\"padding-top:56.222547584187%;\">\n<p>  <img decoding=\"async\" alt=\"aire\" class=\"centro_sinmarco\" src=\"https:\/\/i.blogs.es\/99c6ed\/1366_2000\/450_1000.jpg\"><\/p><\/div>\n<\/p><\/div>\n<\/div>\n<p>Si lo que andamos buscando es <strong>purificar el aire de la sala<\/strong> gracias a que nuestro equipo viene con <a href=\"https:\/\/www.xatakahome.com\/electrodomesticos-innovadores\/esto-que-tienes-que-mirar-al-comprar-purificador-aire-para-hogar\">filtros avanzados, por ejemplo de tipo HEPA<\/a>, entonces cualquier \u00e9poca del a\u00f1o es bienvenida, aunque el efecto del filtrado tambi\u00e9n funcionar\u00e1 cuando estemos en modo de calor y de fr\u00edo.<\/p>\n<p>Si lo que queremos es <strong>ventilar y crear una sensaci\u00f3n t\u00e9rmica m\u00e1s fresca<\/strong> en la sala, entonces su uso es recomendable en las \u00e9pocas y regiones de calor moderado, como por ejemplo durante la primavera y principios del verano, cuando todav\u00eda la temperatura dentro de casa no supera los 30 grados y podemos as\u00ed lograr una <strong>brisa de aire agradable<\/strong>.<\/p>\n<p><!-- BREAK 4 --><\/p>\n<p>Tambi\u00e9n podemos usarla <strong>en verano por las noches<\/strong> si hemos tenido puesta antes la funci\u00f3n de producci\u00f3n de fr\u00edo en las horas de m\u00e1s calor y ya no necesitamos enfriar m\u00e1s la sala pero s\u00ed repartir ese frescor por la habitaci\u00f3n. <\/p>\n<p><!-- BREAK 5 --><\/p>\n<p>De igual forma podemos <strong>dejarla activada por las noches de primavera y verano<\/strong> si dormimos con las ventanas cerradas para evitar el paso del polen exterior y queremos mover un poco el aire de la habitaci\u00f3n evitando as\u00ed la sensaci\u00f3n de agobio del aire estancado.<\/p>\n<p><!-- BREAK 6 --><script>\n (function() {\n  window._JS_MODULES = window._JS_MODULES || {};\n  var headElement = document.getElementsByTagName('head')[0];\n  if (_JS_MODULES.instagram) {\n   var instagramScript = document.createElement('script');\n   instagramScript.src = 'https:\/\/platform.instagram.com\/en_US\/embeds.js';\n   instagramScript.async = true;\n   instagramScript.defer = true;\n   headElement.appendChild(instagramScript);\n  }\n })();\n<\/script><\/p>\n<p> &#8211; <br \/> La noticia<br \/>\n      <a href=\"https:\/\/www.xatakahome.com\/electrodomesticos-innovadores\/tu-aire-acondicionado-tambien-puede-funcionar-como-ventilador-asi-puedes-refrescar-casa-ahorrando-factura-luz?utm_source=feedburner&amp;utm_medium=feed&amp;utm_campaign=09_May_2022\"><br \/>\n       <em> Activando esta funci\u00f3n de tu aire acondicionado gastar\u00e1s mucha menos luz: c\u00f3mo funciona y cu\u00e1ndo usar el modo ventilador <\/em><br \/>\n      <\/a><br \/>\n      fue publicada originalmente en<br \/>\n      <a href=\"https:\/\/www.xatakahome.com\/?utm_source=feedburner&amp;utm_medium=feed&amp;utm_campaign=09_May_2022\"><br \/>\n       <strong> Xataka Smart Home <\/strong><br \/>\n      <\/a><br \/>\n            por <a href=\"https:\/\/www.xatakahome.com\/autor\/paco-rodriguez?utm_source=feedburner&amp;utm_medium=feed&amp;utm_campaign=09_May_2022\"><br \/>\n       Paco Rodriguez<br \/>\n      <\/a><br \/>\n      . <\/p>\n<div class=\"feedflare\">\n<a href=\"http:\/\/feeds.weblogssl.com\/~ff\/Xatakahome?a=btHqzKsRe1M:cSpSTyYPF8A:yIl2AUoC8zA\"><img decoding=\"async\" src=\"http:\/\/feeds.feedburner.com\/~ff\/Xatakahome?d=yIl2AUoC8zA\" border=\"0\"><\/a>\n<\/div>\n<\/div>\n","protected":false},"excerpt":{"rendered":"<p>Si tenemos instalado en casa un sistema de aire acondicionado, ya sea de tipo port\u00e1til, fijo convencional o incluso un modelo inteligente, probablemente contaremos con diferentes funciones como son la de \u00abenfr\u00edar\u00bb, \u00abcalentar\u00bb si viene con bomba de calor, \u00abdeshumidificaci\u00f3n\u00bb en algunos modelos y \u00abventilaci\u00f3n\u00bb. Esta \u00faltima es quiz\u00e1 la menos llamativa y puede hacer &hellip; <a href=\"https:\/\/domosistemas.com\/?p=16510\" class=\"more-link\">Sigue leyendo <span class=\"screen-reader-text\">Activando esta funci\u00f3n de tu aire acondicionado gastar\u00e1s mucha menos luz: c\u00f3mo funciona y cu\u00e1ndo usar el modo ventilador<\/span><\/a><\/p>\n","protected":false},"author":1,"featured_media":0,"comment_status":"closed","ping_status":"closed","sticky":false,"template":"","format":"standard","meta":{"footnotes":""},"categories":[8],"tags":[],"class_list":["post-16510","post","type-post","status-publish","format-standard","hentry","category-xataka"],"_links":{"self":[{"href":"https:\/\/domosistemas.com\/index.php?rest_route=\/wp\/v2\/posts\/16510","targetHints":{"allow":["GET"]}}],"collection":[{"href":"https:\/\/domosistemas.com\/index.php?rest_route=\/wp\/v2\/posts"}],"about":[{"href":"https:\/\/domosistemas.com\/index.php?rest_route=\/wp\/v2\/types\/post"}],"author":[{"embeddable":true,"href":"https:\/\/domosistemas.com\/index.php?rest_route=\/wp\/v2\/users\/1"}],"replies":[{"embeddable":true,"href":"https:\/\/domosistemas.com\/index.php?rest_route=%2Fwp%2Fv2%2Fcomments&post=16510"}],"version-history":[{"count":0,"href":"https:\/\/domosistemas.com\/index.php?rest_route=\/wp\/v2\/posts\/16510\/revisions"}],"wp:attachment":[{"href":"https:\/\/domosistemas.com\/index.php?rest_route=%2Fwp%2Fv2%2Fmedia&parent=16510"}],"wp:term":[{"taxonomy":"category","embeddable":true,"href":"https:\/\/domosistemas.com\/index.php?rest_route=%2Fwp%2Fv2%2Fcategories&post=16510"},{"taxonomy":"post_tag","embeddable":true,"href":"https:\/\/domosistemas.com\/index.php?rest_route=%2Fwp%2Fv2%2Ftags&post=16510"}],"curies":[{"name":"wp","href":"https:\/\/api.w.org\/{rel}","templated":true}]}}