{"id":16536,"date":"2022-05-11T10:05:53","date_gmt":"2022-05-11T10:05:53","guid":{"rendered":"https:\/\/domosistemas.com\/?p=16536"},"modified":"2022-05-11T10:05:53","modified_gmt":"2022-05-11T10:05:53","slug":"estos-dos-aires-acondicionados-de-lidl-cuestan-ahora-menos-de-200-euros-compactos-y-portatiles-para-no-pasar-calor-en-verano","status":"publish","type":"post","link":"https:\/\/domosistemas.com\/?p=16536","title":{"rendered":"Estos dos aires acondicionados de Lidl cuestan ahora menos de 200 euros: compactos y port\u00e1tiles para no pasar calor en verano"},"content":{"rendered":"<div>\n<p>\n      <img decoding=\"async\" src=\"https:\/\/i.blogs.es\/e8396b\/lidl-aireportatil\/1024_2000.jpg\" alt=\"Estos dos aires acondicionados de Lidl cuestan ahora menos de 200 euros: compactos y port\u00e1tiles para no pasar calor en verano\">\n    <\/p>\n<\/p>\n<p>Lidl es una cadena de distribuci\u00f3n que adem\u00e1s de alimentos cuenta con un <strong>variado surtido de electrodom\u00e9sticos<\/strong> y productos para el hogar conectado, incluyendo desde <a href=\"https:\/\/www.xatakahome.com\/centro-multimedia\/lild-tambien-vende-proyectores-estos-dos-philips-tienen-precio-imbatible\">proyectores para cine en casa<\/a> hasta su propia <a href=\"https:\/\/www.xataka.com\/analisis\/lidl-smart-home-analisis-caracteristicas-precio-especificaciones\">plataforma de smart Home<\/a>.<\/p>\n<p>Con la llegada del calor, la compa\u00f1\u00eda ha abierto su campa\u00f1a de verano incluyendo en su cat\u00e1logo interesantes <strong>equipos de refrigeraci\u00f3n port\u00e1til<\/strong> con unos precios imbatibles. Hay muchos modelos, pero estos dos son ahora mismo los m\u00e1s interesantes por su relaci\u00f3n calidad-precio y cuentan adem\u00e1s con interesantes descuentos que llevan el importe final a pagar por debajo de 200 euros.<!--more--><\/p>\n<h2>Comfee enfriador de aire 3 en 1<\/h2>\n<\/p>\n<div class=\"article-asset-image article-asset-normal\">\n<div class=\"asset-content\">\n<div class=\"base-wrapper-image\" style=\"padding-top:74.979009235936%;\">\n<p>  <img decoding=\"async\" alt=\"Lidl 4889\" class=\"centro_sinmarco\" src=\"https:\/\/i.blogs.es\/2ef752\/lidl-4889\/450_1000.jpg\"><\/p><\/div>\n<\/p><\/div>\n<\/div>\n<p>Si estamos buscando un <strong>sistema de refrigeraci\u00f3n sin compresi\u00f3n<\/strong>, Lidl nos vende este <strong>modelo tres en uno de la marca Comfee<\/strong> con una potencia de funcionamiento de 65W y un formato torre en elegantes colores blanco y negro.<\/p>\n<p><!-- BREAK 1 --><\/p>\n<p>Nos encontramos ante un <strong>enfriador de aire por evaporaci\u00f3n<\/strong> con un dep\u00f3sito para agua de <strong>siete litros<\/strong> y cuatro niveles de velocidad en el ventilador que nos permite ajustar la potencia en funci\u00f3n de la distancia a la que tengamos que colocarlo.<\/p>\n<p><!-- BREAK 2 --><\/p>\n<div class=\"article-asset-image article-asset-normal\">\n<div class=\"asset-content\">\n<div class=\"base-wrapper-image\" style=\"padding-top:78.830963665087%;\">\n<p>  <img decoding=\"async\" alt=\"Lidl Superio\" class=\"centro_sinmarco\" src=\"https:\/\/i.blogs.es\/25fd11\/lidl-superio\/450_1000.jpg\"><\/p><\/div>\n<\/p><\/div>\n<\/div>\n<p>Con unas dimensiones de 1050 x 270 x 345 mm tiene una capacidad de salida de aire de <strong>500 m\u00b3\/h<\/strong> y una capacidad de humidificaci\u00f3n m\u00e1xima de 1100ml\/H, contando adem\u00e1s con un <strong>temporizador de 10 horas<\/strong> que podemos configurar desde su pantalla LED.<\/p>\n<p><!-- BREAK 3 --><\/p>\n<p>Tambi\u00e9n cuenta con un indicador de recarga del nivel del agua y un <strong>mando a distancia<\/strong> para controlar las funciones b\u00e1sicas del aparato. Su precio est\u00e1 ahora mismo en promoci\u00f3n y podemos hacernos con uno por <a class=\"js-ecommerce\" href=\"https:\/\/www.xatakahome.com\/redirect?url=https%3A%2F%2Fwww.lidl.es%2Fes%2Fcomfee-enfriador-de-aire-65-w-3-en-1%2Fp40639&amp;category=electrodomesticos-innovadores\">139,99 euros<\/a> frente a los 249 euros habituales.<\/p>\n<p><!-- PIVOT START -->\n<\/p>\n<div class=\"pivot-ecommerce-container\">\n<div class=\"pivot-ecommerce\">\n<div class=\"pivot-ecommerce-figure\">\n   <img decoding=\"async\" alt=\"Comfee enfriador de aire 65 W 3 en 1\" src=\"https:\/\/i.blogs.es\/a64517\/lidl\/original.jpeg\">\n  <\/div>\n<div class=\"pivot-ecommerce-summary\">\n<p class=\"pivot-ecommerce-desc\">Comfee enfriador de aire 65 W 3 en 1<\/p>\n<div class=\"pivot-actions js-pivot-actions\">\n<div class=\"pivot-actions-row\">\n <a rel=\"nofollow noopener\" target=\"_blank\" data-asin=\"\" data-store=\"Lidl\" href=\"https:\/\/www.xatakahome.com\/redirect?url=https%3A%2F%2Fwww.lidl.es%2Fes%2Fcomfee-enfriador-de-aire-65-w-3-en-1%2Fp40639&amp;category=electrodomesticos-innovadores&amp;pivot=1\" title=\"Precio de venta al p\u00fablico a fecha de publicaci\u00f3n\" class=\"pivot-action-primary js-pivot-action\">PVP en Lidl 139,99\u20ac<\/a>\n<\/div>\n<div class=\"pivot-actions-row\">\n <\/div>\n<\/p><\/div>\n<\/p><\/div>\n<\/p><\/div>\n<\/div>\n<p><!-- PIVOT END --><\/p>\n<h2>Comfee Mobile 7000<\/h2>\n<\/p>\n<div class=\"article-asset-image article-asset-normal\">\n<div class=\"asset-content\">\n<div class=\"base-wrapper-image\" style=\"padding-top:73.941908713693%;\">\n<p>  <img decoding=\"async\" alt=\"Airesportatilelidl\" class=\"centro_sinmarco\" src=\"https:\/\/i.blogs.es\/1ab7d5\/airesportatilelidl\/450_1000.jpg\"><\/p><\/div>\n<\/p><\/div>\n<\/div>\n<p>El otro modelo interesante que nos ofrece Lidl de oferta en su cat\u00e1logo para estrenar la temporada veraniega es este <strong>Comfee  Mobile 7000<\/strong>, un modelo de aire <strong>acondicionado port\u00e1til basado en compresor<\/strong> que genera aire fr\u00edo mediante el mismo mecanismo que los cl\u00e1sicos de pared, con un <strong>consumo m\u00e1ximo de potencia de 960W<\/strong>.<\/p>\n<p><!-- BREAK 4 --><\/p>\n<p>Se trata de un equipo de refrigeraci\u00f3n port\u00e1til con unas dimensiones de 35,5 x 34,5 x 70,3 cm y un peso de 22,5 kilos que podemos mover por las  habitaciones gracias a sus ruedas de pl\u00e1stico e instalar en una ventana o puerta exterior gracias al <strong>kit de montaje incluido<\/strong>.<\/p>\n<p><!-- BREAK 5 --><\/p>\n<div class=\"article-asset-image article-asset-normal\">\n<div class=\"asset-content\">\n<div class=\"base-wrapper-image\" style=\"padding-top:66.182749786507%;\">\n<p>  <img decoding=\"async\" alt=\"Aireportatil 44889lidl\" class=\"centro_sinmarco\" src=\"https:\/\/i.blogs.es\/1eb886\/aireportatil-44889lidl\/450_1000.jpg\"><\/p><\/div>\n<\/p><\/div>\n<\/div>\n<p>Seg\u00fan el fabricante, est\u00e1 indicado para uso en salas de <strong>hasta 25 metros cuadrados<\/strong>, ofreciendo una potencia de enfriamiento de <strong>1750 frigor\u00edas<\/strong> y con una funci\u00f3n de deshumidificaci\u00f3n  de 43 litros en 24 horas.<\/p>\n<p><!-- BREAK 6 --><\/p>\n<p>Adem\u00e1s viene con mando a distancia y <strong>pantalla LCD<\/strong> para controlar las funciones desde el propio aparato. Su precio habitual era de 329 euros, pero ahora con la oferta se puede comprar por <a class=\"js-ecommerce\" href=\"https:\/\/www.xatakahome.com\/redirect?url=https%3A%2F%2Fwww.lidl.es%2Fes%2Fcomfee-aire-acondicionado-portatil-mobile-960-w%2Fp23612&amp;category=electrodomesticos-innovadores\">199,99 euros<\/a>.<\/p>\n<p><!-- PIVOT START -->\n<\/p>\n<div class=\"pivot-ecommerce-container\">\n<div class=\"pivot-ecommerce\">\n<div class=\"pivot-ecommerce-figure\">\n   <img decoding=\"async\" alt=\"Comfee aire acondicionado port\u00e1til Mobile 7000\" src=\"https:\/\/i.blogs.es\/1d5817\/aireportatil-lidl\/original.jpeg\">\n  <\/div>\n<div class=\"pivot-ecommerce-summary\">\n<p class=\"pivot-ecommerce-desc\">Comfee aire acondicionado port\u00e1til Mobile 7000<\/p>\n<div class=\"pivot-actions js-pivot-actions\">\n<div class=\"pivot-actions-row\">\n <a rel=\"nofollow noopener\" target=\"_blank\" data-asin=\"\" data-store=\"Lidl\" href=\"https:\/\/www.xatakahome.com\/redirect?url=https%3A%2F%2Fwww.lidl.es%2Fes%2Fcomfee-aire-acondicionado-portatil-mobile-960-w%2Fp23612&amp;category=electrodomesticos-innovadores&amp;pivot=1\" title=\"Precio de venta al p\u00fablico a fecha de publicaci\u00f3n\" class=\"pivot-action-primary js-pivot-action\">PVP en Lidl 199,99\u20ac<\/a>\n<\/div>\n<div class=\"pivot-actions-row\">\n <\/div>\n<\/p><\/div>\n<\/p><\/div>\n<\/p><\/div>\n<\/div>\n<p><!-- PIVOT END --><\/p>\n<h2>M\u00e1s ofertas<\/h2>\n<p>Puedes estar al d\u00eda y en cada momento informado de las principales ofertas y novedades de Xataka Selecci\u00f3n en nuestro canal de <a href=\"https:\/\/t.me\/xatakaseleccion\">Telegram<\/a> o en nuestros perfiles de <a href=\"https:\/\/twitter.com\/xatakaseleccion\">Twitter<\/a>, <a href=\"https:\/\/www.facebook.com\/XatakaSeleccion\/\">Facebook<\/a> y la revista <a href=\"https:\/\/flipboard.com\/@xataka\/cazando-gangas-4tsdshjjz\">Flipboard<\/a>. Puedes echar un vistazo tambi\u00e9n a los cazando gangas de <a href=\"https:\/\/www.xatakamovil.com\/tag\/cazando-gangas\">Xataka M\u00f3vil<\/a>, <a href=\"https:\/\/www.xatakandroid.com\/tag\/cazando-gangas\">Xataka Android<\/a>, <a href=\"https:\/\/www.xatakafoto.com\/tag\/cazando-gangas\">Xataka Foto<\/a>, <a href=\"https:\/\/www.vidaextra.com\/tag\/cazando-gangas\">Vida Extra<\/a>, <a href=\"https:\/\/www.espinof.com\/tag\/cazando-gangas\">Espinof<\/a> y <a href=\"https:\/\/www.applesfera.com\/tag\/cazando-gangas-applesfera\">Applesfera<\/a>, as\u00ed como con nuestros compa\u00f1eros de <a href=\"https:\/\/www.compradiccion.com\/\">Compradicci\u00f3n<\/a>. Puedes ver todas las gangas que publican en <a href=\"http:\/\/twitter.com\/compradiccion_\">Twitter<\/a> y <a href=\"https:\/\/www.facebook.com\/Compradiccion\/\">Facebook<\/a>, e incluso suscribirte a sus avisos v\u00eda <a href=\"http:\/\/telegram.me\/compradiccion\">Telegram<\/a>.<\/p>\n<\/p>\n<div class=\"actualizacion\">\n<div class=\"actualizacion-inner\">\n  Nota: algunos de los enlaces aqu\u00ed publicados son de afiliados. A pesar de ello, ninguno de los art\u00edculos mencionados han sido propuestos ni por las marcas ni por las tiendas, siendo su introducci\u00f3n una decisi\u00f3n \u00fanica del equipo de editores\n <\/div>\n<\/div>\n<p><script>\n (function() {\n  window._JS_MODULES = window._JS_MODULES || {};\n  var headElement = document.getElementsByTagName('head')[0];\n  if (_JS_MODULES.instagram) {\n   var instagramScript = document.createElement('script');\n   instagramScript.src = 'https:\/\/platform.instagram.com\/en_US\/embeds.js';\n   instagramScript.async = true;\n   instagramScript.defer = true;\n   headElement.appendChild(instagramScript);\n  }\n })();\n<\/script><\/p>\n<p> &#8211; <br \/> La noticia<br \/>\n      <a href=\"https:\/\/www.xatakahome.com\/electrodomesticos-innovadores\/estos-dos-aires-acondicionados-lidl-cuestan-ahora-200-euros-compactos-portatiles-para-no-pasar-calor-verano?utm_source=feedburner&amp;utm_medium=feed&amp;utm_campaign=11_May_2022\"><br \/>\n       <em> Estos dos aires acondicionados de Lidl cuestan ahora menos de 200 euros: compactos y port\u00e1tiles para no pasar calor en verano <\/em><br \/>\n      <\/a><br \/>\n      fue publicada originalmente en<br \/>\n      <a href=\"https:\/\/www.xatakahome.com\/?utm_source=feedburner&amp;utm_medium=feed&amp;utm_campaign=11_May_2022\"><br \/>\n       <strong> Xataka Smart Home <\/strong><br \/>\n      <\/a><br \/>\n            por <a href=\"https:\/\/www.xatakahome.com\/autor\/paco-rodriguez?utm_source=feedburner&amp;utm_medium=feed&amp;utm_campaign=11_May_2022\"><br \/>\n       Paco Rodriguez<br \/>\n      <\/a><br \/>\n      . <\/p>\n<div class=\"feedflare\">\n<a href=\"http:\/\/feeds.weblogssl.com\/~ff\/Xatakahome?a=jLysdgSj4dM:_apLK7NBwXo:yIl2AUoC8zA\"><img decoding=\"async\" src=\"http:\/\/feeds.feedburner.com\/~ff\/Xatakahome?d=yIl2AUoC8zA\" border=\"0\"><\/a>\n<\/div>\n<\/div>\n","protected":false},"excerpt":{"rendered":"<p>Lidl es una cadena de distribuci\u00f3n que adem\u00e1s de alimentos cuenta con un variado surtido de electrodom\u00e9sticos y productos para el hogar conectado, incluyendo desde proyectores para cine en casa hasta su propia plataforma de smart Home. Con la llegada del calor, la compa\u00f1\u00eda ha abierto su campa\u00f1a de verano incluyendo en su cat\u00e1logo interesantes &hellip; <a href=\"https:\/\/domosistemas.com\/?p=16536\" class=\"more-link\">Sigue leyendo <span class=\"screen-reader-text\">Estos dos aires acondicionados de Lidl cuestan ahora menos de 200 euros: compactos y port\u00e1tiles para no pasar calor en verano<\/span><\/a><\/p>\n","protected":false},"author":1,"featured_media":0,"comment_status":"closed","ping_status":"closed","sticky":false,"template":"","format":"standard","meta":{"footnotes":""},"categories":[8],"tags":[],"class_list":["post-16536","post","type-post","status-publish","format-standard","hentry","category-xataka"],"_links":{"self":[{"href":"https:\/\/domosistemas.com\/index.php?rest_route=\/wp\/v2\/posts\/16536","targetHints":{"allow":["GET"]}}],"collection":[{"href":"https:\/\/domosistemas.com\/index.php?rest_route=\/wp\/v2\/posts"}],"about":[{"href":"https:\/\/domosistemas.com\/index.php?rest_route=\/wp\/v2\/types\/post"}],"author":[{"embeddable":true,"href":"https:\/\/domosistemas.com\/index.php?rest_route=\/wp\/v2\/users\/1"}],"replies":[{"embeddable":true,"href":"https:\/\/domosistemas.com\/index.php?rest_route=%2Fwp%2Fv2%2Fcomments&post=16536"}],"version-history":[{"count":0,"href":"https:\/\/domosistemas.com\/index.php?rest_route=\/wp\/v2\/posts\/16536\/revisions"}],"wp:attachment":[{"href":"https:\/\/domosistemas.com\/index.php?rest_route=%2Fwp%2Fv2%2Fmedia&parent=16536"}],"wp:term":[{"taxonomy":"category","embeddable":true,"href":"https:\/\/domosistemas.com\/index.php?rest_route=%2Fwp%2Fv2%2Fcategories&post=16536"},{"taxonomy":"post_tag","embeddable":true,"href":"https:\/\/domosistemas.com\/index.php?rest_route=%2Fwp%2Fv2%2Ftags&post=16536"}],"curies":[{"name":"wp","href":"https:\/\/api.w.org\/{rel}","templated":true}]}}