{"id":16568,"date":"2022-05-14T16:03:01","date_gmt":"2022-05-14T16:03:01","guid":{"rendered":"https:\/\/domosistemas.com\/?p=16568"},"modified":"2022-05-14T16:03:01","modified_gmt":"2022-05-14T16:03:01","slug":"voy-a-instalar-un-cargador-para-el-coche-en-casa-esto-es-todo-lo-que-hay-que-tener-en-cuenta","status":"publish","type":"post","link":"https:\/\/domosistemas.com\/?p=16568","title":{"rendered":"Voy a instalar un cargador para el coche en casa: esto es todo lo que hay que tener en cuenta"},"content":{"rendered":"<div>\n<p>\n      <img decoding=\"async\" src=\"https:\/\/i.blogs.es\/7ba179\/ernest-ojeh-urcv-u9hhco-unsplash\/1024_2000.jpg\" alt=\"Voy a instalar un cargador para el coche en casa: esto es todo lo que hay que tener en cuenta\">\n    <\/p>\n<\/p>\n<p>La <a href=\"https:\/\/www.xataka.com\/categoria\/movilidad\">movilidad<\/a> es un territorio en constante expansi\u00f3n. De <a href=\"https:\/\/www.xataka.com\/movilidad\/tienes-coche-electrico-debes-conocer-estas-senales-descubre-nuevos-pictogramas-dgt-que-informan-puntos-recarga\">movilidad el\u00e9ctrica<\/a> hablamos, claro est\u00e1 y en ella el veh\u00edculo el\u00e9ctrico tiene mucho que decir. Espa\u00f1a es un pa\u00eds con unas caracter\u00edsticas concretas en muchos hogares que hacen que plantearse una adquisici\u00f3n de este tipo sea algo m\u00e1s complejo que acudir a un concesionario. Y en buena parte lo es por lo que <strong>supone instalar un punto de carga en casa<\/strong>.<\/p>\n<p>Instalar un cargador en casa es la mejor manera de <a href=\"https:\/\/www.xataka.com\/vehiculos\/cargar-coche-electrico-5-minutos-puede-ser-posible-esta-propuesta-para-refrigerar-su-cable\">tener siempre a punto nuestro veh\u00edculo<\/a>. El problema es que no es una tarea que resulte f\u00e1cil (en muchos casos es imposible) y tampoco accesible y asequible al gran p\u00fablico. Por eso, en este art\u00edculo <strong>vamos a intentar arrojar un poco de luz<\/strong> tomando como base lo <a href=\"https:\/\/www.boe.es\/diario_boe\/txt.php?id=BOE-A-2014-13681\">establecido en la normativa legal<\/a>, explicando las <a href=\"https:\/\/www.idae.es\/ayudas-y-financiacion\/para-movilidad-y-vehiculos\/programa-moves-iii\">posibles subvenciones<\/a> que por cierto, <a href=\"https:\/\/www.xataka.com\/movilidad\/alemania-dejara-subvencionar-coches-electricos-2025-tienen-motivos-suficientes\">cada vez escasean m\u00e1s<\/a>.<!--more--><\/p>\n<\/p>\n<div class=\"article-asset-image article-asset-normal\">\n<div class=\"asset-content\">\n<div class=\"base-wrapper-image\" style=\"padding-top:75.036603221083%;\">\n<p>  <img decoding=\"async\" alt=\"Carga\" class=\"centro_sinmarco\" src=\"https:\/\/i.blogs.es\/a37666\/carga\/450_1000.jpeg\"><\/p><\/div>\n<\/p><\/div>\n<\/div>\n<p>Llegados a este punto vamos a realizar dos distinciones en funci\u00f3n del lugar en el que queremos instalar el cargador: <strong>podemos hacerlo en un<\/strong> <a href=\"https:\/\/www.xataka.com\/movilidad\/que-obstaculos-pueden-poner-mis-vecinos-a-instalar-punto-carga-comunitario-quien-paga-quien-hace-obra\">garaje comunitario<\/a>, <strong>en nuestra cochera, si vivimos en un apartamento, o en una vivienda unifamiliar<\/strong>, en cuyo caso puede ser m\u00e1s sencillo. Otra opci\u00f3n pasa por recargar el veh\u00edculo en terminales de la v\u00eda p\u00fablica, algo no siempre posible (los cargadores est\u00e1n ocupados) o aconsejable (ofrecen un funcionamiento defectuoso).<\/p>\n<h2>Cargadores en garajes comunitarios<\/h2>\n<\/p>\n<div class=\"article-asset-image article-asset-normal\">\n<div class=\"asset-content\">\n<div class=\"base-wrapper-image\" style=\"padding-top:66.544655929722%;\">\n<p>  <img decoding=\"async\" alt=\"Carga\" class=\"centro_sinmarco\" src=\"https:\/\/i.blogs.es\/117101\/carga\/450_1000.jpeg\"><\/p><\/div>\n<\/p><\/div>\n<\/div>\n<p>En el caso de vivir en un apartamento, puede que tengas que realizar la <strong>instalaci\u00f3n en el correspondiente garaje comunitario<\/strong>. En este caso la base de todo el proceso la vas a encontrar en la <a href=\"https:\/\/www.boe.es\/diario_boe\/txt.php?id=BOE-A-2014-13681\">ITC BT 52<\/a>  o lo que es lo mismo, \u00abInstrucci\u00f3n T\u00e9cnica Complementaria\u00bb (ITC) BT 52 para \u00abInstalaciones con fines especiales. Infraestructura para la recarga de veh\u00edculos el\u00e9ctricos\u00bb.<\/p>\n<p>Es el caso m\u00e1s habitual en nuestro pa\u00eds, donde <strong>buena parte de los habitantes en las grandes ciudades residen en bloques de pisos<\/strong>, edificaciones que pueden tener o no, los citados garajes.<\/p>\n<p><!-- BREAK 1 --><\/p>\n<div class=\"article-asset article-asset-normal article-asset-center\">\n<div class=\"desvio-container\">\n<div class=\"desvio\">\n<div class=\"desvio-figure js-desvio-figure\">\n    <a href=\"https:\/\/www.xataka.com\/movilidad\/gran-reto-coche-electrico-carga-rapida-practica-volvo-cree-que-respuesta-inalambrica\" target='\"_blank\"' rel=\"noopener\"><br \/>\n     <img decoding=\"async\" alt=\"El gran reto del coche el\u00e9ctrico es una carga r\u00e1pida y pr\u00e1ctica. Volvo cree que la respuesta es inal\u00e1mbrica\" src=\"https:\/\/i.blogs.es\/86d581\/recarga-volvo\/375_142.jpg\"><br \/>\n    <\/a>\n   <\/div>\n<div class=\"desvio-summary\">\n<div class=\"desvio-taxonomy js-desvio-taxonomy\">\n     <a href=\"https:\/\/www.xataka.com\/movilidad\/gran-reto-coche-electrico-carga-rapida-practica-volvo-cree-que-respuesta-inalambrica\" class=\"desvio-taxonomy-anchor m-crosspost\" target='\"_blank\"' rel=\"noopener\">En Xataka<\/a>\n    <\/div>\n<p>    <a href=\"https:\/\/www.xataka.com\/movilidad\/gran-reto-coche-electrico-carga-rapida-practica-volvo-cree-que-respuesta-inalambrica\" class=\"desvio-title js-desvio-title\" target='\"_blank\"' rel=\"noopener\">El gran reto del coche el\u00e9ctrico es una carga r\u00e1pida y pr\u00e1ctica. Volvo cree que la respuesta es inal\u00e1mbrica<\/a>\n   <\/div>\n<\/p><\/div>\n<\/p><\/div>\n<\/div>\n<p>Si quieres <strong>instalar un cargador en tu plaza de aparcamiento<\/strong>, la que se corresponde con tu piso, debes en primer lugar informar a la comunidad (al presidente o administradores) de tus intenciones para instalar un punto de carga. Es un simple acto protocolario, pues seg\u00fan <a href=\"https:\/\/www.boe.es\/buscar\/act.php?id=BOE-A-1960-10906\">Ley de Propiedad Horizontal<\/a> no hay que someter la instalaci\u00f3n a la aprobaci\u00f3n de una junta de propietarios. A partir de aqu\u00ed debemos distinguir dos tipos de configuraci\u00f3n:<\/p>\n<p><strong>El garaje y el piso en el que vivimos est\u00e1n en el mismo bloque<\/strong>: es lo m\u00e1s normal y en este caso la normativa permite tender un cable desde el contador de la vivienda hasta la plaza de garaje. De esta forma el suministro el\u00e9ctrico de punto de carga y de piso ser\u00e1 compartida y todo aparecer\u00e1 en la misma factura. Con este sistema no ser\u00e1 necesario dar de alta un nuevo punto de suministro.<\/p>\n<p><!-- BREAK 2 --><\/p>\n<p>Eso s\u00ed, debes tener en cuenta que en funci\u00f3n de la potencia contratada y del tipo de punto de recarga a instalar, <strong>quiz\u00e1s es necesario aumentar la potencia contratada<\/strong> para evitar cortes de luz. Es algo que tendr\u00e1s que valorar calculando la potencia que necesitas.<\/p>\n<p><!-- BREAK 3 --><\/p>\n<div class=\"article-asset-image article-asset-normal\">\n<div class=\"asset-content\">\n<div class=\"base-wrapper-image\" style=\"padding-top:62.486002239642%;\">\n<p>  <img decoding=\"async\" alt=\"Wallbox\" class=\"centro_sinmarco\" src=\"https:\/\/i.blogs.es\/43f092\/wallbox\/450_1000.jpeg\"><\/p><\/div>\n<\/p><\/div>\n<\/div>\n<p>La otra opci\u00f3n es que <strong>quiz\u00e1s la plaza de aparcamiento, el garaje, no est\u00e9 en el mismo edificio<\/strong> donde se encuentra el piso. En este caso y a diferencia del anterior, habr\u00e1 que solicitar primero permiso a la comunidad de propietarios y que aprueben en una junta de vecinos la posibilidad de conectar un punto de recarga a las zonas comunes. <\/p>\n<p><!-- BREAK 4 --><\/p>\n<p>Se trata de <strong>instalar un contador secundario enlazado al punto de suministro del garaje<\/strong>, el que da la luz a las zonas comunes. Aqu\u00ed ser\u00e1 la comunidad la que luego repercutir\u00e1 el gasto correspondiente el cargador que hemos asociado a nuestro punto de carga. Adem\u00e1s, estar\u00e1s sujeto a la tarifa de suministro el\u00e9ctrico que tenga contratada la comunidad de vecinos.<\/p>\n<p><!-- BREAK 5 --><\/p>\n<p>Una tercera opci\u00f3n supone <strong>solicitar a la distribuidora que instale un nuevo punto de suministro<\/strong> que ir\u00e1 asociado a otro contador y por lo tanto al final tendremos una nueva factura el\u00e9ctrica s\u00f3lo para el contador del punto de carga. Frente a la opci\u00f3n anterior, en este caso podemos elegir la tarifa a la que te acoges para cargar tu veh\u00edculo.<\/p>\n<p><!-- BREAK 6 --><\/p>\n<p>En ambos casos, <strong>la mayor dificultar viene dada por la distancia existente entre el contador y la plaza de garaje<\/strong>. A mayor distancia, m\u00e1s coste de la obra a llevar a cabo. Esto cambia en las edificaciones modernas o al menos las m\u00e1s recientes, en las que se busca garantizar la <a href=\"https:\/\/www.codigotecnico.org\/\">preinstalaci\u00f3n en el 100% de las plazas de aparcamiento<\/a>.<\/p>\n<h2>Punto de carga en vivienda unifamiliar<\/h2>\n<\/p>\n<div class=\"article-asset-image article-asset-normal\">\n<div class=\"asset-content\">\n<div class=\"caption-img \">\n<div class=\"base-wrapper-image\" style=\"padding-top:46.174863387978%;\">\n<p>  <img decoding=\"async\" alt=\"Wallbox\" class=\"centro_sinmarco\" src=\"https:\/\/i.blogs.es\/9bd9a0\/wallbox\/450_1000.jpeg\"><\/p><\/div>\n<p>         <span>Imagen Wallbox<\/span>\n   <\/div>\n<\/p><\/div>\n<\/div>\n<p><strong>En el caso de residir en una vivienda unifamiliar<\/strong> el proceso es m\u00e1s sencillo, pero tambi\u00e9n debemos tener en cuenta que no es lo m\u00e1s normal. Aqu\u00ed tenemos m\u00e1s libertad para instalar el cargador tanto al aire libre como en interior. Todo queda a nuestra elecci\u00f3n.<\/p>\n<p><!-- BREAK 7 --><\/p>\n<p>Si tenemos un garage particular, <strong>puede que tengamos ya disponible un enchufe convencional<\/strong> (toma schuko) que se puede usar para recargar el coche. El problema de este sistema son los l\u00edmites de potencia que impone la instalaci\u00f3n, que suele estar limitada a 10 A y unos 2,3 kW de potencia. Esto se traduce en unos enormes tiempos de recarga.<\/p>\n<p><!-- BREAK 8 --><\/p>\n<p>No obstante, lo m\u00e1s adecuado y lo que dice la normativa, es <strong>instalar un circuito exclusivo desde el contador<\/strong> de la vivienda hasta la ubicaci\u00f3n del punto de recarga con el objetivo de mejorar la seguridad de la instalaci\u00f3n. Debe estar bien dimensionada, con protecciones el\u00e9ctricas dedicadas y con puntos de carga que puedan soportar la intensidad requerida durante los largos periodos de tiempo que vamos a tener el veh\u00edculo cargando.<\/p>\n<p><!-- BREAK 9 --><\/p>\n<div class=\"article-asset-video article-asset-normal\">\n<div class=\"asset-content\">\n<div class=\"base-asset-video\">\n<div class=\"js-dailymotion\">\n    <script type=\"application\/json\">\n           {\"videoId\":\"x83tze0\",\"autoplay\":true,\"title\":\"Una ciudad llena de coches ele\u0301ctricos, \u00bfes una ciudad silenciosa\", \"tag\":\"\"}\n         <\/script>\n   <\/div>\n<\/p><\/div>\n<\/p><\/div>\n<\/div>\n<p>Si la vivienda es unifamiliar, las posibilidades son mayores. <strong>Podemos instalar el cargador en cubierto o al aire libre<\/strong>, en cuyo caso debemos contar con una instalaci\u00f3n capaz de resistir las inclemencias del tiempo y contar con protecciones el\u00e9ctricas adecuadas. Adem\u00e1s, la toma de corriente o el cargador deben estar conectadas al cuadro el\u00e9ctrico de la vivienda igualmente con protecciones dedicadas.<\/p>\n<p><!-- BREAK 10 --><\/p>\n<p>Si queremos, <strong>podemos montar un cargador de pared o wallbox<\/strong>. Un tipo de dispositivo que permite disponer de potencias de recarga superiores y contar con opciones como un cable integrado, control de potencia din\u00e1mico&#8230; o incluso poder controlar la carga desde el m\u00f3vil. Eso s\u00ed, estas mejoras y a\u00f1adidos suponen un importante sobrecoste en funci\u00f3n del cargador que queramos a\u00f1adir.<\/p>\n<p><!-- BREAK 11 --><\/p>\n<h2>Potencia contratada<\/h2>\n<\/p>\n<div class=\"article-asset-image article-asset-normal\">\n<div class=\"asset-content\">\n<div class=\"base-wrapper-image\" style=\"padding-top:66.617862371889%;\">\n<p>  <img decoding=\"async\" alt=\"Carga\" class=\"centro_sinmarco\" src=\"https:\/\/i.blogs.es\/a44163\/carga\/450_1000.jpeg\"><\/p><\/div>\n<\/p><\/div>\n<\/div>\n<p>En este punto <strong>es importante que tengamos en cuenta la potencia que tenemos contratada<\/strong> en el hogar y la que vamos a necesitar, pues habremos de sumar la que necesita el nuevo punto de carga ya que todo ir\u00e1 unificado bajo la misma factura. Si no cuentas con bastante potencia, quiz\u00e1s te interese aumentar la potencia contratada o instalar un cargador que permita la gesti\u00f3n din\u00e1mica de la carga.<\/p>\n<p><!-- BREAK 12 --><\/p>\n<p><strong>Lo habitual es que los wallbox funcionen con varias potencias<\/strong> que van desde los 3,7kW a los 22kW (en medio quedan 7,4kW y 11kW). Estos sistemas funcionan con corriente alterna (CA), nada que ver con los sistemas de carga r\u00e1pida que usan corriente continua (CC). Los puntos de recarga con potencias de 3,7kW y 7,4kW est\u00e1n conectados en monof\u00e1sico, mientras que los cargadores de 11kW y 22kW se conectan en trif\u00e1sico.<\/p>\n<p><!-- BREAK 13 --><\/p>\n<div class=\"article-asset article-asset-normal article-asset-center\">\n<div class=\"desvio-container\">\n<div class=\"desvio\">\n<div class=\"desvio-figure js-desvio-figure\">\n    <a href=\"https:\/\/www.xatakahome.com\/iluminacion-y-energia\/como-calcular-cuantos-aparatos-puedo-tener-enchufados-a-vez-antes-que-salten-plomos-casa\"><br \/>\n     <img decoding=\"async\" alt=\"C\u00f3mo calcular cu\u00e1ntos aparatos puedo tener enchufados a la vez antes de que salten los plomos en casa\" src=\"https:\/\/i.blogs.es\/67f856\/cuadro\/375_142.jpg\"><br \/>\n    <\/a>\n   <\/div>\n<div class=\"desvio-summary\">\n<div class=\"desvio-taxonomy js-desvio-taxonomy\">\n     <a href=\"https:\/\/www.xatakahome.com\/iluminacion-y-energia\/como-calcular-cuantos-aparatos-puedo-tener-enchufados-a-vez-antes-que-salten-plomos-casa\" class=\"desvio-taxonomy-anchor\">En Xataka Smart Home<\/a>\n    <\/div>\n<p>    <a href=\"https:\/\/www.xatakahome.com\/iluminacion-y-energia\/como-calcular-cuantos-aparatos-puedo-tener-enchufados-a-vez-antes-que-salten-plomos-casa\" class=\"desvio-title js-desvio-title\">C\u00f3mo calcular cu\u00e1ntos aparatos puedo tener enchufados a la vez antes de que salten los plomos en casa<\/a>\n   <\/div>\n<\/p><\/div>\n<\/p><\/div>\n<\/div>\n<p>Para calcular la potencia que vamos a necesitar vamos a tener en cuenta el mismo sistema que usamos para conocer cu\u00e1nto vamos a requerir en el piso. Para ello basta con <strong>determinar el n\u00famero de electrodom\u00e9sticos que podemos utilizar al mismo tiempo<\/strong> sin que salten los plomos, incluida la instalaci\u00f3n del punto de carga. La potencia se mide en kilovatios (kW).<\/p>\n<p><!-- BREAK 14 --><\/p>\n<p>La ventaja en este punto es que <strong>se puede limitar la potencia de entrega empleada por los puntos de recarga<\/strong>, de forma que se puede lograr una limitaci\u00f3n que se ajuste a la potencia contratada que tenga el cliente sin que este tenga que aumentarla. Adem\u00e1s, otro factor a tener en cuenta es que en muchos casos la carga del coche se realiza en periodo nocturno y as\u00ed beneficiarse de la discriminaci\u00f3n horaria y de paso evitar el aumento de la potencia contratada.<\/p>\n<p><!-- BREAK 15 --><\/p>\n<div class=\"article-asset-summary article-asset-normal\">\n<div class=\"asset-content\">\n<div class=\"sumario\">Lo importante y lo que debes tener en cuenta es que la potencia contratada debe ser superior a la que vas a usar, cargador de coche incluido, para evitar que salten los plomos<\/div>\n<\/p><\/div>\n<\/div>\n<p>Si llegado a este punto decides que quieres aumentar la potencia contratada, debes saber que este paso tiene un coste basado en <strong>dos conceptos de precio variable<\/strong>, como es el derecho de acceso y de extensi\u00f3n y que suben o bajan en funci\u00f3n de cu\u00e1nto se desee aumentar la potencia. <strong>El tercero, el de enganche, es un coste fijo<\/strong> de cerca de 10 euros.<\/p>\n<p><!-- BREAK 16 --><\/p>\n<h2>Ayudas y subvenciones<\/h2>\n<\/p>\n<div class=\"article-asset-image article-asset-normal\">\n<div class=\"asset-content\">\n<div class=\"base-wrapper-image\" style=\"padding-top:61.273792093704%;\">\n<p>  <img decoding=\"async\" alt=\"Moves\" class=\"centro_sinmarco\" src=\"https:\/\/i.blogs.es\/341966\/moves\/450_1000.jpeg\"><\/p><\/div>\n<\/p><\/div>\n<\/div>\n<p>En general y c\u00f3mo conclusi\u00f3n, podemos determinar que instalar un punto de recarga en casa, en cualquiera de las vertientes vistas, <strong>puede variar de precio de forma importante por dos factores<\/strong>: seg\u00fan haya que realizar m\u00e1s o menos obra y en funci\u00f3n de si se instala o no un wallbox (y qu\u00e9 modelo se elige). <\/p>\n<p><!-- BREAK 17 --><\/p>\n<p>En pleno 2022 est\u00e1 vigente el el <a href=\"https:\/\/www.idae.es\/ayudas-y-financiacion\/para-movilidad-y-vehiculos\/programa-moves-iii\">Plan Moves III<\/a>, un plan que junto a la ayuda para adquirir un coche el\u00e9ctrico, tambi\u00e9n supone un incentivo para la instalaci\u00f3n de puntos de recarga al <strong>subvencionar hasta un 70% del coste de dichos puntos de recarga<\/strong>, tanto si eres un particular como si la interesada es tu comunidad de vecinos. Un descuento que llega al 80% en localidades con menos de 5.000 habitantes.<\/p>\n<blockquote>\n<p>\u00abLa infraestructura de recarga subvencionable, a trav\u00e9s de  la modalidad de adquisici\u00f3n directa, podr\u00e1 ser tanto de acceso p\u00fablico, como privado. Adem\u00e1s, en el caso de comunidades de propietarios, ser\u00e1 subvencionable la preinstalaci\u00f3n el\u00e9ctrica  y de servicio de comunicaciones para dotar de recarga inteligente a la recarga vinculada de veh\u00edculo el\u00e9ctrico.\u00bb<\/p>\n<\/blockquote>\n<p>No obstante, <strong>lo mejor es preguntar a alg\u00fan instalador el\u00e9ctrico de la zona<\/strong> ya que cada caso es diferente, teniendo en cuenta que la fecha tope para optar al Plan Moves III es el 31 de diciembre de 2023<\/p>\n<p><!-- BREAK 18 --><\/p>\n<p>Imagen interior | <a href=\"https:\/\/unsplash.com\/photos\/xfaYAsMV1p8\">Chuttersnap (Unsplash)<\/a><br \/>\nImagen de portada | <a href=\"https:\/\/unsplash.com\/es\/fotos\/UrCV-U9hhCo\">Ernest Ojeh (Unsplash)<\/a><\/p>\n<p><script>\n (function() {\n  window._JS_MODULES = window._JS_MODULES || {};\n  var headElement = document.getElementsByTagName('head')[0];\n  if (_JS_MODULES.instagram) {\n   var instagramScript = document.createElement('script');\n   instagramScript.src = 'https:\/\/platform.instagram.com\/en_US\/embeds.js';\n   instagramScript.async = true;\n   instagramScript.defer = true;\n   headElement.appendChild(instagramScript);\n  }\n })();\n<\/script><\/p>\n<p> &#8211; <br \/> La noticia<br \/>\n      <a href=\"https:\/\/www.xatakahome.com\/iluminacion-y-energia\/voy-a-instalar-cargador-para-coche-casa-esto-esto-todo-que-hay-que-tener-cuenta?utm_source=feedburner&amp;utm_medium=feed&amp;utm_campaign=14_May_2022\"><br \/>\n       <em> Voy a instalar un cargador para el coche en casa: esto es todo lo que hay que tener en cuenta <\/em><br \/>\n      <\/a><br \/>\n      fue publicada originalmente en<br \/>\n      <a href=\"https:\/\/www.xatakahome.com\/?utm_source=feedburner&amp;utm_medium=feed&amp;utm_campaign=14_May_2022\"><br \/>\n       <strong> Xataka Smart Home <\/strong><br \/>\n      <\/a><br \/>\n            por <a href=\"https:\/\/www.xatakahome.com\/autor\/jose-antonio-carmona?utm_source=feedburner&amp;utm_medium=feed&amp;utm_campaign=14_May_2022\"><br \/>\n       Jose Antonio Carmona<br \/>\n      <\/a><br \/>\n      . <\/p>\n<div class=\"feedflare\">\n<a href=\"http:\/\/feeds.weblogssl.com\/~ff\/Xatakahome?a=WonF1we78wk:uI76IPQ79UY:yIl2AUoC8zA\"><img decoding=\"async\" src=\"http:\/\/feeds.feedburner.com\/~ff\/Xatakahome?d=yIl2AUoC8zA\" border=\"0\"><\/a>\n<\/div>\n<\/div>\n","protected":false},"excerpt":{"rendered":"<p>La movilidad es un territorio en constante expansi\u00f3n. De movilidad el\u00e9ctrica hablamos, claro est\u00e1 y en ella el veh\u00edculo el\u00e9ctrico tiene mucho que decir. Espa\u00f1a es un pa\u00eds con unas caracter\u00edsticas concretas en muchos hogares que hacen que plantearse una adquisici\u00f3n de este tipo sea algo m\u00e1s complejo que acudir a un concesionario. Y en &hellip; <a href=\"https:\/\/domosistemas.com\/?p=16568\" class=\"more-link\">Sigue leyendo <span class=\"screen-reader-text\">Voy a instalar un cargador para el coche en casa: esto es todo lo que hay que tener en cuenta<\/span><\/a><\/p>\n","protected":false},"author":1,"featured_media":0,"comment_status":"closed","ping_status":"closed","sticky":false,"template":"","format":"standard","meta":{"footnotes":""},"categories":[8],"tags":[],"class_list":["post-16568","post","type-post","status-publish","format-standard","hentry","category-xataka"],"_links":{"self":[{"href":"https:\/\/domosistemas.com\/index.php?rest_route=\/wp\/v2\/posts\/16568","targetHints":{"allow":["GET"]}}],"collection":[{"href":"https:\/\/domosistemas.com\/index.php?rest_route=\/wp\/v2\/posts"}],"about":[{"href":"https:\/\/domosistemas.com\/index.php?rest_route=\/wp\/v2\/types\/post"}],"author":[{"embeddable":true,"href":"https:\/\/domosistemas.com\/index.php?rest_route=\/wp\/v2\/users\/1"}],"replies":[{"embeddable":true,"href":"https:\/\/domosistemas.com\/index.php?rest_route=%2Fwp%2Fv2%2Fcomments&post=16568"}],"version-history":[{"count":0,"href":"https:\/\/domosistemas.com\/index.php?rest_route=\/wp\/v2\/posts\/16568\/revisions"}],"wp:attachment":[{"href":"https:\/\/domosistemas.com\/index.php?rest_route=%2Fwp%2Fv2%2Fmedia&parent=16568"}],"wp:term":[{"taxonomy":"category","embeddable":true,"href":"https:\/\/domosistemas.com\/index.php?rest_route=%2Fwp%2Fv2%2Fcategories&post=16568"},{"taxonomy":"post_tag","embeddable":true,"href":"https:\/\/domosistemas.com\/index.php?rest_route=%2Fwp%2Fv2%2Ftags&post=16568"}],"curies":[{"name":"wp","href":"https:\/\/api.w.org\/{rel}","templated":true}]}}