{"id":16592,"date":"2022-05-17T09:39:20","date_gmt":"2022-05-17T09:39:20","guid":{"rendered":"https:\/\/domosistemas.com\/?p=16592"},"modified":"2022-05-17T09:39:20","modified_gmt":"2022-05-17T09:39:20","slug":"esta-es-la-temperatura-ideal-del-aire-acondicionado-para-ahorrar-en-la-factura-de-la-luz-sin-pasar-calor-en-verano","status":"publish","type":"post","link":"https:\/\/domosistemas.com\/?p=16592","title":{"rendered":"Esta es la temperatura ideal del aire acondicionado para ahorrar en la factura de la luz sin pasar calor en verano"},"content":{"rendered":"<div>\n<p>\n      <img decoding=\"async\" src=\"https:\/\/i.blogs.es\/a45c09\/sleep_mode\/1024_2000.jpg\" alt=\"Esta es la temperatura ideal del aire acondicionado para ahorrar en la factura de la luz sin pasar calor en verano\">\n    <\/p>\n<\/p>\n<p>Llega la \u00e9poca de calor y tras revisar los equipos de climatizaci\u00f3n y <a href=\"https:\/\/www.xatakahome.com\/electrodomesticos-innovadores\/como-preparar-aire-acondicionado-para-verano-cambiando-limpiando-filtros\">hacer las tareas de mantenimiento<\/a> previas toca <strong>encender el aire acondicionado en casa<\/strong>. Entonces surge la pol\u00e9mica de cada temporada: \u00bf<strong>qu\u00e9 temperatura es m\u00e1s recomendable<\/strong> poner en el termostato para lograr un ambiente confortable <strong>sin gastar una fortuna en electricidad<\/strong>?<\/p>\n<p>La temperatura ideal dentro de casa depender\u00e1 de m\u00faltiples factores, como por ejemplo de qui\u00e9n vive en ella, de si somos muy frioleros o calurosos, de la edad de los habitantes, de la humedad ambiental, el tiempo que vamos a pasar en su interior, etc. Sin embargo, s\u00ed hay una <strong>serie de rangos recomendados<\/strong> que podemos tomar como referencia para lograr un uso m\u00e1s eficiente del aire acondicionado en casa.<!--more--><\/p>\n<h2>Temperatura ideal: lo que dice la ciencia<\/h2>\n<p>Seg\u00fan <a href=\"https:\/\/www.idae.es\/uploads\/documentos\/documentos_BIENESTAR_TERMICO_EN_UN_ESPACIO_CLIMATIZADO_2_articulo_ASV_3725727c.pdf\">un estudio del IDAE<\/a> (Instituto para la Diversificaci\u00f3n del Ahorro y la Energ\u00eda) y teniendo en cuenta criterios normalizados de ergonom\u00eda del ambiente t\u00e9rmico del <a href=\"https:\/\/www.boe.es\/buscar\/doc.php?id=BOE-A-2021-4572\">RITE<\/a> (Reglamento de Instalaciones T\u00e9rmicas en los Edificios), la temperatura de confort en un <strong>ambiente cerrado<\/strong> como es una vivienda y de <strong>actividad \u00abpasiva\u00bb<\/strong>, es decir, cuando no estamos realizando ninguna actividad f\u00edsica,  se sit\u00faa en verano <strong>entre los 23\u00b0C y los 25\u00b0C<\/strong>.<\/p>\n<p>Si bajamos de estos 23 grados el aire estar\u00e1 m\u00e1s reseco y adem\u00e1s se incrementar\u00e1 innecesariamente el consumo energ\u00e9tico y con ello el gasto a final de mes. De hecho, los c\u00e1lculos generales para el coste energ\u00e9tico <strong>para cada grado que bajamos la temperatura<\/strong>  con respecto al valor \u00f3ptimo puede <strong>suponer entre un 5% y un 7% de incremento en el consumo de electricidad en nuestros equipos<\/strong>.<\/p>\n<p><!-- BREAK 1 --><\/p>\n<div class=\"article-asset-image article-asset-normal\">\n<div class=\"asset-content\">\n<p>  <img decoding=\"async\" alt=\"tabla datos\" class=\"centro_sinmarco\" src=\"https:\/\/i.blogs.es\/2c1c2b\/tabla\/450_1000.png\"><\/p><\/div>\n<\/div>\n<p>\u00bfEs esto mucho? Pues si consideramos para hacer unos c\u00e1lculos r\u00e1pidos que vamos a gastar unos 100 euros al mes en aire acondicionado poniendo los termostatos a 25 grados, un grado que bajemos la temperatura nos supondr\u00e1 hasta 7 euros adicionales. Con uno o dos grados no se notar\u00e1 mucho a final de mes, pero si somos de poner la casa a 20 grados o menos esto puede suponer un <strong>incremento cercano al 35%<\/strong> en el coste total que tendremos que pagar cada mes.<\/p>\n<p><!-- BREAK 2 --><\/p>\n<p>Si por ahorrar bajamos el aire acondicionado y la temperatura <strong>sube por encima de esos 25 grados ideales<\/strong>, entonces se incrementar\u00e1 la sensaci\u00f3n de bochorno, tambi\u00e9n la incomodidad  y las dificultades para conciliar el sue\u00f1o por las noches.<\/p>\n<p><!-- BREAK 3 --><\/p>\n<div class=\"article-asset article-asset-normal article-asset-center\">\n<div class=\"desvio-container\">\n<div class=\"desvio\">\n<div class=\"desvio-figure js-desvio-figure\">\n    <a href=\"https:\/\/www.xatakahome.com\/electrodomesticos-innovadores\/como-preparar-aire-acondicionado-para-verano-cambiando-limpiando-filtros\"><br \/>\n     <img decoding=\"async\" alt=\"Como preparar el aire acondicionado para el verano, cambiando o limpiando los filtros\" src=\"https:\/\/i.blogs.es\/551898\/aire\/375_142.jpeg\"><br \/>\n    <\/a>\n   <\/div>\n<div class=\"desvio-summary\">\n<div class=\"desvio-taxonomy js-desvio-taxonomy\">\n     <a href=\"https:\/\/www.xatakahome.com\/electrodomesticos-innovadores\/como-preparar-aire-acondicionado-para-verano-cambiando-limpiando-filtros\" class=\"desvio-taxonomy-anchor\">En Xataka Smart Home<\/a>\n    <\/div>\n<p>    <a href=\"https:\/\/www.xatakahome.com\/electrodomesticos-innovadores\/como-preparar-aire-acondicionado-para-verano-cambiando-limpiando-filtros\" class=\"desvio-title js-desvio-title\">Como preparar el aire acondicionado para el verano, cambiando o limpiando los filtros<\/a>\n   <\/div>\n<\/p><\/div>\n<\/p><\/div>\n<\/div>\n<h2>Humedad relativa del aire<\/h2>\n<\/p>\n<div class=\"article-asset-image article-asset-normal\">\n<div class=\"asset-content\">\n<div class=\"base-wrapper-image\" style=\"padding-top:56.222547584187%;\">\n<p>  <img decoding=\"async\" alt=\"aire\" class=\"centro_sinmarco\" src=\"https:\/\/i.blogs.es\/8fa7b6\/1366_2000\/450_1000.jpg\"><\/p><\/div>\n<\/p><\/div>\n<\/div>\n<p>Otro factor que interviene en el confort de la vivienda y que puede influir en cu\u00e1nto gastamos en climatizaci\u00f3n es la llamada <a href=\"https:\/\/es.wikipedia.org\/wiki\/Sensaci%C3%B3n_t%C3%A9rmica\">sensaci\u00f3n t\u00e9rmica<\/a>, t\u00e9rmino que hace referencia a la capacidad de los humanos para percibir ante una misma temperatura externa objetiva <strong>distintas sensaciones de fr\u00edo o calor<\/strong>.<\/p>\n<p>Y uno de los culpables de que esta sensaci\u00f3n t\u00e9rmica var\u00ede dentro de casa es el <strong>porcentaje de humedad relativa<\/strong> o relaci\u00f3n entre la presi\u00f3n parcial del vapor de agua y la presi\u00f3n de vapor de equilibrio del agua a una temperatura dada. Por encima de valores del 50% de humedad relativa en el hogar suele <strong>aumentar la sensaci\u00f3n de calor<\/strong> y al contrario, con valores inferiores solemos tener la sensaci\u00f3n de que hace m\u00e1s fr\u00edo.<\/p>\n<p><!-- BREAK 4 --><\/p>\n<p><strong>El RITE recomienda una humedad relativa de entre el 45%-60%<\/strong> para dentro de casa en verano y, en caso de que queramos variar este porcentaje sin recurrir a usar el aire acondicionado, podemos optar por utilizar alg\u00fan <strong>humidificador<\/strong> que nos permitir\u00e1 modificar la cantidad de agua presente en el aire de la vivienda.<\/p>\n<p><!-- BREAK 5 --><\/p>\n<div class=\"article-asset-video article-asset-normal\">\n<div class=\"asset-content\">\n<div class=\"base-asset-video\">\n<div class=\"js-dailymotion\">\n    <script type=\"application\/json\">\n           {\"videoId\":\"x8006fc\",\"autoplay\":true,\"title\":\"C\u00f3mo dormir cuando hace mucho calor y no tienes aire acondicionado\", \"tag\":\"\"}\n         <\/script>\n   <\/div>\n<\/p><\/div>\n<\/p><\/div>\n<\/div>\n<h2>Variaciones de la temperatura \u00f3ptima con la edad y estado de salud<\/h2>\n<\/p>\n<div class=\"article-asset-image article-asset-normal\">\n<div class=\"asset-content\">\n<p>  <img decoding=\"async\" alt=\"termostato\" class=\"centro_sinmarco\" src=\"https:\/\/i.blogs.es\/49686f\/1366_2000-termostato\/450_1000.jpg\"><\/p><\/div>\n<\/div>\n<p>Estos valores generales que hemos comentado est\u00e1n recomendados para <strong>personas medias con buena salud<\/strong>, pero hay situaciones en las que probablemente ser\u00e1 m\u00e1s adecuado <strong>subir o bajar un par de grados el termostato<\/strong> para lograr mejorar el confort dentro de casa.<\/p>\n<p><!-- BREAK 6 --><\/p>\n<p>Es por ejemplo el caso de los <strong>beb\u00e9s, ni\u00f1os, ancianos y personas enfermas<\/strong> o que por su situaci\u00f3n f\u00edsica no puedan realizar muchos movimientos a lo largo del d\u00eda, teniendo un metabolismo m\u00e1s lento.<\/p>\n<p><!-- BREAK 7 --><\/p>\n<p>En estos casos por ejemplo <a href=\"https:\/\/www.endesa.com\/es\/blog\/blog-de-endesa\/climatizacion\/temperatura-recomendada-hogar\">los pediatras recomiendan<\/a> que la temperatura del hogar para un beb\u00e9 oscile entre los <strong>22-24\u00b0C por el d\u00eda y los 18-20\u00b0C por la noche<\/strong>, algo que podemos aplicar al resto de habitantes con salud m\u00e1s delicada.<\/p>\n<p>M\u00e1s informaci\u00f3n | <a href=\"https:\/\/www.idae.es\/home\">IDAE<\/a><\/p>\n<p><script>\n (function() {\n  window._JS_MODULES = window._JS_MODULES || {};\n  var headElement = document.getElementsByTagName('head')[0];\n  if (_JS_MODULES.instagram) {\n   var instagramScript = document.createElement('script');\n   instagramScript.src = 'https:\/\/platform.instagram.com\/en_US\/embeds.js';\n   instagramScript.async = true;\n   instagramScript.defer = true;\n   headElement.appendChild(instagramScript);\n  }\n })();\n<\/script><\/p>\n<p> &#8211; <br \/> La noticia<br \/>\n      <a href=\"https:\/\/www.xatakahome.com\/electrodomesticos-innovadores\/esta-temperatura-ideal-aire-acondicionado-para-ahorrar-factura-luz-pasar-calor-verano?utm_source=feedburner&amp;utm_medium=feed&amp;utm_campaign=17_May_2022\"><br \/>\n       <em> Esta es la temperatura ideal del aire acondicionado para ahorrar en la factura de la luz sin pasar calor en verano <\/em><br \/>\n      <\/a><br \/>\n      fue publicada originalmente en<br \/>\n      <a href=\"https:\/\/www.xatakahome.com\/?utm_source=feedburner&amp;utm_medium=feed&amp;utm_campaign=17_May_2022\"><br \/>\n       <strong> Xataka Smart Home <\/strong><br \/>\n      <\/a><br \/>\n            por <a href=\"https:\/\/www.xatakahome.com\/autor\/paco-rodriguez?utm_source=feedburner&amp;utm_medium=feed&amp;utm_campaign=17_May_2022\"><br \/>\n       Paco Rodriguez<br \/>\n      <\/a><br \/>\n      . <\/p>\n<div class=\"feedflare\">\n<a href=\"http:\/\/feeds.weblogssl.com\/~ff\/Xatakahome?a=RMSa1P-FYvM:D60MuzDXCi4:yIl2AUoC8zA\"><img decoding=\"async\" src=\"http:\/\/feeds.feedburner.com\/~ff\/Xatakahome?d=yIl2AUoC8zA\" border=\"0\"><\/a>\n<\/div>\n<\/div>\n","protected":false},"excerpt":{"rendered":"<p>Llega la \u00e9poca de calor y tras revisar los equipos de climatizaci\u00f3n y hacer las tareas de mantenimiento previas toca encender el aire acondicionado en casa. Entonces surge la pol\u00e9mica de cada temporada: \u00bfqu\u00e9 temperatura es m\u00e1s recomendable poner en el termostato para lograr un ambiente confortable sin gastar una fortuna en electricidad? La temperatura &hellip; <a href=\"https:\/\/domosistemas.com\/?p=16592\" class=\"more-link\">Sigue leyendo <span class=\"screen-reader-text\">Esta es la temperatura ideal del aire acondicionado para ahorrar en la factura de la luz sin pasar calor en verano<\/span><\/a><\/p>\n","protected":false},"author":1,"featured_media":0,"comment_status":"closed","ping_status":"closed","sticky":false,"template":"","format":"standard","meta":{"footnotes":""},"categories":[8],"tags":[],"class_list":["post-16592","post","type-post","status-publish","format-standard","hentry","category-xataka"],"_links":{"self":[{"href":"https:\/\/domosistemas.com\/index.php?rest_route=\/wp\/v2\/posts\/16592","targetHints":{"allow":["GET"]}}],"collection":[{"href":"https:\/\/domosistemas.com\/index.php?rest_route=\/wp\/v2\/posts"}],"about":[{"href":"https:\/\/domosistemas.com\/index.php?rest_route=\/wp\/v2\/types\/post"}],"author":[{"embeddable":true,"href":"https:\/\/domosistemas.com\/index.php?rest_route=\/wp\/v2\/users\/1"}],"replies":[{"embeddable":true,"href":"https:\/\/domosistemas.com\/index.php?rest_route=%2Fwp%2Fv2%2Fcomments&post=16592"}],"version-history":[{"count":0,"href":"https:\/\/domosistemas.com\/index.php?rest_route=\/wp\/v2\/posts\/16592\/revisions"}],"wp:attachment":[{"href":"https:\/\/domosistemas.com\/index.php?rest_route=%2Fwp%2Fv2%2Fmedia&parent=16592"}],"wp:term":[{"taxonomy":"category","embeddable":true,"href":"https:\/\/domosistemas.com\/index.php?rest_route=%2Fwp%2Fv2%2Fcategories&post=16592"},{"taxonomy":"post_tag","embeddable":true,"href":"https:\/\/domosistemas.com\/index.php?rest_route=%2Fwp%2Fv2%2Ftags&post=16592"}],"curies":[{"name":"wp","href":"https:\/\/api.w.org\/{rel}","templated":true}]}}