{"id":16613,"date":"2022-05-19T02:00:35","date_gmt":"2022-05-19T02:00:35","guid":{"rendered":"https:\/\/domosistemas.com\/?p=16613"},"modified":"2022-05-19T02:00:35","modified_gmt":"2022-05-19T02:00:35","slug":"las-guarderias-de-sabadell-dispondran-de-un-sistema-domotico-para-mejorar-su-eficiencia-energetica","status":"publish","type":"post","link":"https:\/\/domosistemas.com\/?p=16613","title":{"rendered":"Las guarder\u00edas de Sabadell dispondr\u00e1n de un sistema dom\u00f3tico para mejorar su eficiencia energ\u00e9tica"},"content":{"rendered":"<div>\n<p>El <a href=\"https:\/\/web.sabadell.cat\/\" target=\"_blank\" rel=\"noopener\">Ayuntamiento de Sabadell<\/a> (Barcelona) ha anunciado que implementar\u00e1 un sistema dom\u00f3tico en las guarder\u00edas de Can llong, Andreu Castells y Arraona, con el objetivo de mejorar la eficiencia energ\u00e9tica y reducir los consumos energ\u00e9ticos en las instalaciones de cada edificio.<\/p>\n<figure id=\"attachment_107324\" aria-describedby=\"caption-attachment-107324\" style=\"width: 800px\" class=\"wp-caption aligncenter\"><img decoding=\"async\" loading=\"lazy\" class=\"size-full wp-image-107324\" src=\"https:\/\/static.casadomo.com\/media\/2022\/05\/ayuntamiento-sabadell-sistemas-domoticos-implementados-guarderias.png\" alt=\"Ayuntamiento de Sabadell.\" width=\"800\" height=\"431\" srcset=\"https:\/\/static.casadomo.com\/media\/2022\/05\/ayuntamiento-sabadell-sistemas-domoticos-implementados-guarderias.png 800w, https:\/\/static.casadomo.com\/media\/2022\/05\/ayuntamiento-sabadell-sistemas-domoticos-implementados-guarderias-300x162.png 300w, https:\/\/static.casadomo.com\/media\/2022\/05\/ayuntamiento-sabadell-sistemas-domoticos-implementados-guarderias-768x414.png 768w, https:\/\/static.casadomo.com\/media\/2022\/05\/ayuntamiento-sabadell-sistemas-domoticos-implementados-guarderias-180x97.png 180w\" sizes=\"auto, (max-width: 800px) 100vw, 800px\"><figcaption id=\"caption-attachment-107324\" class=\"wp-caption-text\">El Ayuntamiento de Sabadell mejorar\u00e1 la eficiencia energ\u00e9tica de las guarder\u00edas mediante la implementaci\u00f3n de un sistema dom\u00f3tico.<\/figcaption><\/figure>\n<p>El sistema dom\u00f3tico que se instalar\u00e1 en las guarder\u00edas estar\u00e1 compuesto por sensores y dispositivos inteligentes que controlar\u00e1n de forma autom\u00e1tica y eficiente las instalaciones, en funci\u00f3n tanto de las necesidades de los distintos espacios de los edificios como de las condiciones ambientales.<\/p>\n<h2>Instalaciones automatizadas<\/h2>\n<p>El consistorio ha se\u00f1alado que estos dispositivos inteligentes actuar\u00e1n directa y principalmente en las instalaciones de ventilaci\u00f3n, calefacci\u00f3n, alumbrado, as\u00ed como en otros elementos de protecci\u00f3n de la radiaci\u00f3n solar.<\/p>\n<p>El objetivo del proyecto de automatizaci\u00f3n es obtener unos edificios m\u00e1s confortables, reducir los consumos energ\u00e9ticos y obtener datos para valorar su replicabilidad en otros edificios de propiedad municipal.<\/p>\n<p>La Junta de Gobierno ha aprobado, el pasado lunes 16 de mayo, el expediente de contrataci\u00f3n de las obras de instalaci\u00f3n de este sistema dom\u00f3tico. Asimismo, el proyecto se incluye dentro de la estrategia EDUSI y est\u00e1 cofinanciado al 50% por el Fondo Europeo de Desarrollo Regional FEDER, con un presupuesto de licitaci\u00f3n de 159.919,69 euros.<\/p>\n<p>La entrada <a rel=\"nofollow\" href=\"https:\/\/www.casadomo.com\/2022\/05\/19\/guarderias-sabadell-dispondran-sistema-domotico-mejorar-eficiencia-energetica\">Las guarder\u00edas de Sabadell dispondr\u00e1n de un sistema dom\u00f3tico para mejorar su eficiencia energ\u00e9tica<\/a> aparece primero en <a rel=\"nofollow\" href=\"https:\/\/www.casadomo.com\/\">CASADOMO<\/a>.<\/p>\n<\/div>\n","protected":false},"excerpt":{"rendered":"<p>El Ayuntamiento de Sabadell (Barcelona) ha anunciado que implementar\u00e1 un sistema dom\u00f3tico en las guarder\u00edas de Can llong, Andreu Castells y Arraona, con el objetivo de mejorar la eficiencia energ\u00e9tica y reducir los consumos energ\u00e9ticos en las instalaciones de cada edificio. El Ayuntamiento de Sabadell mejorar\u00e1 la eficiencia energ\u00e9tica de las guarder\u00edas mediante la implementaci\u00f3n &hellip; <a href=\"https:\/\/domosistemas.com\/?p=16613\" class=\"more-link\">Sigue leyendo <span class=\"screen-reader-text\">Las guarder\u00edas de Sabadell dispondr\u00e1n de un sistema dom\u00f3tico para mejorar su eficiencia energ\u00e9tica<\/span><\/a><\/p>\n","protected":false},"author":1,"featured_media":0,"comment_status":"closed","ping_status":"closed","sticky":false,"template":"","format":"standard","meta":{"footnotes":""},"categories":[3],"tags":[],"class_list":["post-16613","post","type-post","status-publish","format-standard","hentry","category-casadomo-com"],"_links":{"self":[{"href":"https:\/\/domosistemas.com\/index.php?rest_route=\/wp\/v2\/posts\/16613","targetHints":{"allow":["GET"]}}],"collection":[{"href":"https:\/\/domosistemas.com\/index.php?rest_route=\/wp\/v2\/posts"}],"about":[{"href":"https:\/\/domosistemas.com\/index.php?rest_route=\/wp\/v2\/types\/post"}],"author":[{"embeddable":true,"href":"https:\/\/domosistemas.com\/index.php?rest_route=\/wp\/v2\/users\/1"}],"replies":[{"embeddable":true,"href":"https:\/\/domosistemas.com\/index.php?rest_route=%2Fwp%2Fv2%2Fcomments&post=16613"}],"version-history":[{"count":0,"href":"https:\/\/domosistemas.com\/index.php?rest_route=\/wp\/v2\/posts\/16613\/revisions"}],"wp:attachment":[{"href":"https:\/\/domosistemas.com\/index.php?rest_route=%2Fwp%2Fv2%2Fmedia&parent=16613"}],"wp:term":[{"taxonomy":"category","embeddable":true,"href":"https:\/\/domosistemas.com\/index.php?rest_route=%2Fwp%2Fv2%2Fcategories&post=16613"},{"taxonomy":"post_tag","embeddable":true,"href":"https:\/\/domosistemas.com\/index.php?rest_route=%2Fwp%2Fv2%2Ftags&post=16613"}],"curies":[{"name":"wp","href":"https:\/\/api.w.org\/{rel}","templated":true}]}}