{"id":16637,"date":"2022-05-22T11:03:44","date_gmt":"2022-05-22T11:03:44","guid":{"rendered":"https:\/\/domosistemas.com\/?p=16637"},"modified":"2022-05-22T11:03:44","modified_gmt":"2022-05-22T11:03:44","slug":"como-combinar-ventilador-y-aire-acondicionado-para-mantener-la-casa-fresquita-gastando-menos-electricidad","status":"publish","type":"post","link":"https:\/\/domosistemas.com\/?p=16637","title":{"rendered":"C\u00f3mo combinar ventilador y aire acondicionado para mantener la casa fresquita gastando menos electricidad"},"content":{"rendered":"<div>\n<p>\n      <img decoding=\"async\" src=\"https:\/\/i.blogs.es\/b33410\/comfee-aire-acondicionado-portatil-mobile-960-w-zoom--2\/1024_2000.jpg\" alt=\"C\u00f3mo combinar ventilador y aire acondicionado para mantener la casa fresquita gastando menos electricidad\">\n    <\/p>\n<\/p>\n<p>Llega la <a href=\"https:\/\/www.xataka.com\/ecologia-y-naturaleza\/40-grados-pleno-mes-mayo-asi-se-esta-gestando-ola-calor-que-estallara-durante-fin-semana\">primera ola de calor de la temporada<\/a>, esta vez todav\u00eda en pleno mes de mayo, y toca poner a punto nuestros <strong>sistemas de refrigeraci\u00f3n<\/strong> para estar bien confortables dentro de casa.<\/p>\n<p>Podemos optar por diferentes <a href=\"https:\/\/www.xatakahome.com\/iluminacion-y-energia\/llega-el-verano-y-sin-aire-acondicionado-en-casa-con-estas-medidas-puedes-sobrevivir-al-calor-estival\">m\u00e9todos caseros pasivos<\/a> como abrir las ventanas en las horas de mas frescor, controlar persianas y toldos o directamente por utilizar alg\u00fan aparato el\u00e9ctrico como un <a href=\"https:\/\/www.xataka.com\/seleccion\/guia-compra-ventiladores-conectados-recomendaciones-elegir-modelo-inteligente-wifi-ocho-modelos-50-euros\">ventilador<\/a>, un <strong>sistema de aire acondicionado<\/strong>, ya sea de tipo fijo o <a href=\"https:\/\/www.xatakahome.com\/electrodomesticos-innovadores\/aire-acondicionado-portatil-que-mirar-antes-comprar-uno-estos-dispositivos-para-combatir-calor\">port\u00e1til<\/a> o un eficiente <a href=\"https:\/\/www.xatakahome.com\/electrodomesticos-innovadores\/refrigeradores-evaporacion-ventajas-inconvenientes-que-fijarse-al-comprar-uno-modelos-recomendados\">climatizador por evaporaci\u00f3n<\/a>.<!--more--><\/p>\n<p>Cada uno de ellos tiene sus ventajas e inconvenientes, pero esconden un secreto que puede venirnos muy bien en los d\u00edas de m\u00e1s calor: podemos <strong>combinar varios de ellos para lograr una mejor refrigeraci\u00f3n<\/strong> de la vivienda e incluso <strong>ahorrar en la factura de la luz<\/strong>.<\/p>\n<p><!-- BREAK 1 --><\/p>\n<h2>El problema con la distribuci\u00f3n del aire fr\u00edo en casa<\/h2>\n<\/p>\n<div class=\"article-asset-image article-asset-normal\">\n<div class=\"asset-content\">\n<div class=\"base-wrapper-image\" style=\"padding-top:69.156626506024%;\">\n<p>  <img decoding=\"async\" alt=\"Arieacondicioando1366 2000\" class=\"centro_sinmarco\" src=\"https:\/\/i.blogs.es\/4edc8b\/arieacondicioando1366_2000\/450_1000.png\"><\/p><\/div>\n<\/p><\/div>\n<\/div>\n<p>Los <strong>aires acondicionados<\/strong> tradicionales basados en sistema de intercambio de calor por compresi\u00f3n son capaces de <strong>generar fr\u00edo<\/strong> en su circuito interior que posteriormente deben sacar al exterior mediante una serie de ventiladores generalmente en formato cil\u00edndrico.<\/p>\n<p><!-- BREAK 2 --><\/p>\n<p>Y realizan esta tarea muy eficientemente, pero el problema es que <strong>no siempre podemos tenerlos colocados en el lugar ideal de la casa<\/strong> donde m\u00e1s cantidad de fr\u00edo ser\u00edan capaces de mover, ya que a la hora de instalar los aparatos de pared muchas veces solo podemos hacerlo donde haya un hueco adecuado en la sala que adem\u00e1s sea compatible con la instalaci\u00f3n del aparato exterior.<\/p>\n<p><!-- BREAK 3 --><\/p>\n<div class=\"article-asset-video article-asset-normal\">\n<div class=\"asset-content\">\n<div class=\"base-asset-video\">\n<div class=\"js-dailymotion\">\n    <script type=\"application\/json\">\n           {\"videoId\":\"x8006fc\",\"autoplay\":true,\"title\":\"C\u00f3mo dormir cuando hace mucho calor y no tienes aire acondicionado\", \"tag\":\"\"}\n         <\/script>\n   <\/div>\n<\/p><\/div>\n<\/p><\/div>\n<\/div>\n<p>En el caso de los equipos port\u00e1tiles, estamos obligados a <strong>colocarlos junto a una ventana<\/strong> que tengamos libre o a una puerta exterior que puede estar muy alejada de nuestra posici\u00f3n habitual como el sof\u00e1 o la cama. <\/p>\n<p><!-- BREAK 4 --><\/p>\n<div class=\"article-asset-image article-asset-normal\">\n<div class=\"asset-content\">\n<div class=\"base-wrapper-image\" style=\"padding-top:64.348462664714%;\">\n<p>  <img decoding=\"async\" alt=\"aire\" class=\"centro_sinmarco\" src=\"https:\/\/i.blogs.es\/804a89\/1366_2000-4489\/450_1000.jpg\"><\/p><\/div>\n<\/p><\/div>\n<\/div>\n<p>Esto hace que los equipos de aire acondicionado no sean muchas veces capaces de llevar el aire hasta nosotros, creando <strong>bolsas de aire fr\u00edo<\/strong> en diferentes partes de las habitaciones que no utilizamos, <strong>desperdiciando energ\u00eda<\/strong> y oblig\u00e1ndonos a bajar la temperatura del termostato para que algo de esa sensaci\u00f3n de frescor acabe lleg\u00e1ndonos.<\/p>\n<p><!-- BREAK 5 --><\/p>\n<p>Es una situaci\u00f3n muy habitual en <strong>habitaciones alargadas<\/strong> con el equipo de aire acondicionado en uno de los extremos y nuestra posici\u00f3n en el otro, o tambi\u00e9n en salas grandes cuando hay grandes mesas, muebles y obst\u00e1culos entre el emisor de aire y el sof\u00e1 y adem\u00e1s estamos muy lejos del mismo.<\/p>\n<p><!-- BREAK 6 --><\/p>\n<p>Algunos fabricantes tratan de solucionarlo incorporando <strong>motores m\u00e1s potentes<\/strong> para distribuir mejor el aire que sale de la etapa de compresi\u00f3n, pero no siempre funciona y hay una opci\u00f3n mucho m\u00e1s sencilla y barata: <strong>complementar el aire acondicionado con otro sistema adicional como un ventilador<\/strong>.<\/p>\n<p><!-- BREAK 7 --><\/p>\n<div class=\"article-asset article-asset-normal article-asset-center\">\n<div class=\"desvio-container\">\n<div class=\"desvio\">\n<div class=\"desvio-figure js-desvio-figure\">\n    <a href=\"https:\/\/www.xatakahome.com\/iluminacion-y-energia\/llega-el-verano-y-sin-aire-acondicionado-en-casa-con-estas-medidas-puedes-sobrevivir-al-calor-estival\"><br \/>\n     <img decoding=\"async\" alt=\"Llega el verano y no tienes aire acondicionado en casa. Con estas sencillas medidas podr\u00e1s sobrevivir al calor estival\" src=\"https:\/\/i.blogs.es\/4936ad\/colores\/375_142.jpg\"><br \/>\n    <\/a>\n   <\/div>\n<div class=\"desvio-summary\">\n<div class=\"desvio-taxonomy js-desvio-taxonomy\">\n     <a href=\"https:\/\/www.xatakahome.com\/iluminacion-y-energia\/llega-el-verano-y-sin-aire-acondicionado-en-casa-con-estas-medidas-puedes-sobrevivir-al-calor-estival\" class=\"desvio-taxonomy-anchor\">En Xataka Smart Home<\/a>\n    <\/div>\n<p>    <a href=\"https:\/\/www.xatakahome.com\/iluminacion-y-energia\/llega-el-verano-y-sin-aire-acondicionado-en-casa-con-estas-medidas-puedes-sobrevivir-al-calor-estival\" class=\"desvio-title js-desvio-title\">Llega el verano y no tienes aire acondicionado en casa. Con estas sencillas medidas podr\u00e1s sobrevivir al calor estival<\/a>\n   <\/div>\n<\/p><\/div>\n<\/p><\/div>\n<\/div>\n<h2>Combinando aire acondicionado y ventilador<\/h2>\n<\/p>\n<div class=\"article-asset-image article-asset-normal\">\n<div class=\"asset-content\">\n<div class=\"base-wrapper-image\" style=\"padding-top:62.6195732156%;\">\n<p>  <img decoding=\"async\" alt=\"Ventilador1366 2000\" class=\"centro_sinmarco\" src=\"https:\/\/i.blogs.es\/432586\/ventilador1366_2000\/450_1000.jpg\"><\/p><\/div>\n<\/p><\/div>\n<\/div>\n<p>La idea es sencilla. Utilizamos el aire acondicionado de pared o port\u00e1til para <strong>generar fr\u00edo<\/strong> y luego otro sistema para ayudar a <strong>distribuir este fr\u00edo por la sala<\/strong> hasta nuestra posici\u00f3n.<\/p>\n<p><!-- BREAK 8 --><\/p>\n<p>Por ejemplo podemos emplear un <strong>cl\u00e1sico ventilador con aspas<\/strong> en forma circular de los de toda la vida, uno en formato torre,  un <strong>evaporador con sistema de ventilaci\u00f3n<\/strong> integrado o incluso un humidificador si cuenta con buena capacidad de ventilaci\u00f3n.<\/p>\n<p><!-- BREAK 9 --><\/p>\n<p>Si colocamos estrat\u00e9gicamente estos equipos auxiliares en una <strong>zona de la habitaci\u00f3n intermedia<\/strong> entre la salida del aire acondicionado y nuestra posici\u00f3n lograremos una <strong>mejor distribuci\u00f3n del fr\u00edo<\/strong> que llegar\u00e1 en mayor cantidad y m\u00e1s r\u00e1pido hasta nosotros y hasta todos los rincones de la sala.<\/p>\n<p><!-- BREAK 10 --><\/p>\n<div class=\"article-asset-image article-asset-normal\">\n<div class=\"asset-content\">\n<div class=\"base-wrapper-image\" style=\"padding-top:62.371888726208%;\">\n<p>  <img decoding=\"async\" alt=\"Ventilador1366 2000\" class=\"centro_sinmarco\" src=\"https:\/\/i.blogs.es\/3239a6\/ventilador1366_2000\/450_1000.jpeg\"><\/p><\/div>\n<\/p><\/div>\n<\/div>\n<p>Muy bien, esto est\u00e1 claro, pero si a\u00f1ado un ventilador adem\u00e1s del aire acondicionado \u00bf<strong>no estar\u00e9 gastando m\u00e1s electricidad<\/strong> y subir\u00e1 la factura de la luz? Pues si y no. Est\u00e1 claro que enchufar un ventilador adicional requerir\u00e1 inicialmente <strong>un consumo el\u00e9ctrico mayor<\/strong>, pero a la larga nos compensar\u00e1. <\/p>\n<p><!-- BREAK 11 --><\/p>\n<p>Los ventiladores, evaporadores y humidificadores no suelen consumir m\u00e1s de <strong>50-60 vatios<\/strong> de electricidad frente a los <strong>500-1000 vatios<\/strong> de un sistema de aire acondicionado por compresi\u00f3n, por lo que proporcionalmente el incremento no ser\u00eda mucho.<\/p>\n<p><!-- BREAK 12 --><\/p>\n<p>Pero la clave aqu\u00ed es que, mejorando la distribuci\u00f3n de aire dentro de la sala logramos una <strong>mejor sensaci\u00f3n t\u00e9rmica<\/strong>, ya que <strong>el fr\u00edo se reparte de forma m\u00e1s homog\u00e9nea<\/strong>, lo que nos permitir\u00e1 estar igual de fresquitos subiendo unos grados la temperatura del aire, algo que a la larga <a href=\"https:\/\/www.xatakahome.com\/electrodomesticos-innovadores\/llega-primera-ola-calor-2021-esto-que-te-costara-dejar-aire-acondicionado-encendido-todo-dia\">bajar\u00e1 el consumo el\u00e9ctrico<\/a>.<\/p>\n<p><script>\n (function() {\n  window._JS_MODULES = window._JS_MODULES || {};\n  var headElement = document.getElementsByTagName('head')[0];\n  if (_JS_MODULES.instagram) {\n   var instagramScript = document.createElement('script');\n   instagramScript.src = 'https:\/\/platform.instagram.com\/en_US\/embeds.js';\n   instagramScript.async = true;\n   instagramScript.defer = true;\n   headElement.appendChild(instagramScript);\n  }\n })();\n<\/script><\/p>\n<p> &#8211; <br \/> La noticia<br \/>\n      <a href=\"https:\/\/www.xatakahome.com\/electrodomesticos-innovadores\/como-combinar-ventilador-aire-acondicionado-para-mantener-casa-fresquita-gastando-electricidad?utm_source=feedburner&amp;utm_medium=feed&amp;utm_campaign=22_May_2022\"><br \/>\n       <em> C\u00f3mo combinar ventilador y aire acondicionado para mantener la casa fresquita gastando menos electricidad <\/em><br \/>\n      <\/a><br \/>\n      fue publicada originalmente en<br \/>\n      <a href=\"https:\/\/www.xatakahome.com\/?utm_source=feedburner&amp;utm_medium=feed&amp;utm_campaign=22_May_2022\"><br \/>\n       <strong> Xataka Smart Home <\/strong><br \/>\n      <\/a><br \/>\n            por <a href=\"https:\/\/www.xatakahome.com\/autor\/paco-rodriguez?utm_source=feedburner&amp;utm_medium=feed&amp;utm_campaign=22_May_2022\"><br \/>\n       Paco Rodriguez<br \/>\n      <\/a><br \/>\n      . <\/p>\n<div class=\"feedflare\">\n<a href=\"http:\/\/feeds.weblogssl.com\/~ff\/Xatakahome?a=cP8R7bN0s7c:QNydFl-MHMM:yIl2AUoC8zA\"><img decoding=\"async\" src=\"http:\/\/feeds.feedburner.com\/~ff\/Xatakahome?d=yIl2AUoC8zA\" border=\"0\"><\/a>\n<\/div>\n<\/div>\n","protected":false},"excerpt":{"rendered":"<p>Llega la primera ola de calor de la temporada, esta vez todav\u00eda en pleno mes de mayo, y toca poner a punto nuestros sistemas de refrigeraci\u00f3n para estar bien confortables dentro de casa. Podemos optar por diferentes m\u00e9todos caseros pasivos como abrir las ventanas en las horas de mas frescor, controlar persianas y toldos o &hellip; <a href=\"https:\/\/domosistemas.com\/?p=16637\" class=\"more-link\">Sigue leyendo <span class=\"screen-reader-text\">C\u00f3mo combinar ventilador y aire acondicionado para mantener la casa fresquita gastando menos electricidad<\/span><\/a><\/p>\n","protected":false},"author":1,"featured_media":0,"comment_status":"closed","ping_status":"closed","sticky":false,"template":"","format":"standard","meta":{"footnotes":""},"categories":[8],"tags":[],"class_list":["post-16637","post","type-post","status-publish","format-standard","hentry","category-xataka"],"_links":{"self":[{"href":"https:\/\/domosistemas.com\/index.php?rest_route=\/wp\/v2\/posts\/16637","targetHints":{"allow":["GET"]}}],"collection":[{"href":"https:\/\/domosistemas.com\/index.php?rest_route=\/wp\/v2\/posts"}],"about":[{"href":"https:\/\/domosistemas.com\/index.php?rest_route=\/wp\/v2\/types\/post"}],"author":[{"embeddable":true,"href":"https:\/\/domosistemas.com\/index.php?rest_route=\/wp\/v2\/users\/1"}],"replies":[{"embeddable":true,"href":"https:\/\/domosistemas.com\/index.php?rest_route=%2Fwp%2Fv2%2Fcomments&post=16637"}],"version-history":[{"count":0,"href":"https:\/\/domosistemas.com\/index.php?rest_route=\/wp\/v2\/posts\/16637\/revisions"}],"wp:attachment":[{"href":"https:\/\/domosistemas.com\/index.php?rest_route=%2Fwp%2Fv2%2Fmedia&parent=16637"}],"wp:term":[{"taxonomy":"category","embeddable":true,"href":"https:\/\/domosistemas.com\/index.php?rest_route=%2Fwp%2Fv2%2Fcategories&post=16637"},{"taxonomy":"post_tag","embeddable":true,"href":"https:\/\/domosistemas.com\/index.php?rest_route=%2Fwp%2Fv2%2Ftags&post=16637"}],"curies":[{"name":"wp","href":"https:\/\/api.w.org\/{rel}","templated":true}]}}