{"id":16668,"date":"2022-05-25T02:00:09","date_gmt":"2022-05-25T02:00:09","guid":{"rendered":"https:\/\/domosistemas.com\/?p=16668"},"modified":"2022-05-25T02:00:09","modified_gmt":"2022-05-25T02:00:09","slug":"abb-y-shell-lanzaran-la-primera-red-nacional-de-puntos-de-recarga-de-ve-en-alemania-con-200-cargadores","status":"publish","type":"post","link":"https:\/\/domosistemas.com\/?p=16668","title":{"rendered":"ABB y Shell lanzar\u00e1n la primera red nacional de puntos de recarga de VE en Alemania con 200 cargadores"},"content":{"rendered":"<div>\n<p>A principios del mes de mayo, ABB E-mobility, perteneciente al Grupo <a href=\"https:\/\/new.abb.com\/es\" target=\"_blank\" rel=\"noopener sponsored\">ABB<\/a>, y la empresa de hidrocarburos Shell <a href=\"https:\/\/www.casadomo.com\/2022\/05\/04\/acuerdo-abb-e-mobility-shell-instalar-puntos-recarga-ve-viviendas-comercios\">firmaron un acuerdo<\/a> para la instalaci\u00f3n de puntos de recarga de veh\u00edculo el\u00e9ctrico (VE) en viviendas y comercios. Ahora, las dos compa\u00f1\u00edas han anunciado sus planes para lanzar la primera red nacional de Terra 360.<\/p>\n<figure id=\"attachment_107576\" aria-describedby=\"caption-attachment-107576\" style=\"width: 800px\" class=\"wp-caption aligncenter\"><img decoding=\"async\" loading=\"lazy\" class=\"size-full wp-image-107576\" src=\"https:\/\/static.casadomo.com\/media\/2022\/05\/abb-shell-frank-muehlon-istvan-kapitany-primer-punto-recarga-ve.png\" alt=\"Primer punto de recarga de VE del acuerdo entre ABB y Shell.\" width=\"800\" height=\"490\" srcset=\"https:\/\/static.casadomo.com\/media\/2022\/05\/abb-shell-frank-muehlon-istvan-kapitany-primer-punto-recarga-ve.png 800w, https:\/\/static.casadomo.com\/media\/2022\/05\/abb-shell-frank-muehlon-istvan-kapitany-primer-punto-recarga-ve-300x184.png 300w, https:\/\/static.casadomo.com\/media\/2022\/05\/abb-shell-frank-muehlon-istvan-kapitany-primer-punto-recarga-ve-768x470.png 768w, https:\/\/static.casadomo.com\/media\/2022\/05\/abb-shell-frank-muehlon-istvan-kapitany-primer-punto-recarga-ve-180x110.png 180w\" sizes=\"auto, (max-width: 800px) 100vw, 800px\"><figcaption id=\"caption-attachment-107576\" class=\"wp-caption-text\">De izquierda a derecha, Frank Muehlon, director general de ABB E-mobility, e Istv\u00e1n Kapit\u00e1ny, vicepresidente Ejecutivo Global de Shell Mobility, han presentado el plan para lanzar la red de puntos de recarga de veh\u00edculos el\u00e9ctricos.<\/figcaption><\/figure>\n<p>Con m\u00e1s de 200 cargadores Terra 360, que se pondr\u00e1n en marcha en toda Alemania en los pr\u00f3ximos 12 meses, ABB E-mobility y Shell ayudar\u00e1n a garantizar una mayor disponibilidad de cargadores y una mayor velocidad de carga para m\u00e1s de 1,7 millones de conductores de coches el\u00e9ctricos alemanes.<\/p>\n<p>La red nacional de cargadores Terra 360 de Shell Recharge, alimentada por electricidad 100% renovable, ayudar\u00e1 a satisfacer la creciente demanda alemana de infraestructura de recarga de veh\u00edculos el\u00e9ctricos, tanto por parte de los consumidores como de las flotas, y acelerar\u00e1 a\u00fan m\u00e1s la futura adopci\u00f3n de la <a href=\"https:\/\/www.casadomo.com\/2022\/02\/21\/abb-e-mobility-refuerza-crecimiento-adquisicion-mayoritaria-chargedot\">e-movilidad<\/a> en todo el pa\u00eds.<\/p>\n<p>Disponible en diferentes configuraciones, el punto de recarga Terra 360 tiene la capacidad de cargar varios veh\u00edculos simult\u00e1neos y su dise\u00f1o modular garantiza la m\u00e1xima utilizaci\u00f3n de la estaci\u00f3n de carga con una distribuci\u00f3n din\u00e1mica de la energ\u00eda. Asimismo, el nuevo cargador tambi\u00e9n tiene una potencia m\u00e1xima de 360 kW y es capaz de cargar completamente un coche el\u00e9ctrico en 15 minutos o menos.<\/p>\n<h2>Bases del acuerdo<\/h2>\n<p>Seg\u00fan el acuerdo firmado entre ABB E-mobility y Shell, se establece el suministro de la gama completa de estaciones de carga de AC y CC de <a href=\"https:\/\/www.casadomo.com\/empresas\/abb\">ABB<\/a>, cuya cartera abarca desde el wallbox de AC para la vivienda, el trabajo o las instalaciones minoristas hasta el Terra 360, que es \u00f3ptimo para estaciones de servicio, estaciones de carga urbanas, aparcamientos minoristas y aplicaciones de flotas.<\/p>\n<p>Estableciendo el est\u00e1ndar en transparencia y seguridad de datos, ABB se ha convertido en uno de los primeros proveedores de carga importantes en alcanzar la conformidad para sus cargadores Terra 53\/54 y High Power DC con el sistema alem\u00e1n \u2018Eichrecht\u2019.<\/p>\n<p>La entrada <a rel=\"nofollow\" href=\"https:\/\/www.casadomo.com\/2022\/05\/25\/abb-shell-lanzaran-primera-red-nacional-puntos-recarga-ve-alemania-200-cargadores\">ABB y Shell lanzar\u00e1n la primera red nacional de puntos de recarga de VE en Alemania con 200 cargadores<\/a> aparece primero en <a rel=\"nofollow\" href=\"https:\/\/www.casadomo.com\/\">CASADOMO<\/a>.<\/p>\n<\/div>\n","protected":false},"excerpt":{"rendered":"<p>A principios del mes de mayo, ABB E-mobility, perteneciente al Grupo ABB, y la empresa de hidrocarburos Shell firmaron un acuerdo para la instalaci\u00f3n de puntos de recarga de veh\u00edculo el\u00e9ctrico (VE) en viviendas y comercios. Ahora, las dos compa\u00f1\u00edas han anunciado sus planes para lanzar la primera red nacional de Terra 360. De izquierda &hellip; <a href=\"https:\/\/domosistemas.com\/?p=16668\" class=\"more-link\">Sigue leyendo <span class=\"screen-reader-text\">ABB y Shell lanzar\u00e1n la primera red nacional de puntos de recarga de VE en Alemania con 200 cargadores<\/span><\/a><\/p>\n","protected":false},"author":1,"featured_media":0,"comment_status":"closed","ping_status":"closed","sticky":false,"template":"","format":"standard","meta":{"footnotes":""},"categories":[3],"tags":[],"class_list":["post-16668","post","type-post","status-publish","format-standard","hentry","category-casadomo-com"],"_links":{"self":[{"href":"https:\/\/domosistemas.com\/index.php?rest_route=\/wp\/v2\/posts\/16668","targetHints":{"allow":["GET"]}}],"collection":[{"href":"https:\/\/domosistemas.com\/index.php?rest_route=\/wp\/v2\/posts"}],"about":[{"href":"https:\/\/domosistemas.com\/index.php?rest_route=\/wp\/v2\/types\/post"}],"author":[{"embeddable":true,"href":"https:\/\/domosistemas.com\/index.php?rest_route=\/wp\/v2\/users\/1"}],"replies":[{"embeddable":true,"href":"https:\/\/domosistemas.com\/index.php?rest_route=%2Fwp%2Fv2%2Fcomments&post=16668"}],"version-history":[{"count":0,"href":"https:\/\/domosistemas.com\/index.php?rest_route=\/wp\/v2\/posts\/16668\/revisions"}],"wp:attachment":[{"href":"https:\/\/domosistemas.com\/index.php?rest_route=%2Fwp%2Fv2%2Fmedia&parent=16668"}],"wp:term":[{"taxonomy":"category","embeddable":true,"href":"https:\/\/domosistemas.com\/index.php?rest_route=%2Fwp%2Fv2%2Fcategories&post=16668"},{"taxonomy":"post_tag","embeddable":true,"href":"https:\/\/domosistemas.com\/index.php?rest_route=%2Fwp%2Fv2%2Ftags&post=16668"}],"curies":[{"name":"wp","href":"https:\/\/api.w.org\/{rel}","templated":true}]}}