{"id":16669,"date":"2022-05-25T02:00:42","date_gmt":"2022-05-25T02:00:42","guid":{"rendered":"https:\/\/domosistemas.com\/?p=16669"},"modified":"2022-05-25T02:00:42","modified_gmt":"2022-05-25T02:00:42","slug":"aprobado-el-perte-chip-que-movilizara-una-inversion-publica-de-12-250-millones-de-euros","status":"publish","type":"post","link":"https:\/\/domosistemas.com\/?p=16669","title":{"rendered":"Aprobado el PERTE Chip que movilizar\u00e1 una inversi\u00f3n p\u00fablica de 12.250 millones de euros"},"content":{"rendered":"<div>\n<p>El <a href=\"https:\/\/www.lamoncloa.gob.es\/Paginas\/index.aspx\" target=\"_blank\" rel=\"noopener\">Gobierno de Espa\u00f1a<\/a>, a propuesta del Ministerio de Asuntos Econ\u00f3micos y Transformaci\u00f3n Digital, ha aprobado el Proyecto Estrat\u00e9gico para la Recuperaci\u00f3n y Transformaci\u00f3n Econ\u00f3mica de Microelectr\u00f3nica y Semiconductores (<a href=\"https:\/\/planderecuperacion.gob.es\/como-acceder-a-los-fondos\/pertes\/perte-de-microelectronica-y-semiconductores\" target=\"_blank\" rel=\"noopener\">PERTE Chip<\/a>). Se prev\u00e9 que este proyecto movilice una inversi\u00f3n p\u00fablica de 12.250 millones de euros hasta 2027, financiado con fondos europeos en el marco del Plan de Recuperaci\u00f3n, y que active un importante volumen de inversi\u00f3n privada.<\/p>\n<figure id=\"attachment_107669\" aria-describedby=\"caption-attachment-107669\" style=\"width: 800px\" class=\"wp-caption aligncenter\"><img loading=\"lazy\" decoding=\"async\" class=\"size-full wp-image-107669\" src=\"https:\/\/static.casadomo.com\/media\/2022\/05\/gobierno-aprobacion-perte-chip.png\" alt=\"PERTE Chip.\" width=\"800\" height=\"450\" srcset=\"https:\/\/static.casadomo.com\/media\/2022\/05\/gobierno-aprobacion-perte-chip.png 800w, https:\/\/static.casadomo.com\/media\/2022\/05\/gobierno-aprobacion-perte-chip-300x169.png 300w, https:\/\/static.casadomo.com\/media\/2022\/05\/gobierno-aprobacion-perte-chip-768x432.png 768w, https:\/\/static.casadomo.com\/media\/2022\/05\/gobierno-aprobacion-perte-chip-180x101.png 180w\" sizes=\"auto, (max-width: 800px) 100vw, 800px\"><figcaption id=\"caption-attachment-107669\" class=\"wp-caption-text\">El objetivo de PERTE Chip es reforzar las capacidades del dise\u00f1o y la producci\u00f3n de la industria de la microelectr\u00f3nica y los semiconductores en Espa\u00f1a.<\/figcaption><\/figure>\n<p>Bajo el marco del Plan de Recuperaci\u00f3n, Transformaci\u00f3n y Resiliencia, el PERTE Chip tiene como objetivo reforzar las capacidades de dise\u00f1o y producci\u00f3n de la industria de la microelectr\u00f3nica y los semiconductores en Espa\u00f1a desde una perspectiva integral y favorecer la autonom\u00eda estrat\u00e9gica nacional y de la UE en este sector, en l\u00ednea con lo previsto en la <a href=\"https:\/\/www.casadomo.com\/2022\/02\/15\/ley-chips-comision-europea-pretende-reforzar-transicion-digital-ue\">Ley Europea de Chips<\/a> recientemente propuesta por la Comisi\u00f3n Europea.<\/p>\n<p>Asimismo, se desplegar\u00e1n mecanismos de colaboraci\u00f3n p\u00fablico-privada para promover las inversiones necesarias y se desarrollar\u00e1 de forma coordinada entre las administraciones p\u00fablicas, la industria, las universidades y los centros de investigaci\u00f3n.<\/p>\n<p>El PERTE Chip se desarrollar\u00e1 en torno a cuatro ejes estrat\u00e9gicos, abarcando toda la cadena de valor de la industria en distintas fases: concepci\u00f3n, dise\u00f1o y producci\u00f3n de chips y dinamizaci\u00f3n de la industria electr\u00f3nica y de tecnolog\u00edas de la informaci\u00f3n y comunicaci\u00f3n (TIC), para que act\u00fae como generadora de demanda de los microchips producidos, e impulso al ecosistema emprendedor de semiconductores.<\/p>\n<h2>Ejes estrat\u00e9gicos<\/h2>\n<p>El primer eje aborda el refuerzo de la capacidad cient\u00edfica, mediante actuaciones para fortalecer la I+D+i sobre microprocesadores de vanguardia y arquitecturas alternativas y la fot\u00f3nica integrada, desarrollar chips cu\u00e1nticos y lanzar una l\u00ednea de financiaci\u00f3n para reforzar el Proyecto Importante de Inter\u00e9s Com\u00fan Europeo (IPCEI) de Microelectr\u00f3nica y Tecnolog\u00edas de la Comunicaci\u00f3n. Se prev\u00e9 una inversi\u00f3n de 1.165 millones de euros para el periodo 2022-2027.<\/p>\n<p>Con una inversi\u00f3n de 1.330 millones de euros, el segundo eje se centra en la estrategia del dise\u00f1o, que incluye actuaciones que potenciar\u00e1n la capacidad espa\u00f1ola en el dise\u00f1o de microprocesadores mediante la creaci\u00f3n de empresas fabless de dise\u00f1o de microprocesadores de vanguardia y arquitecturas alternativas, l\u00edneas de pilotos de pruebas y red de capacitaci\u00f3n en materia de semiconductores.<\/p>\n<p>El tercer eje es la construcci\u00f3n de plantas de fabricaci\u00f3n, que dispone de un presupuesto estimado de 9.350 millones de euros, que se destinar\u00e1 a dotar la capacidad de producci\u00f3n nacional de semiconductores en la fabricaci\u00f3n de tecnolog\u00eda de vanguardia (por debajo de 5 nm) y de gama media (de m\u00e1s de 5 nm).<\/p>\n<p>Por \u00faltimo, la dinamizaci\u00f3n de la industria de fabricaci\u00f3n TIC contempla actuaciones como la creaci\u00f3n de un fondo de capital centrado en los chips para financiar startups, scaleups y pymes innovadoras del sector de semiconductores nacional, con una dotaci\u00f3n p\u00fablica inicial de 200 millones de euros.<\/p>\n<p>Este eje tambi\u00e9n se dirige a fortalecer la producci\u00f3n interna de productos electr\u00f3nicos \u2013que utiliza los microchips como input- para que ejerza de sector tractor sobre la industria de los semiconductores y absorba parte de su producci\u00f3n. El presupuesto estimado asciende a 400 millones de euros.<\/p>\n<h2>Gobernanza del PERTE<\/h2>\n<p>Para asegurar la coordinaci\u00f3n, efectividad y coherencia de las actuaciones, en las que participan varios departamentos (Ministerio de Asuntos Econ\u00f3micos y Transformaci\u00f3n Digital, Ministerio de Ciencia e Innovaci\u00f3n, Ministerio de Industria, Comercio y Turismo, entre otros) se ha articulado un sistema de gobernanza liderado por el Comisionado Especial para el Proyecto de Microelectr\u00f3nica y Semiconductores, de nueva creaci\u00f3n.<\/p>\n<p>Esta unidad, de perfil directivo y t\u00e9cnico, se encargar\u00e1 de impulsar y coordinar las acciones del PERTE. Entre sus funciones, destacan establecer un contacto permanente con la industria nacional y extranjera, valorar la viabilidad de los proyectos, en coordinaci\u00f3n con las comunidades aut\u00f3nomas y los municipios; o ayudar a constituir las iniciativas empresariales en el marco de la Ley Europea de Chips.<\/p>\n<p>La gobernanza se completa con una comisi\u00f3n interministerial, presidida por la vicepresidenta primera y ministra de Asuntos Econ\u00f3micos y Transformaci\u00f3n Digital, y un grupo de expertos del mundo cient\u00edfico, acad\u00e9mico y empresarial de referencia.<\/p>\n<p>La entrada <a rel=\"nofollow\" href=\"https:\/\/www.casadomo.com\/2022\/05\/25\/aprobado-perte-chip-movilizara-inversion-publica-12250-millones-euros\">Aprobado el PERTE Chip que movilizar\u00e1 una inversi\u00f3n p\u00fablica de 12.250 millones de euros<\/a> aparece primero en <a rel=\"nofollow\" href=\"https:\/\/www.casadomo.com\/\">CASADOMO<\/a>.<\/p>\n<\/div>\n","protected":false},"excerpt":{"rendered":"<p>El Gobierno de Espa\u00f1a, a propuesta del Ministerio de Asuntos Econ\u00f3micos y Transformaci\u00f3n Digital, ha aprobado el Proyecto Estrat\u00e9gico para la Recuperaci\u00f3n y Transformaci\u00f3n Econ\u00f3mica de Microelectr\u00f3nica y Semiconductores (PERTE Chip). Se prev\u00e9 que este proyecto movilice una inversi\u00f3n p\u00fablica de 12.250 millones de euros hasta 2027, financiado con fondos europeos en el marco del &hellip; <a href=\"https:\/\/domosistemas.com\/?p=16669\" class=\"more-link\">Sigue leyendo <span class=\"screen-reader-text\">Aprobado el PERTE Chip que movilizar\u00e1 una inversi\u00f3n p\u00fablica de 12.250 millones de euros<\/span><\/a><\/p>\n","protected":false},"author":1,"featured_media":0,"comment_status":"closed","ping_status":"closed","sticky":false,"template":"","format":"standard","meta":{"footnotes":""},"categories":[3],"tags":[],"class_list":["post-16669","post","type-post","status-publish","format-standard","hentry","category-casadomo-com"],"_links":{"self":[{"href":"https:\/\/domosistemas.com\/index.php?rest_route=\/wp\/v2\/posts\/16669","targetHints":{"allow":["GET"]}}],"collection":[{"href":"https:\/\/domosistemas.com\/index.php?rest_route=\/wp\/v2\/posts"}],"about":[{"href":"https:\/\/domosistemas.com\/index.php?rest_route=\/wp\/v2\/types\/post"}],"author":[{"embeddable":true,"href":"https:\/\/domosistemas.com\/index.php?rest_route=\/wp\/v2\/users\/1"}],"replies":[{"embeddable":true,"href":"https:\/\/domosistemas.com\/index.php?rest_route=%2Fwp%2Fv2%2Fcomments&post=16669"}],"version-history":[{"count":0,"href":"https:\/\/domosistemas.com\/index.php?rest_route=\/wp\/v2\/posts\/16669\/revisions"}],"wp:attachment":[{"href":"https:\/\/domosistemas.com\/index.php?rest_route=%2Fwp%2Fv2%2Fmedia&parent=16669"}],"wp:term":[{"taxonomy":"category","embeddable":true,"href":"https:\/\/domosistemas.com\/index.php?rest_route=%2Fwp%2Fv2%2Fcategories&post=16669"},{"taxonomy":"post_tag","embeddable":true,"href":"https:\/\/domosistemas.com\/index.php?rest_route=%2Fwp%2Fv2%2Ftags&post=16669"}],"curies":[{"name":"wp","href":"https:\/\/api.w.org\/{rel}","templated":true}]}}