{"id":16708,"date":"2022-05-30T02:00:54","date_gmt":"2022-05-30T02:00:54","guid":{"rendered":"https:\/\/domosistemas.com\/?p=16708"},"modified":"2022-05-30T02:00:54","modified_gmt":"2022-05-30T02:00:54","slug":"la-biblioteca-municipal-de-castellon-se-convertira-en-un-edificio-inteligente-y-accesible","status":"publish","type":"post","link":"https:\/\/domosistemas.com\/?p=16708","title":{"rendered":"La Biblioteca Municipal de Castell\u00f3n se convertir\u00e1 en un edificio inteligente y accesible"},"content":{"rendered":"<div>\n<p>El <a href=\"http:\/\/www.castello.es\/\" target=\"_blank\" rel=\"noopener\">Ayuntamiento de Castell\u00f3n<\/a> ha presentado una propuesta arquitect\u00f3nica integrada, integral e innovadora, el proyecto \u2018Biblioteca 5.0. Una plaza urbana de cultura\u2019, por el que se reformar\u00e1 la biblioteca municipal situada en la calle Mayor. Este proyecto busca convertir la nueva biblioteca en un edificio inteligente, cumpliendo con los criterios de sostenibilidad, innovaci\u00f3n, accesibilidad y cohesi\u00f3n social. El presupuesto de la rehabilitaci\u00f3n ser\u00e1 de 4,2 millones de euros. Para ello, se solicitar\u00e1 una financiaci\u00f3n de 2,6 millones de fondos europeos (el 62%), y los otros 1,6 millones de euros (el 38%) ser\u00edan de aportaci\u00f3n municipal.<\/p>\n<figure id=\"attachment_107855\" aria-describedby=\"caption-attachment-107855\" style=\"width: 800px\" class=\"wp-caption aligncenter\"><img loading=\"lazy\" decoding=\"async\" class=\"size-full wp-image-107855\" src=\"https:\/\/static.casadomo.com\/media\/2022\/05\/castellon-biblioteca-inteligente-municipal.png\" alt=\"Biblioteca Municipal de Castell\u00f3n.\" width=\"800\" height=\"528\" srcset=\"https:\/\/static.casadomo.com\/media\/2022\/05\/castellon-biblioteca-inteligente-municipal.png 800w, https:\/\/static.casadomo.com\/media\/2022\/05\/castellon-biblioteca-inteligente-municipal-300x198.png 300w, https:\/\/static.casadomo.com\/media\/2022\/05\/castellon-biblioteca-inteligente-municipal-768x507.png 768w, https:\/\/static.casadomo.com\/media\/2022\/05\/castellon-biblioteca-inteligente-municipal-180x119.png 180w\" sizes=\"auto, (max-width: 800px) 100vw, 800px\"><figcaption id=\"caption-attachment-107855\" class=\"wp-caption-text\">La nueva biblioteca municipal contar\u00e1 con monitorizaci\u00f3n de aforos, calidad del aire, energ\u00eda, as\u00ed como realidad aumentada para la b\u00fasqueda de libros, entre otras tecnolog\u00edas.<\/figcaption><\/figure>\n<p>Con la rehabilitaci\u00f3n de la biblioteca, se aprovechar\u00e1 para cambiar su distribuci\u00f3n. La planta baja se concibe como un intercambiador urbano; un espacio devuelto a la ciudad que integra elementos de uso p\u00fablico como el espacio para bicicletas o buzones inteligentes. En las plantas superiores se albergar\u00e1n usos p\u00fablicos. Por otro lado, la biblioteca tendr\u00e1 un s\u00f3tano distribuido en dos plantas para el dep\u00f3sito de libros y se promover\u00e1 el uso de la escalera como elemento principal de comunicaci\u00f3n, introduciendo, adem\u00e1s, un ascensor.<\/p>\n<p>La nueva biblioteca contar\u00e1 con tecnolog\u00eda smart building, que estar\u00e1 integrada con la plataforma inteligente de la ciudad e incluir\u00e1 la monitorizaci\u00f3n de los aforos, calidad del aire, energ\u00eda, niveles lum\u00ednicos y gesti\u00f3n del riego. Tambi\u00e9n se utiliza la tecnolog\u00eda para mejorar la inclusividad con la introducci\u00f3n de campanas inmersivas, o la realidad aumentada para facilitar la b\u00fasqueda de libros.<\/p>\n<h2>Otras medidas de sostenibilidad<\/h2>\n<p>La rehabilitaci\u00f3n propuesta recupera la composici\u00f3n tripartita de la fachada e interviene en la totalidad de la envolvente del edificio para conseguir un mejor rendimiento energ\u00e9tico. En el interior, se elimina parte del muro central, generando espacios amplios y continuos y se crea una gran claraboya\/atrio central, que funciona como un elemento bioclim\u00e1tico clave, ya que permite la correcta ventilaci\u00f3n e iluminaci\u00f3n del edificio.<\/p>\n<p>Las estrategias bioclim\u00e1ticas (protecciones solares, vegetaci\u00f3n, claraboyas, optimizaci\u00f3n de las superficies acristaladas, recuperador del calor, etc.) permiten justificar m\u00e1s del 30% del ahorro de la energ\u00eda primaria no renovable. Adem\u00e1s, con otras medidas activas como la instalaci\u00f3n de placas fotovoltaicas y la introducci\u00f3n de equipos de climatizaci\u00f3n de alto rendimiento, ser\u00e1 posible llegar a ser un edificio de consumo casi nulo, que es el objetivo del Ayuntamiento de Castell\u00f3n.<\/p>\n<p>Por otro lado, se ha tenido en cuenta la reutilizaci\u00f3n de agua de lluvia a trav\u00e9s de la cubierta ajardinada y el aljibe. Adem\u00e1s, la mayor parte de los materiales de demolici\u00f3n se reutilizar\u00e1n en el propio edificio, se dar\u00e1n o reciclar\u00e1n.<\/p>\n<h2>Pendiente de aprobaci\u00f3n<\/h2>\n<p>Est\u00e1 previsto aprobar en Junta de Gobierno Local la solicitud del financiamiento europeo de acuerdo con la memoria descriptiva presentada, para optar a la convocatoria de ayudas del Plan de Impulso a la Rehabilitaci\u00f3n de Edificios P\u00fablicos (Pirep) convocadas por el Ministerio de Transportes, Movilidad y Agenda Urbana, en el marco del Plan de Recuperaci\u00f3n, Transformaci\u00f3n y Resiliencia.<\/p>\n<p>La intervenci\u00f3n busca generar un espacio abierto e inclusivo conservando la esencia de un edificio del siglo XVIII, situado en la antigua Casa Andreu, en pleno centro hist\u00f3rico de Castell\u00f3n. Adem\u00e1s, su ubicaci\u00f3n es clave para convertirse en un espacio inclusivo\u00a0en el que se albergar\u00e1n\u00a0usos propios, culturales y servicios p\u00fablicos\u00a0como consulta ciudadana y acceso a equipos inform\u00e1ticos.<\/p>\n<p>La entrada <a rel=\"nofollow\" href=\"https:\/\/www.casadomo.com\/2022\/05\/30\/biblioteca-municipal-castellon-convertira-edificio-inteligente-accesible\">La Biblioteca Municipal de Castell\u00f3n se convertir\u00e1 en un edificio inteligente y accesible<\/a> aparece primero en <a rel=\"nofollow\" href=\"https:\/\/www.casadomo.com\/\">CASADOMO<\/a>.<\/p>\n<\/div>\n","protected":false},"excerpt":{"rendered":"<p>El Ayuntamiento de Castell\u00f3n ha presentado una propuesta arquitect\u00f3nica integrada, integral e innovadora, el proyecto \u2018Biblioteca 5.0. Una plaza urbana de cultura\u2019, por el que se reformar\u00e1 la biblioteca municipal situada en la calle Mayor. Este proyecto busca convertir la nueva biblioteca en un edificio inteligente, cumpliendo con los criterios de sostenibilidad, innovaci\u00f3n, accesibilidad y &hellip; <a href=\"https:\/\/domosistemas.com\/?p=16708\" class=\"more-link\">Sigue leyendo <span class=\"screen-reader-text\">La Biblioteca Municipal de Castell\u00f3n se convertir\u00e1 en un edificio inteligente y accesible<\/span><\/a><\/p>\n","protected":false},"author":1,"featured_media":0,"comment_status":"closed","ping_status":"closed","sticky":false,"template":"","format":"standard","meta":{"footnotes":""},"categories":[3],"tags":[],"class_list":["post-16708","post","type-post","status-publish","format-standard","hentry","category-casadomo-com"],"_links":{"self":[{"href":"https:\/\/domosistemas.com\/index.php?rest_route=\/wp\/v2\/posts\/16708","targetHints":{"allow":["GET"]}}],"collection":[{"href":"https:\/\/domosistemas.com\/index.php?rest_route=\/wp\/v2\/posts"}],"about":[{"href":"https:\/\/domosistemas.com\/index.php?rest_route=\/wp\/v2\/types\/post"}],"author":[{"embeddable":true,"href":"https:\/\/domosistemas.com\/index.php?rest_route=\/wp\/v2\/users\/1"}],"replies":[{"embeddable":true,"href":"https:\/\/domosistemas.com\/index.php?rest_route=%2Fwp%2Fv2%2Fcomments&post=16708"}],"version-history":[{"count":0,"href":"https:\/\/domosistemas.com\/index.php?rest_route=\/wp\/v2\/posts\/16708\/revisions"}],"wp:attachment":[{"href":"https:\/\/domosistemas.com\/index.php?rest_route=%2Fwp%2Fv2%2Fmedia&parent=16708"}],"wp:term":[{"taxonomy":"category","embeddable":true,"href":"https:\/\/domosistemas.com\/index.php?rest_route=%2Fwp%2Fv2%2Fcategories&post=16708"},{"taxonomy":"post_tag","embeddable":true,"href":"https:\/\/domosistemas.com\/index.php?rest_route=%2Fwp%2Fv2%2Ftags&post=16708"}],"curies":[{"name":"wp","href":"https:\/\/api.w.org\/{rel}","templated":true}]}}