{"id":16729,"date":"2022-06-01T02:00:23","date_gmt":"2022-06-01T02:00:23","guid":{"rendered":"https:\/\/domosistemas.com\/?p=16729"},"modified":"2022-06-01T02:00:23","modified_gmt":"2022-06-01T02:00:23","slug":"francisco-hortiguela-director-general-de-ametic","status":"publish","type":"post","link":"https:\/\/domosistemas.com\/?p=16729","title":{"rendered":"Francisco Hortig\u00fcela, director general de Ametic"},"content":{"rendered":"<div>\n<p>La patronal representante del sector de la industria tecnol\u00f3gica digital en Espa\u00f1a, <a href=\"https:\/\/ametic.es\/es\" target=\"_blank\" rel=\"noopener\">Ametic<\/a>, tiene el objetivo de ayudar a las empresas y entidades a beneficiarse de las oportunidades que proporciona el uso de las tecnolog\u00edas digitales. En esta entrevista, Francisco Hortig\u00fcela, director general de Ametic, explica la funci\u00f3n y los beneficios que aporta el nuevo Observatorio de Inteligencia Artificial, la importancia de los datos para aprovechar al m\u00e1ximo los procesos de digitalizaci\u00f3n y automatizaci\u00f3n mediante el uso de la inteligencia artificial, y habla de la ciberseguridad en el sector de los edificios inteligentes, entre otros temas.<\/p>\n<figure id=\"attachment_107569\" aria-describedby=\"caption-attachment-107569\" style=\"width: 800px\" class=\"wp-caption aligncenter\"><img decoding=\"async\" loading=\"lazy\" class=\"size-full wp-image-107569\" src=\"https:\/\/static.casadomo.com\/media\/2022\/05\/francisco-hortiguela-director-general-ametic.png\" alt=\"Francisco Hortig\u00fcela, director general Ametic. \" width=\"800\" height=\"416\" srcset=\"https:\/\/static.casadomo.com\/media\/2022\/05\/francisco-hortiguela-director-general-ametic.png 800w, https:\/\/static.casadomo.com\/media\/2022\/05\/francisco-hortiguela-director-general-ametic-300x156.png 300w, https:\/\/static.casadomo.com\/media\/2022\/05\/francisco-hortiguela-director-general-ametic-768x399.png 768w, https:\/\/static.casadomo.com\/media\/2022\/05\/francisco-hortiguela-director-general-ametic-180x94.png 180w\" sizes=\"auto, (max-width: 800px) 100vw, 800px\"><figcaption id=\"caption-attachment-107569\" class=\"wp-caption-text\">Francisco Hortig\u00fcela, director general de Ametic, ofrece su visi\u00f3n sobre la importancia de la IA, la ciberseguridad y la necesidad del desarrollo del sector de microelectr\u00f3nica en Espa\u00f1a.<\/figcaption><\/figure>\n<p><strong>CASADOMO: Recientemente, Ametic present\u00f3 el Observatorio de Inteligencia Artificial. \u00bfCu\u00e1l es su funci\u00f3n principal? \u00bfDe qu\u00e9 manera va a beneficiar y qu\u00e9 puede aportar al sector de los edificios inteligentes?<\/strong><\/p>\n<p><strong>Francisco Hortig\u00fcela:<\/strong> El objetivo que perseguimos con el <a href=\"https:\/\/www.casadomo.com\/2022\/03\/14\/nace-observatorio-inteligencia-artificial-ametic-fortalecer-aplicacion-tecnologia\">Observatorio de Inteligencia Artificial<\/a> es que todos los sectores se beneficien de las posibilidades que ofrece la inteligencia artificial (IA) para el desarrollo de las empresas y de las Administraciones, independientemente del tama\u00f1o y del sector en el que operan. Es un observatorio abierto y abarca desde el \u00e1mbito de la investigaci\u00f3n y la ciencia, a la universidad, las empresas o las administraciones.<\/p>\n<p>Respecto a c\u00f3mo se beneficiar\u00e1 el sector de los edificios inteligentes, hay que tener en cuenta que los edificios son una parte fundamental de nuestro d\u00eda a d\u00eda. La mayor parte de nuestras vidas, sobre todo en las ciudades, la pasamos en los edificios. Es ah\u00ed donde vivimos, donde trabajamos, donde nos entretenemos, nos cuidan y es, tambi\u00e9n, donde consumimos agua y energ\u00eda, adem\u00e1s de donde producimos residuos que tienen que ser reciclados.<\/p>\n<p>La inteligencia artificial tiene pr\u00e1cticamente infinitas aplicaciones en los edificios, desde la gesti\u00f3n del agua, la energ\u00eda, los residuos (econom\u00eda circular), los flujos de personas, la seguridad f\u00edsica y digital, y un largo etc\u00e9tera.<\/p>\n<p><strong>CASADOMO: La inteligencia artificial est\u00e1 cada vez m\u00e1s presente en multitud de tecnolog\u00edas. \u00bfC\u00f3mo puede ayudar la IA a impulsar el proceso de digitalizaci\u00f3n y automatizaci\u00f3n de los edificios? \u00bfDe qu\u00e9 manera beneficiar\u00e1 la IA a conseguir los objetivos de la descarbonizaci\u00f3n en edificios?<\/strong><\/p>\n<p><strong>Francisco Hortig\u00fcela:<\/strong> La IA tiene un impacto directo en el proceso de digitalizaci\u00f3n y automatizaci\u00f3n de los edificios, pero lo primero que necesitamos para ponernos a trabajar son datos que nos ayuden a conocer mejor el &#8216;comportamiento&#8217; del edificio y de sus usuarios.<\/p>\n<p>Los datos los conseguimos a trav\u00e9s de los diferentes sensores, como los de temperatura, presencia, flujos de personas, condiciones exteriores, etc. Todos ellos nos ayudar\u00e1n a dibujar y a conocer mejor el uso del edificio y las necesidades de sus habitantes\/usuarios.<\/p>\n<p>Una vez que tenemos los datos con la ayuda de la IA conseguiremos modelos predictivos que nos ayudar\u00e1n a optimizar los consumos de agua y energ\u00eda, as\u00ed como a reducir las emisiones de CO2 del edificio, al mismo tiempo que mejoramos su habitabilidad y su funcionamiento.<\/p>\n<p><strong>CASADOMO: Ametic tambi\u00e9n trabaja para ayudar a garantizar la seguridad empresarial. \u00bfCu\u00e1l es su valoraci\u00f3n del nivel de ciberseguridad en Espa\u00f1a? \u00bfQu\u00e9 medidas se podr\u00edan tomar para mejorar o impulsar a\u00fan m\u00e1s la ciberseguridad en el sector de los edificios inteligentes?<\/strong><\/p>\n<p><strong>Francisco Hortig\u00fcela:<\/strong> Espa\u00f1a es un pa\u00eds donde nos tomamos muy en serio la ciberseguridad. Adem\u00e1s, tenemos la suerte de contar con empresas de primer nivel en esta \u00e1rea y es fundamental para todos y, por supuesto, tambi\u00e9n para los edificios.<\/p>\n<p>No podemos olvidar que la base de la ciberseguridad es la concienciaci\u00f3n de su necesidad. Si la tecnolog\u00eda que se desarrolla para los edificios no tiene en cuenta la ciberseguridad, esa tecnolog\u00eda no sirve. Es como hacer un edificio sin control de accesos donde todo el mundo pueda entrar y no haya seguridad f\u00edsica. La seguridad digital es igual de importante que la f\u00edsica y no se puede infravalorar.<\/p>\n<p>La primera medida en aspectos de ciberseguridad es la formaci\u00f3n de todas aquellas personas implicadas en la gesti\u00f3n del edificio.<\/p>\n<p><strong>CASADOMO: El Plan de Recuperaci\u00f3n, Transformaci\u00f3n y Resiliencia prev\u00e9 importantes inversiones en materia de conectividad, ciberseguridad y en IA. \u00bfQu\u00e9 expectativas se presentan con los fondos de recuperaci\u00f3n europeos Next Generation EU? \u00bfDe qu\u00e9 manera influenciar\u00e1n estas ayudas en el desarrollo de nuevas tecnolog\u00edas centradas en los edificios inteligentes? Desde su punto de vista, \u00bfqu\u00e9 otras medidas podr\u00edan aplicarse para impulsar el desarrollo del sector en nuestro pa\u00eds?<\/strong><\/p>\n<p><strong>Francisco Hortig\u00fcela:<\/strong> Los Fondos Europeos son muy importantes para todos los sectores y, por supuesto, tambi\u00e9n para el desarrollo de edificios inteligentes. Estos son una necesidad, con y sin Fondos Europeos y, por ello, se seguir\u00e1n desarrollando. Pero, s\u00ed tenemos en cuenta que los grandes ejes de inversi\u00f3n de los Fondos Europeos NextGenEU son la Transformaci\u00f3n Digital y la Transici\u00f3n Energ\u00e9tica. Espa\u00f1a va a dedicar el 67% de esos fondos a estas dos \u00e1reas. Est\u00e1 claro que los edificios inteligentes van a beneficiarse, ya que aplica a estos dos conceptos de forma clara. As\u00ed, estos fondos van a suponer un gran impulso para los edificios inteligentes.<\/p>\n<p><strong>CASADOMO: El Gobierno de Espa\u00f1a ha aprobado el Proyecto Estrat\u00e9gico para la Recuperaci\u00f3n y Transformaci\u00f3n Econ\u00f3mica de Microelectr\u00f3nica y Semiconductores (<a href=\"https:\/\/www.casadomo.com\/2022\/05\/25\/aprobado-perte-chip-movilizara-inversion-publica-12250-millones-euros\">PERTE Chip<\/a>), \u00bfc\u00f3mo contribuir\u00e1 este PERTE al desarrollo del sector? \u00bfQu\u00e9 acciones llevar\u00e1 a cabo Ametic en este sentido?<\/strong><\/p>\n<p><strong>Francisco Hortig\u00fcela:<\/strong> La pandemia nos ha demostrado la importancia que tiene la industria en nuestra econom\u00eda y en nuestra sociedad, as\u00ed como la relevancia de ser m\u00e1s autosuficientes y no depender exclusivamente de la producci\u00f3n y suministros de otras regiones.<\/p>\n<p>Europa y Espa\u00f1a se han fijado como proyecto reducir esa independencia en varias \u00e1reas, entre ellas la de microelectr\u00f3nica y, para ello, se ha decidido hacer grandes inversiones para conseguir aumentar la producci\u00f3n de chips en Europa y en Espa\u00f1a.<\/p>\n<p>Desde Ametic llevamos mucho tiempo proponiendo la necesidad del desarrollo de sector de microelectr\u00f3nica en Espa\u00f1a. Estamos muy contentos de que por fin se haya dado ese paso y, por supuesto, vamos a colaborar para que se lleve a cabo con \u00e9xito y que Espa\u00f1a sea un referente en el desarrollo y fabricaci\u00f3n de microelectr\u00f3nica.<\/p>\n<p><b>CASADOMO: En cuanto a las principales l\u00edneas estrat\u00e9gicas de Ametic, \u00bfcu\u00e1l es el plan de acci\u00f3n que llevar\u00e1 a cabo la patronal a lo largo de este a\u00f1o? \u00bfC\u00f3mo\u00a0contribuir\u00e1 Ametic a la transformaci\u00f3n digital de Espa\u00f1a?<\/b><\/p>\n<p><strong>Francisco Hortig\u00fcela:<\/strong> Desde Ametic tenemos la obligaci\u00f3n de hacer todo lo posible para que la econom\u00eda, la industria, las administraciones y la sociedad en su conjunto, aprovechen al m\u00e1ximo el poder transformador de la digitalizaci\u00f3n, sobre todo en un momento tan importante como \u00e9ste, donde tenemos fondos y planes estrat\u00e9gicos que pueden transformar el pa\u00eds.<\/p>\n<p>Tenemos la suerte de contar con m\u00e1s de 300 organizaciones de primer nivel en el \u00e1mbito de la digitalizaci\u00f3n que todos los d\u00edas trabajan desde Ametic para conseguir este objetivo, fomentado la colaboraci\u00f3n con otras organizaciones y con las Administraciones. Nuestro objetivo es seguir desarrollando la industria digital, el talento digital y la innovaci\u00f3n que el pa\u00eds necesita, ahora y siempre.<\/p>\n<p>La entrada <a rel=\"nofollow\" href=\"https:\/\/www.casadomo.com\/2022\/06\/01\/francisco-hortiguela-director-general-ametic\">Francisco Hortig\u00fcela, director general de Ametic<\/a> aparece primero en <a rel=\"nofollow\" href=\"https:\/\/www.casadomo.com\/\">CASADOMO<\/a>.<\/p>\n<\/div>\n","protected":false},"excerpt":{"rendered":"<p>La patronal representante del sector de la industria tecnol\u00f3gica digital en Espa\u00f1a, Ametic, tiene el objetivo de ayudar a las empresas y entidades a beneficiarse de las oportunidades que proporciona el uso de las tecnolog\u00edas digitales. En esta entrevista, Francisco Hortig\u00fcela, director general de Ametic, explica la funci\u00f3n y los beneficios que aporta el nuevo &hellip; <a href=\"https:\/\/domosistemas.com\/?p=16729\" class=\"more-link\">Sigue leyendo <span class=\"screen-reader-text\">Francisco Hortig\u00fcela, director general de Ametic<\/span><\/a><\/p>\n","protected":false},"author":1,"featured_media":0,"comment_status":"closed","ping_status":"closed","sticky":false,"template":"","format":"standard","meta":{"footnotes":""},"categories":[3],"tags":[],"class_list":["post-16729","post","type-post","status-publish","format-standard","hentry","category-casadomo-com"],"_links":{"self":[{"href":"https:\/\/domosistemas.com\/index.php?rest_route=\/wp\/v2\/posts\/16729","targetHints":{"allow":["GET"]}}],"collection":[{"href":"https:\/\/domosistemas.com\/index.php?rest_route=\/wp\/v2\/posts"}],"about":[{"href":"https:\/\/domosistemas.com\/index.php?rest_route=\/wp\/v2\/types\/post"}],"author":[{"embeddable":true,"href":"https:\/\/domosistemas.com\/index.php?rest_route=\/wp\/v2\/users\/1"}],"replies":[{"embeddable":true,"href":"https:\/\/domosistemas.com\/index.php?rest_route=%2Fwp%2Fv2%2Fcomments&post=16729"}],"version-history":[{"count":0,"href":"https:\/\/domosistemas.com\/index.php?rest_route=\/wp\/v2\/posts\/16729\/revisions"}],"wp:attachment":[{"href":"https:\/\/domosistemas.com\/index.php?rest_route=%2Fwp%2Fv2%2Fmedia&parent=16729"}],"wp:term":[{"taxonomy":"category","embeddable":true,"href":"https:\/\/domosistemas.com\/index.php?rest_route=%2Fwp%2Fv2%2Fcategories&post=16729"},{"taxonomy":"post_tag","embeddable":true,"href":"https:\/\/domosistemas.com\/index.php?rest_route=%2Fwp%2Fv2%2Ftags&post=16729"}],"curies":[{"name":"wp","href":"https:\/\/api.w.org\/{rel}","templated":true}]}}