{"id":16738,"date":"2022-06-01T10:09:06","date_gmt":"2022-06-01T10:09:06","guid":{"rendered":"https:\/\/domosistemas.com\/?p=16738"},"modified":"2022-06-01T10:09:06","modified_gmt":"2022-06-01T10:09:06","slug":"esto-es-lo-que-te-costara-en-la-factura-de-la-luz-usar-el-aire-acondicionado-todos-los-dias-este-verano","status":"publish","type":"post","link":"https:\/\/domosistemas.com\/?p=16738","title":{"rendered":"Esto es lo que te costar\u00e1 en la factura de la luz usar el aire acondicionado todos los d\u00edas este verano"},"content":{"rendered":"<div>\n<p>\n      <img decoding=\"async\" src=\"https:\/\/i.blogs.es\/d66148\/4-way_airflow\/1024_2000.jpg\" alt=\"Esto es lo que te costar\u00e1 en la factura de la luz usar el aire acondicionado todos los d\u00edas este verano\">\n    <\/p>\n<\/p>\n<p>El calor ya est\u00e1 aqu\u00ed y ponemos en marcha nuestros equipos de <strong>aire acondicionado<\/strong> para tener la casa bien fresquita. Tras realizar las <a href=\"https:\/\/www.xatakahome.com\/electrodomesticos-innovadores\/como-preparar-aire-acondicionado-para-verano-cambiando-limpiando-filtros\">previas tareas de mantenimiento<\/a> ya estamos listos para dar al bot\u00f3n de encendido y empezar a disfrutar.<\/p>\n<p>El aire acondicionado es probablemente el sistema m\u00e1s efectivo y r\u00e1pido para <strong>refrigerar la vivienda<\/strong> de forma sencilla, logrando alcanzar la <a href=\"https:\/\/www.xatakahome.com\/electrodomesticos-innovadores\/esta-temperatura-ideal-aire-acondicionado-para-ahorrar-factura-luz-pasar-calor-verano\">temperatura ideal<\/a> en pocos minutos, aunque <strong>esta comodidad tiene un coste.<\/strong><!--more--><\/p>\n<p>Con el <a href=\"https:\/\/www.xataka.com\/energia\/precio-electricidad-caro-historia-manana-tarde-se-pagara-a-700-eur-mwh\">precio de la energ\u00eda el\u00e9ctrica disparado<\/a>, batiendo registro tras registro, ni la <a href=\"https:\/\/www.xatakahome.com\/iluminacion-y-energia\/hoy-entra-vigor-nueva-factura-luz-estas-horas-donde-tu-consumo-electrico-sera-barato\">nueva factura de la luz<\/a> ni probablemente <a href=\"https:\/\/www.xatakahome.com\/iluminacion-y-energia\/cambie-empresa-electrica-ahora-pago-mitad-esta-mi-experiencia\">habernos pasado a una tarifa libre<\/a>  pueda ayudarnos a hacer m\u00e1s llevadero el gasto que supone <strong>tener el aire acondicionado todo el d\u00eda encendido en casa<\/strong>. <\/p>\n<\/p>\n<div class=\"article-asset-video article-asset-normal\">\n<div class=\"asset-content\">\n<div class=\"base-asset-video\">\n<div class=\"js-dailymotion\">\n    <script type=\"application\/json\">\n           {\"videoId\":\"x81h7p2\",\"autoplay\":true,\"title\":\"NUEVA FACTURA DE LA LUZ: TODO LO QUE DEBES SABER para AHORRAR AL M\u00c1XIMO\", \"tag\":\"\"}\n         <\/script>\n   <\/div>\n<\/p><\/div>\n<\/p><\/div>\n<\/div>\n<p>A continuaci\u00f3n vamos a calcular cu\u00e1nto  puede llegar a costar tener el <strong>aire acondicionado encendido en casa<\/strong>, teniendo en cuenta algunas consideraciones previas. Por ejemplo, vamos a suponer que contamos con un modelo de gama media de entre 2.500 y 3.500 frigor\u00edas con un consumo el\u00e9ctrico que ronda los <strong>1.000 vatios (1 KWh) a pleno rendimiento<\/strong>. <\/p>\n<p><!-- BREAK 1 --><\/p>\n<p>Puede que el modelo concreto que tengamos en casa supere esta cifra o quede por debajo, dependiendo de su eficiencia, de si es de tipo port\u00e1til y de los a\u00f1os que tenga. Adem\u00e1s, probablemente si se trata de un dispositivo  con compresor de tipo Inverter o <a href=\"https:\/\/www.xataka.com\/domotica-1\/guia-compras-para-hacernos-aire-acondicionado-inteligente-aspectos-tener-cuenta-opciones-mercado\">un modelo con funcionamiento inteligente<\/a> no est\u00e9 todo el rato funcionando a la m\u00e1xima potencia, sino que tendr\u00e1 <strong>ciclos intermedios con un consumo mucho m\u00e1s reducido<\/strong> que bajar\u00e1 f\u00e1cilmente del 40-50%. <\/p>\n<\/p>\n<div class=\"article-asset-image article-asset-normal\">\n<div class=\"asset-content\">\n<p>  <img decoding=\"async\" alt=\"aire\" class=\"centro_sinmarco\" src=\"https:\/\/i.blogs.es\/63fbdc\/1366_2000\/450_1000.webp\"><\/p><\/div>\n<\/div>\n<p>Tambi\u00e9n vamos a suponer que disponemos de entre uno y tres aparatos de aire acondicionado en casa. Si contamos con m\u00e1s instalados tendremos luego que multiplicar por el n\u00famero de equipos totales que se ajuste a nuestro caso concreto. Adem\u00e1s, consideraremos que va a estar <strong>funcionando unas 10 horas de d\u00eda<\/strong> en horario de tarde, es decir a partir de las 12:00 que es cuando suele empezar el calor.<\/p>\n<p><!-- BREAK 2 --><\/p>\n<div class=\"article-asset article-asset-normal article-asset-center\">\n<div class=\"desvio-container\">\n<div class=\"desvio\">\n<div class=\"desvio-figure js-desvio-figure\">\n    <a href=\"https:\/\/www.xatakahome.com\/electrodomesticos-innovadores\/refrigeradores-evaporacion-ventajas-inconvenientes-que-fijarse-al-comprar-uno-modelos-recomendados\"><br \/>\n     <img decoding=\"async\" alt=\"Refrigeradores por evaporaci\u00f3n para acabar con el calor en casa: ventajas, inconvenientes y modelos recomendados\" src=\"https:\/\/i.blogs.es\/950b32\/61ks5th1apl._ac_sl1000_\/375_142.webp\" onerror='this.src=\"https:\/\/i.blogs.es\/950b32\/61ks5th1apl._ac_sl1000_\/375_142.jpg\"'><br \/>\n    <\/a>\n   <\/div>\n<div class=\"desvio-summary\">\n<div class=\"desvio-taxonomy js-desvio-taxonomy\">\n     <a href=\"https:\/\/www.xatakahome.com\/electrodomesticos-innovadores\/refrigeradores-evaporacion-ventajas-inconvenientes-que-fijarse-al-comprar-uno-modelos-recomendados\" class=\"desvio-taxonomy-anchor\">En Xataka Smart Home<\/a>\n    <\/div>\n<p>    <a href=\"https:\/\/www.xatakahome.com\/electrodomesticos-innovadores\/refrigeradores-evaporacion-ventajas-inconvenientes-que-fijarse-al-comprar-uno-modelos-recomendados\" class=\"desvio-title js-desvio-title\">Refrigeradores por evaporaci\u00f3n para acabar con el calor en casa: ventajas, inconvenientes y modelos recomendados<\/a>\n   <\/div>\n<\/p><\/div>\n<\/p><\/div>\n<\/div>\n<h2>Haciendo n\u00fameros<\/h2>\n<p>Muy bien, para empezar, lo primero que tenemos que hacer es averiguar el <strong>coste por cada KWh de la electricidad<\/strong> que vamos a consumir, cifra que varia cada hora del d\u00eda y que depender\u00e1 de cada compa\u00f1\u00eda el\u00e9ctrica, pero que podemos promediar con los datos de las \u00faltimas semanas para el horario de tarde (a partir de las 12:00) y atendiendo a lo marcado en la <a href=\"https:\/\/www.esios.ree.es\/es\/pvpc\">p\u00e1gina web de la Red El\u00e9ctrica Espa\u00f1ola<\/a> con un <strong>valor medio de unos 0,3\u20ac\/kWh<\/strong>, precio en bruto al que habr\u00e1 que sumar posteriormente impuestos cuando nos llegue el importe real en la factura.<\/p>\n<\/p>\n<div class=\"article-asset-image article-asset-normal\">\n<div class=\"asset-content\">\n<p>  <img decoding=\"async\" alt=\"Aire\" class=\"centro_sinmarco\" src=\"https:\/\/i.blogs.es\/a5a372\/aire-acondicionadoprecio\/450_1000.webp\"><\/p><\/div>\n<\/div>\n<p>Teniendo en cuenta todo esto, nuestro aparato de aire acondicionado de 1 KWh estar\u00e1 encendido cada d\u00eda 10 horas con un consumo de <strong>0,3\u20ac\/kWh<\/strong>. Esto supone unos <strong>3 euros diarios<\/strong>. Si multiplicamos por 30 d\u00edas hallamos el importe para el total del mes que asciende a unos 90 euros.<\/p>\n<p><!-- BREAK 3 --><\/p>\n<p>Recordemos que esta cifra es en el peor de los casos con un aire que est\u00e1 funcionando sin descansar a plena potencia, situaci\u00f3n que no se da salvo que haya temperaturas muy, muy elevadas y con una vivienda muy mal aislada, por lo que en un caso real con un equipo de tipo Inverter relativamente moderno podemos aproximar una cifra media m\u00e1s realista tomando aproximadamente el 50% de esa cantidad, lo que supone unos <strong>45 euros al mes<\/strong>.<\/p>\n<p><!-- BREAK 4 --><\/p>\n<div class=\"article-asset-image article-asset-normal\">\n<div class=\"asset-content\">\n<p>  <img decoding=\"async\" alt=\"Aire Acondicionado\" class=\"centro_sinmarco\" src=\"https:\/\/i.blogs.es\/f8807e\/aire-acondicionado-gastomensual\/450_1000.webp\"><\/p><\/div>\n<\/div>\n<p>Adem\u00e1s, estos c\u00e1lculos son para <strong>entre una y tres unidades<\/strong> de aire acondicionado, por lo que si tenemos una vivienda grande con alguno m\u00e1s deberemos multiplicar por el n\u00famero de equipos en funcionamiento, como podemos ver en el gr\u00e1fico. <\/p>\n<p><!-- BREAK 5 --><\/p>\n<p>Si pensamos tener el aire funcionando los tres meses de verano deberemos multiplicar tambi\u00e9n x3 las cantidades obtenidas para averiguar el total en todo el verano, teniendo as\u00ed unos valores que rondan los <strong>135 euros toda la temporada<\/strong> para un modelo de aire moderno tipo Inverter. <\/p>\n<p><!-- BREAK 6 --><\/p>\n<div class=\"article-asset-image article-asset-normal\">\n<div class=\"asset-content\">\n<div class=\"base-wrapper-image\" style=\"padding-top:63.340336134454%;\">\n<p>  <img decoding=\"async\" alt=\"Aire Acondicionado Gastototall\" class=\"centro_sinmarco\" src=\"https:\/\/i.blogs.es\/0ef453\/aire-acondicionado-gastototall\/450_1000.webp\"><\/p><\/div>\n<\/p><\/div>\n<\/div>\n<p>Por supuesto, estos resultados son valores aproximados y que depender\u00e1n mucho de la regi\u00f3n en la que vivamos, del tiempo que har\u00e1, de si tenemos bien aislada la casa, etc., pero pueden servirnos para hacernos una idea del coste final que nos puede suponer <strong>encender el aire acondicionado cada mes de verano<\/strong>.<\/p>\n<p><!-- BREAK 7 --><script>\n (function() {\n  window._JS_MODULES = window._JS_MODULES || {};\n  var headElement = document.getElementsByTagName('head')[0];\n  if (_JS_MODULES.instagram) {\n   var instagramScript = document.createElement('script');\n   instagramScript.src = 'https:\/\/platform.instagram.com\/en_US\/embeds.js';\n   instagramScript.async = true;\n   instagramScript.defer = true;\n   headElement.appendChild(instagramScript);\n  }\n })();\n<\/script><\/p>\n<p> &#8211; <br \/> La noticia<br \/>\n      <a href=\"https:\/\/www.xatakahome.com\/a-fondo\/esto-que-te-costara-factura-luz-usar-aire-acondicionado-todos-dias-este-verano?utm_source=feedburner&amp;utm_medium=feed&amp;utm_campaign=01_Jun_2022\"><br \/>\n       <em> Esto es lo que te costar\u00e1 en la factura de la luz usar el aire acondicionado todos los d\u00edas este verano <\/em><br \/>\n      <\/a><br \/>\n      fue publicada originalmente en<br \/>\n      <a href=\"https:\/\/www.xatakahome.com\/?utm_source=feedburner&amp;utm_medium=feed&amp;utm_campaign=01_Jun_2022\"><br \/>\n       <strong> Xataka Smart Home <\/strong><br \/>\n      <\/a><br \/>\n            por <a href=\"https:\/\/www.xatakahome.com\/autor\/paco-rodriguez?utm_source=feedburner&amp;utm_medium=feed&amp;utm_campaign=01_Jun_2022\"><br \/>\n       Paco Rodriguez<br \/>\n      <\/a><br \/>\n      . <\/p>\n<div class=\"feedflare\">\n<a href=\"http:\/\/feeds.weblogssl.com\/~ff\/Xatakahome?a=s0CO4NQS9R0:GXy1btZo_WI:yIl2AUoC8zA\"><img decoding=\"async\" src=\"http:\/\/feeds.feedburner.com\/~ff\/Xatakahome?d=yIl2AUoC8zA\" border=\"0\"><\/a>\n<\/div>\n<\/div>\n","protected":false},"excerpt":{"rendered":"<p>El calor ya est\u00e1 aqu\u00ed y ponemos en marcha nuestros equipos de aire acondicionado para tener la casa bien fresquita. Tras realizar las previas tareas de mantenimiento ya estamos listos para dar al bot\u00f3n de encendido y empezar a disfrutar. El aire acondicionado es probablemente el sistema m\u00e1s efectivo y r\u00e1pido para refrigerar la vivienda &hellip; <a href=\"https:\/\/domosistemas.com\/?p=16738\" class=\"more-link\">Sigue leyendo <span class=\"screen-reader-text\">Esto es lo que te costar\u00e1 en la factura de la luz usar el aire acondicionado todos los d\u00edas este verano<\/span><\/a><\/p>\n","protected":false},"author":1,"featured_media":0,"comment_status":"closed","ping_status":"closed","sticky":false,"template":"","format":"standard","meta":{"footnotes":""},"categories":[8],"tags":[],"class_list":["post-16738","post","type-post","status-publish","format-standard","hentry","category-xataka"],"_links":{"self":[{"href":"https:\/\/domosistemas.com\/index.php?rest_route=\/wp\/v2\/posts\/16738","targetHints":{"allow":["GET"]}}],"collection":[{"href":"https:\/\/domosistemas.com\/index.php?rest_route=\/wp\/v2\/posts"}],"about":[{"href":"https:\/\/domosistemas.com\/index.php?rest_route=\/wp\/v2\/types\/post"}],"author":[{"embeddable":true,"href":"https:\/\/domosistemas.com\/index.php?rest_route=\/wp\/v2\/users\/1"}],"replies":[{"embeddable":true,"href":"https:\/\/domosistemas.com\/index.php?rest_route=%2Fwp%2Fv2%2Fcomments&post=16738"}],"version-history":[{"count":0,"href":"https:\/\/domosistemas.com\/index.php?rest_route=\/wp\/v2\/posts\/16738\/revisions"}],"wp:attachment":[{"href":"https:\/\/domosistemas.com\/index.php?rest_route=%2Fwp%2Fv2%2Fmedia&parent=16738"}],"wp:term":[{"taxonomy":"category","embeddable":true,"href":"https:\/\/domosistemas.com\/index.php?rest_route=%2Fwp%2Fv2%2Fcategories&post=16738"},{"taxonomy":"post_tag","embeddable":true,"href":"https:\/\/domosistemas.com\/index.php?rest_route=%2Fwp%2Fv2%2Ftags&post=16738"}],"curies":[{"name":"wp","href":"https:\/\/api.w.org\/{rel}","templated":true}]}}