{"id":16765,"date":"2022-06-04T11:02:52","date_gmt":"2022-06-04T11:02:52","guid":{"rendered":"https:\/\/domosistemas.com\/?p=16765"},"modified":"2022-06-04T11:02:52","modified_gmt":"2022-06-04T11:02:52","slug":"como-preparar-el-frigorifico-cuando-te-vas-de-vacaciones-y-quieres-ahorrar-en-la-factura-de-la-luz","status":"publish","type":"post","link":"https:\/\/domosistemas.com\/?p=16765","title":{"rendered":"C\u00f3mo preparar el frigor\u00edfico cuando te vas de vacaciones y quieres ahorrar en la factura de la luz"},"content":{"rendered":"<div>\n<p>\n      <img decoding=\"async\" src=\"https:\/\/i.blogs.es\/042b41\/imagen-de-ios\/1024_2000.jpg\" alt=\"C\u00f3mo preparar el frigor\u00edfico cuando te vas de vacaciones y quieres ahorrar en la factura de la luz\">\n    <\/p>\n<\/p>\n<p>Llega el momento de abandonar la casa y nos preocupa la situaci\u00f3n en la que la dejamos, m\u00e1xime cuando tenemos que irnos de vacaciones. En este sentido y en funci\u00f3n del tiempo en el que vamos a estar ausente podemos pensar en <a href=\"https:\/\/www.xataka.com\/basics\/comparador-precios-tu-factura-luz-como-usar-facilmente-cnmc-que-necesitas-para-hacerlo\">aplicar unas u otras medidas para intentar ahorrar unos euros<\/a> en la factura de la luz. Una ecuaci\u00f3n el la que <strong>el frigor\u00edfico puede ser una parte esencial<\/strong>.<\/p>\n<p>Hemos visto <a href=\"https:\/\/www.xatakahome.com\/tutoriales\/como-usar-tu-cuadro-electrico-para-ahorrar-factura-luz-interruptores-cuadros-conectados-tus-mejores-aliados\">c\u00f3mo usar el cuadro el\u00e9ctrico<\/a> desconectando algunos elementos que no vamos a usar y en ese caso uno de los que casi siempre se quedaban encendido ser\u00e1 el frigor\u00edfico. Un frigor\u00edfico sin usar encendido una semana no supone un mayor problema pero imaginemos que <strong>nos vamos a ausentar un mes, dos meses o m\u00e1s<\/strong>. En ese caso quiz\u00e1s sea interesante bien desconectar el frigor\u00edfico o bien realizar algunos ajustes para que para que est\u00e9 consuma lo menos posible y eso es lo que vamos a ver en este art\u00edculo.<!--more--><\/p>\n<h2>Devorador de \u00abluz\u00bb<\/h2>\n<\/p>\n<div class=\"article-asset-image article-asset-normal\">\n<div class=\"asset-content\">\n<div class=\"base-wrapper-image\" style=\"padding-top:75%;\">\n<p>  <img decoding=\"async\" alt=\"Cocina\" class=\"centro_sinmarco\" src=\"https:\/\/i.blogs.es\/ee8e9a\/cocina\/450_1000.webp\"><\/p><\/div>\n<\/p><\/div>\n<\/div>\n<p>Hay que tener en cuenta que <strong>el frigor\u00edfico representa el elemento que m\u00e1s consume en el hogar<\/strong> y no por la potencia empleada, sino porque funciona los siete d\u00edas de la semana, las 24 horas del d\u00eda sin descanso. Seg\u00fan <a href=\"https:\/\/www.ocu.org\/electrodomesticos\/frigorificos\/consejos\/electrodomesticos-vacaciones\">un estudio de la OCU<\/a> (Organizaci\u00f3n de Consumidores y Usuarios), mantener un frigor\u00edfico funcionando durante todo un mes puede llegar a costar aproximadamente entre 3,5 y 7 euros en funci\u00f3n del tama\u00f1o, caracter\u00edsticas y prestaciones.<\/p>\n<p>Llegados a este punto queda por ver <strong>cu\u00e1l es la forma ideal en la que podemos dejar el frigor\u00edfico cuando nos vamos a ausentar de casa<\/strong>. Y en este sentido podemos optar por distintas formas de adecuar el uso de la nevera.<\/p>\n<p><!-- BREAK 1 --><\/p>\n<ul>\n<li>\n   Ajustando la temperatura de funcionamiento\n  <\/li>\n<li>\n   Usando s\u00f3lo el congelador\n  <\/li>\n<li>\n   Apagar la totalidad del frigor\u00edfico\n  <\/li>\n<\/ul>\n<h2>Ajustar la temperatura<\/h2>\n<\/p>\n<div class=\"article-asset-image article-asset-normal\">\n<div class=\"asset-content\">\n<div class=\"base-wrapper-image\" style=\"padding-top:76.875%;\">\n<p>  <img decoding=\"async\" alt=\"Termostato\" class=\"centro_sinmarco\" src=\"https:\/\/i.blogs.es\/ffb421\/termostato\/450_1000.webp\"><\/p><\/div>\n<\/p><\/div>\n<\/div>\n<p>Si optamos por dejarlo funcionando c\u00f3mo ante la imposibilidad, por el motivo que sea que impide dejarlo apagado, <strong>es fundamental mantenerlo con la temperatura adecuada<\/strong>. Casi todos los modelos de un tiempo a esta parte, permiten ajustar la temperatura de uso. En mi caso, por ejemplo, siempre lo tengo en modo \u00abEco\u00bb, pero se puede ajustar por encima o por debajo.<\/p>\n<p><!-- BREAK 2 --><\/p>\n<p>Lo ideal es dejarlo con la menor cantidad de alimentos dentro para que tenga que trabajar lo menos posible. C\u00f3mo no estaremos en casa sobran los consejos de no abrir la puerta en exceso o no introducir alimentos calientes. As\u00ed que nos centramos en la <a href=\"https:\/\/www.xatakahome.com\/electrodomesticos-innovadores\/esta-temperatura-ideal-frigorifico-congelador-para-ahorrar-factura-luz-conservar-bien-alimentos\">temperatura ideal<\/a>.<\/p>\n<\/p>\n<div class=\"article-asset article-asset-normal article-asset-center\">\n<div class=\"desvio-container\">\n<div class=\"desvio\">\n<div class=\"desvio-figure js-desvio-figure\">\n    <a href=\"https:\/\/www.xatakahome.com\/electrodomesticos-innovadores\/que-hay-que-mirar-para-comprar-frigorifico-asegurarnos-que-tenga-tecnologias-proximos-anos\"><br \/>\n     <img decoding=\"async\" alt=\"Qu\u00e9 hay que mirar para comprar un frigor\u00edfico y asegurarnos de que tenga las tecnolog\u00edas de los pr\u00f3ximos a\u00f1os\" src=\"https:\/\/i.blogs.es\/0865b3\/frigorifico\/375_142.webp\" onerror='this.src=\"https:\/\/i.blogs.es\/0865b3\/frigorifico\/375_142.jpeg\"'><br \/>\n    <\/a>\n   <\/div>\n<div class=\"desvio-summary\">\n<div class=\"desvio-taxonomy js-desvio-taxonomy\">\n     <a href=\"https:\/\/www.xatakahome.com\/electrodomesticos-innovadores\/que-hay-que-mirar-para-comprar-frigorifico-asegurarnos-que-tenga-tecnologias-proximos-anos\" class=\"desvio-taxonomy-anchor\">En Xataka Smart Home<\/a>\n    <\/div>\n<p>    <a href=\"https:\/\/www.xatakahome.com\/electrodomesticos-innovadores\/que-hay-que-mirar-para-comprar-frigorifico-asegurarnos-que-tenga-tecnologias-proximos-anos\" class=\"desvio-title js-desvio-title\">Qu\u00e9 hay que mirar para comprar un frigor\u00edfico y asegurarnos de que tenga las tecnolog\u00edas de los pr\u00f3ximos a\u00f1os<\/a>\n   <\/div>\n<\/p><\/div>\n<\/p><\/div>\n<\/div>\n<p>Para los modelos con \u00abfrigo\u00bb y congelador <strong>la temperatura ideal en el d\u00eda a d\u00eda<\/strong> oscila entre los 3\u00ba y 5\u00baC (a m\u00e1s fr\u00edo m\u00e1s consumo) para que tus alimentos mantengan los nutrientes en el caso de la nevera, mientras que en el congelador se recomienda el uso a -18\u00baC aproximadamente. En este \u00faltimo caso, esta temperatura es la id\u00f3nea para que tanto carnes como pescados no pierdan sus propiedades, mientras que bacterias y par\u00e1sitos que se encuentran ellas mueren a estas temperaturas.<\/p>\n<p><!-- BREAK 3 --><\/p>\n<div class=\"article-asset-image article-asset-normal\">\n<div class=\"asset-content\">\n<div class=\"base-wrapper-image\" style=\"padding-top:133.33333333333%;\">\n<p>  <img decoding=\"async\" alt=\"Control de temperatura en exterior\" class=\"centro_sinmarco\" src=\"https:\/\/i.blogs.es\/19fdf8\/imagen-de-ios-1-\/450_1000.webp\"><\/p><\/div>\n<\/p><\/div>\n<\/div>\n<p>Pero si nos vamos a ausentar tiempo, <strong>podemos subir esos grados<\/strong>, teniendo en cuenta los alimentos que dejamos. Podemos aprovechar que algunos modelos cuentan con un modo \u00abvacaciones\u00bb o lo podemos hacer nosotros a mano. Elevar los grados hasta alcanzar una temperatura de entre 10\u00ba y 15\u00ba para que consuma menos. <strong>Ojo, hay que tener en cuenta que alimentos vamos a dejar<\/strong>, pues esta temperatura es v\u00e1lida para m\u00e1s o menos conservar bebidas, panes, frutas, verduras, embutidos y similares.<\/p>\n<p><!-- BREAK 4 --><\/p>\n<div class=\"article-asset-image article-asset-normal\">\n<div class=\"asset-content\">\n<div class=\"base-wrapper-image\" style=\"padding-top:75.036603221083%;\">\n<p>  <img decoding=\"async\" alt=\"Temperatura\" class=\"centro_sinmarco\" src=\"https:\/\/i.blogs.es\/6c9f61\/temperatura\/450_1000.webp\"><\/p><\/div>\n<\/p><\/div>\n<\/div>\n<p><strong>Para cambiar la temperatura<\/strong> podemos usar bien un selector t\u00e1ctil o digital en los modelos m\u00e1s modernos o en el caso de los \u00abfrigos\u00bb m\u00e1s antiguos, un selector de temperatura que suele estar en el interior. Un termostato que puede estar fuera o dentro del frigor\u00edfico. Y junto a la temperatura, algunas consideraciones extra.<\/p>\n<p><!-- BREAK 5 --><\/p>\n<div class=\"article-asset-image article-asset-normal\">\n<div class=\"asset-content\">\n<div class=\"base-wrapper-image\" style=\"padding-top:66.640625%;\">\n<p>  <img decoding=\"async\" alt=\"Temperatura\" class=\"centro_sinmarco\" src=\"https:\/\/i.blogs.es\/97a3ba\/temperatura\/450_1000.webp\"><\/p><\/div>\n<\/p><\/div>\n<\/div>\n<p>Junto a esta medidas, es importante <strong>mantener los alimentos ordenados en el interior<\/strong> y con cierta separaci\u00f3n con el fin de facilitar la circulaci\u00f3n del aire de forma que el fr\u00edo se distribuya adecuadamente y se requiera un menor consumo. El fin es el de lograr una mayor eficacia en la relaci\u00f3n rendimiento consumo.<\/p>\n<p><!-- BREAK 6 --><\/p>\n<p>Igualmente el entorno es importante. Con calor exterior, es importante <a href=\"https:\/\/www.xatakahome.com\/iluminacion-y-energia\/mejor-forma-frenar-calor-aire-acondicionado-mantener-casa-fresca-como-utilizar-persianas-estores-toldos\">adoptar cualquier medida que pueda reducir la temperatura en casa<\/a>. El objetivo es <strong>que la nevera tenga a su alrededor la temperatura menos alta posible<\/strong> para minimizar la carga de trabajo.<\/p>\n<p>Por eso ventanas cerradas en la cocina, puertas cerradas (o abiertas, seg\u00fan el caso si as\u00ed refresca), uso de toldos&#8230; cualquier soluci\u00f3n para <strong>mantener en la cocina una temperatura lo m\u00e1s estable y baja<\/strong> dentro de nuestras posibilidades.<\/p>\n<p><!-- BREAK 7 --><\/p>\n<h2>Usar s\u00f3lo congelador<\/h2>\n<\/p>\n<div class=\"article-asset-image article-asset-normal\">\n<div class=\"asset-content\">\n<div class=\"base-wrapper-image\" style=\"padding-top:70.866141732283%;\">\n<p>  <img decoding=\"async\" alt=\"Congelador\" class=\"centro_sinmarco\" src=\"https:\/\/i.blogs.es\/934e43\/congelador\/450_1000.webp\"><\/p><\/div>\n<\/p><\/div>\n<\/div>\n<p>Otra opci\u00f3n pasa por <strong>desconectar el frigor\u00edfico pero dejar encendido s\u00f3lo el congelador<\/strong> y usar este a modo de nevera. Algo que s\u00f3lo ser\u00e1 posible en modelos que lo permitan y que permite optimizar el uso dejando s\u00f3lo funcionando el congelador y pasando la comida de una a otra zona.<\/p>\n<p><!-- BREAK 8 --><\/p>\n<p>Es algo que <strong>se puede hacer en modelos side by side, no tanto en los combi<\/strong>. Incluso si tenemos un congelador de tipo arc\u00f3n eficiente y con buen aislamiento. Podemos mantener los alimentos a una temperatura adecuada y anular unas las partes del electrodom\u00e9stico.<\/p>\n<p><!-- BREAK 9 --><\/p>\n<h2>Apagar el frigor\u00edfico\/congelador<\/h2>\n<\/p>\n<div class=\"article-asset-image article-asset-normal\">\n<div class=\"asset-content\">\n<div class=\"base-wrapper-image\" style=\"padding-top:66.640625%;\">\n<p>  <img decoding=\"async\" alt=\"Apagar\" class=\"centro_sinmarco\" src=\"https:\/\/i.blogs.es\/a223a4\/apagar\/450_1000.webp\"><\/p><\/div>\n<\/p><\/div>\n<\/div>\n<p>Respecto a apagar la totalidad del frigor\u00edfico, <strong>es una opci\u00f3n que cuenta tanto con defensores como con detractores<\/strong>. Los hay que afirman que hacerlo sirve para ahorrar electricidad mientras que otros afirman que lo que gasta al encenderlo de nuevo supondr\u00e1 un mayor consumo de energ\u00eda.<\/p>\n<p><!-- BREAK 10 --><\/p>\n<p>Para salir de dudas <strong>he preguntado a un servicio t\u00e9cnico, en este caso de Bosch<\/strong> por medio de su <a class=\"js-ecommerce\" href=\"https:\/\/www.xatakahome.com\/redirect?url=https%3A%2F%2Fwww.bosch-home.es%2Fservicio-oficial%2Fgarantias-y-asistencia%2Fasistente-interactivo%3FcontentType%3Dproducts&amp;category=a-fondo\">p\u00e1gina de soporte<\/a> y me han aconsejado que es conveniente \u00abpara evitar un gasto de electricidad, siempre y cuando se trate de periodos prolongados\u00bb. Mi pregunta era para un mes y adem\u00e1s me han indicado que una vez vac\u00edo deje las puertas abiertas, con un tope en forma de pa\u00f1o para que no se cierren y dejarlo desenchufado y vac\u00edo\u00bb.<\/p>\n<p>Para contrastar opiniones, he contactado con otra marca, Samsung, en su <a class=\"js-ecommerce\" href=\"https:\/\/www.xatakahome.com\/redirect?url=https%3A%2F%2Fwww.samsung.com%2Fes%2Fsupport%2Fcontact%2F&amp;category=a-fondo\">p\u00e1gina de soporte<\/a> y aqu\u00ed la respuesta ha sido otra la misma. Preguntando por un modelo combi me han contestado que si el modelo dispone de modo vacaciones, se puede activar este sistema que lo que hace es subir la temperatura de la nevera. Si no lo tiene, podemos vaciarlo y desenchufarlo\u00bb.<\/p>\n<\/p>\n<div class=\"article-asset-image article-asset-small article-asset-small_center\">\n<div class=\"asset-content\">\n<div class=\"base-wrapper-image\" style=\"padding-top:112.83333333333%;\">\n<p>  <img decoding=\"async\" alt=\"Nevera\" class=\"centro_sinmarco\" src=\"https:\/\/i.blogs.es\/2af133\/nevera\/450_1000.webp\"><\/p><\/div>\n<\/p><\/div>\n<\/div>\n<p>Eos s\u00ed, en ambas marcas me han informado que no es conveniente apagar y encender, a no ser que sea para periodos prolongados de tiempo. Para conocer el motivo, he preguntado en un servicio t\u00e9cnico de mi ciudad y me informan que en determinados modelos <em>apagar y luego volver a encender se produce un tiro de luz mayor que no compensa el que se vaya a dejar apagado, a no ser que ese periodo sea de un mes o m\u00e1s\u00bb<\/em>.<\/p>\n<p><!-- BREAK 11 --><\/p>\n<p>Adem\u00e1s me aclaran que \u00abandar apagando y encendiendo el frigor\u00edfico es algo que no conviene de cara al uso del gas que emplea para enfriar y a los conductos de refrigeraci\u00f3n. La presi\u00f3n del gas aumenta cuando est\u00e1 apagado y se pueden provocar con el tiempo fugas y p\u00e9rdidas\u00bb*.<\/p>\n<p><!-- BREAK 12 --><\/p>\n<p>Adem\u00e1s en el caso de los <strong>modelos antiguos que integren un congelador y no tengan el sistema \u00abno frost\u00bb<\/strong>, podemos toparnos con un problema extra al apagar el congelador.  <\/p>\n<p><!-- BREAK 13 --><\/p>\n<h2>Ojo a los congeladores sin sistema \u00abno frost\u00bb<\/h2>\n<\/p>\n<div class=\"article-asset-image article-asset-normal\">\n<div class=\"asset-content\">\n<div class=\"base-wrapper-image\" style=\"padding-top:81.918008784773%;\">\n<p>  <img decoding=\"async\" alt=\"Vaciar\" class=\"centro_sinmarco\" src=\"https:\/\/i.blogs.es\/8e9835\/vaciar\/450_1000.webp\"><\/p><\/div>\n<\/p><\/div>\n<\/div>\n<p>Apagar el congelador y de paso descongelar, <strong>ayuda a evitar la presencia de hielo y escarcha, algo que hace que el consumo de energ\u00eda sea mayor<\/strong>. Esto ocurre en los modelos que no son \u00abno frost\u00bb, puesto que los no frost evitan la acumulaci\u00f3n de hielo o escarcha<\/p>\n<p><!-- BREAK 14 --><\/p>\n<p><strong>Antes de apagar un congelador sin \u00abno frost\u00bb<\/strong>, debemos tener en cuenta que no es un proceso r\u00e1pido. El tiempo depende de c\u00f3mo de lleno tengamos el congelador, de forma que el proceso puede ir desde las 24 a las 48 horas.<\/p>\n<p><!-- BREAK 15 --><\/p>\n<p>Lo primero es vaciar el congelador de alimentos, bien para consumirlos o llevarlos a otro sitio en el que conservarlos. Tambi\u00e9n sacar los cajones. Llegados a ese punto basta con desenchufar el congelador y <strong>poner en el suelo pa\u00f1os que absorban el hielo que se va a ir derritiendo<\/strong> al dejar la puerta abierta. Si queremos acelerar el proceso podemos usar un secador (con precauci\u00f3n de no mojar el secador) o agua caliente.<\/p>\n<p><!-- BREAK 16 --><\/p>\n<p>Con el frigor\u00edfico ya apagado, y tambi\u00e9n el congelador y ya sin hielo, se puede quedar este desenchufado y <strong>en el caso del frigor\u00edfico, al estar vac\u00edo, se puede dejar con las puertas abiertas<\/strong> para evitar los malos olores.<\/p>\n<p><!-- BREAK 17 --><\/p>\n<div class=\"article-asset-video article-asset-normal\">\n<div class=\"asset-content\">\n<div class=\"base-asset-video\">\n<div class=\"js-dailymotion\">\n    <script type=\"application\/json\">\n           {\"videoId\":\"x80um4t\",\"autoplay\":true,\"title\":\"Las neveras y lavadoras M\u00c1S LOCAS y CARAS del IFA 2019\", \"tag\":\"lavadora\"}\n         <\/script>\n   <\/div>\n<\/p><\/div>\n<\/p><\/div>\n<\/div>\n<p>Una buena pr\u00e1ctica en este momento donde dejamos la nevera apagada, es <strong>optar por limpiar baldas y estantes<\/strong> para que est\u00e9n listas cuando vayamos a volver a usarlo y de esta forma evitar los restos de comida que hayan podido quedar y as\u00ed no tener luego malos olores.<\/p>\n<p><!-- BREAK 18 --><script>\n (function() {\n  window._JS_MODULES = window._JS_MODULES || {};\n  var headElement = document.getElementsByTagName('head')[0];\n  if (_JS_MODULES.instagram) {\n   var instagramScript = document.createElement('script');\n   instagramScript.src = 'https:\/\/platform.instagram.com\/en_US\/embeds.js';\n   instagramScript.async = true;\n   instagramScript.defer = true;\n   headElement.appendChild(instagramScript);\n  }\n })();\n<\/script><\/p>\n<p> &#8211; <br \/> La noticia<br \/>\n      <a href=\"https:\/\/www.xatakahome.com\/a-fondo\/como-preparar-frigorifico-cuando-te-vas-vacaciones-quieres-ahorrar-factura-luz?utm_source=feedburner&amp;utm_medium=feed&amp;utm_campaign=04_Jun_2022\"><br \/>\n       <em> C\u00f3mo preparar el frigor\u00edfico cuando te vas de vacaciones y quieres ahorrar en la factura de la luz <\/em><br \/>\n      <\/a><br \/>\n      fue publicada originalmente en<br \/>\n      <a href=\"https:\/\/www.xatakahome.com\/?utm_source=feedburner&amp;utm_medium=feed&amp;utm_campaign=04_Jun_2022\"><br \/>\n       <strong> Xataka Smart Home <\/strong><br \/>\n      <\/a><br \/>\n            por <a href=\"https:\/\/www.xatakahome.com\/autor\/jose-antonio-carmona?utm_source=feedburner&amp;utm_medium=feed&amp;utm_campaign=04_Jun_2022\"><br \/>\n       Jose Antonio Carmona<br \/>\n      <\/a><br \/>\n      . <\/p>\n<div class=\"feedflare\">\n<a href=\"http:\/\/feeds.weblogssl.com\/~ff\/Xatakahome?a=Ucm543R_3JM:Mg7slzHJDYQ:yIl2AUoC8zA\"><img decoding=\"async\" src=\"http:\/\/feeds.feedburner.com\/~ff\/Xatakahome?d=yIl2AUoC8zA\" border=\"0\"><\/a>\n<\/div>\n<\/div>\n","protected":false},"excerpt":{"rendered":"<p>Llega el momento de abandonar la casa y nos preocupa la situaci\u00f3n en la que la dejamos, m\u00e1xime cuando tenemos que irnos de vacaciones. En este sentido y en funci\u00f3n del tiempo en el que vamos a estar ausente podemos pensar en aplicar unas u otras medidas para intentar ahorrar unos euros en la factura &hellip; <a href=\"https:\/\/domosistemas.com\/?p=16765\" class=\"more-link\">Sigue leyendo <span class=\"screen-reader-text\">C\u00f3mo preparar el frigor\u00edfico cuando te vas de vacaciones y quieres ahorrar en la factura de la luz<\/span><\/a><\/p>\n","protected":false},"author":1,"featured_media":0,"comment_status":"closed","ping_status":"closed","sticky":false,"template":"","format":"standard","meta":{"footnotes":""},"categories":[8],"tags":[],"class_list":["post-16765","post","type-post","status-publish","format-standard","hentry","category-xataka"],"_links":{"self":[{"href":"https:\/\/domosistemas.com\/index.php?rest_route=\/wp\/v2\/posts\/16765","targetHints":{"allow":["GET"]}}],"collection":[{"href":"https:\/\/domosistemas.com\/index.php?rest_route=\/wp\/v2\/posts"}],"about":[{"href":"https:\/\/domosistemas.com\/index.php?rest_route=\/wp\/v2\/types\/post"}],"author":[{"embeddable":true,"href":"https:\/\/domosistemas.com\/index.php?rest_route=\/wp\/v2\/users\/1"}],"replies":[{"embeddable":true,"href":"https:\/\/domosistemas.com\/index.php?rest_route=%2Fwp%2Fv2%2Fcomments&post=16765"}],"version-history":[{"count":0,"href":"https:\/\/domosistemas.com\/index.php?rest_route=\/wp\/v2\/posts\/16765\/revisions"}],"wp:attachment":[{"href":"https:\/\/domosistemas.com\/index.php?rest_route=%2Fwp%2Fv2%2Fmedia&parent=16765"}],"wp:term":[{"taxonomy":"category","embeddable":true,"href":"https:\/\/domosistemas.com\/index.php?rest_route=%2Fwp%2Fv2%2Fcategories&post=16765"},{"taxonomy":"post_tag","embeddable":true,"href":"https:\/\/domosistemas.com\/index.php?rest_route=%2Fwp%2Fv2%2Ftags&post=16765"}],"curies":[{"name":"wp","href":"https:\/\/api.w.org\/{rel}","templated":true}]}}