{"id":16846,"date":"2022-06-13T10:08:27","date_gmt":"2022-06-13T10:08:27","guid":{"rendered":"https:\/\/domosistemas.com\/?p=16846"},"modified":"2022-06-13T10:08:27","modified_gmt":"2022-06-13T10:08:27","slug":"tener-un-ventilador-todo-el-dia-encendido-sale-barato-esto-es-lo-que-te-costara-en-la-factura-de-la-luz-este-verano","status":"publish","type":"post","link":"https:\/\/domosistemas.com\/?p=16846","title":{"rendered":"Tener un ventilador todo el d\u00eda encendido sale barato: esto es lo que te costar\u00e1 en la factura de la luz este verano"},"content":{"rendered":"<div>\n<p>\n      <img decoding=\"async\" src=\"https:\/\/i.blogs.es\/b65588\/1830005772-turbo-silence-photoskit-rowenta-dtc-es\/1024_2000.jpg\" alt=\"Tener un ventilador todo el d\u00eda encendido sale barato: esto es lo que te costar\u00e1 en la factura de la luz este verano\">\n    <\/p>\n<\/p>\n<p>El calor ya est\u00e1 aqu\u00ed y si no tenemos aire acondicionado en casa podemos optar por utilizar los <strong>cl\u00e1sicos ventiladores de aspas de toda la vida<\/strong>, ya sean sencillos, <a href=\"https:\/\/www.xataka.com\/seleccion\/guia-compra-ventiladores-conectados-recomendaciones-elegir-modelo-inteligente-wifi-ocho-modelos-50-euros\">inteligentes<\/a> o incluso en formato torre con <a href=\"https:\/\/www.xatakahome.com\/electrodomesticos-innovadores\/refrigeradores-evaporacion-ventajas-inconvenientes-que-fijarse-al-comprar-uno-modelos-recomendados\">sistema de evaporaci\u00f3n<\/a>, con los que conseguir una sensaci\u00f3n t\u00e9rmica m\u00e1s agradable en casa.<\/p>\n<p>Sin embargo, probablemente nos pasar\u00e1 por la mente antes de instalar los ventiladores y ponerlos a pleno funcionamiento si <strong>resultar\u00e1 muy caro hacerlo<\/strong>, sobre todo si encendemos varios de ellos cada d\u00eda en diferentes habitaciones.<!--more--><\/p>\n<p>Con el <a href=\"https:\/\/www.xataka.com\/energia\/precio-electricidad-caro-historia-manana-tarde-se-pagara-a-700-eur-mwh\">precio de la energ\u00eda el\u00e9ctrica disparado<\/a>, batiendo registro tras registro, ni la <a href=\"https:\/\/www.xatakahome.com\/iluminacion-y-energia\/hoy-entra-vigor-nueva-factura-luz-estas-horas-donde-tu-consumo-electrico-sera-barato\">nueva factura de la luz<\/a> ni quiz\u00e1 <a href=\"https:\/\/www.xatakahome.com\/iluminacion-y-energia\/cambie-empresa-electrica-ahora-pago-mitad-esta-mi-experiencia\">habernos pasado a una tarifa libre<\/a>  pueda ayudarnos a hacer m\u00e1s llevadero el gasto que supone <strong>tener estos equipos todo el d\u00eda encendidos en casa<\/strong>. <\/p>\n<\/p>\n<div class=\"article-asset-video article-asset-normal\">\n<div class=\"asset-content\">\n<div class=\"base-asset-video\">\n<div class=\"js-dailymotion\">\n    <script type=\"application\/json\">\n           {\"videoId\":\"x81h7p2\",\"autoplay\":true,\"title\":\"NUEVA FACTURA DE LA LUZ: TODO LO QUE DEBES SABER para AHORRAR AL M\u00c1XIMO\", \"tag\":\"\"}\n         <\/script>\n   <\/div>\n<\/p><\/div>\n<\/p><\/div>\n<\/div>\n<p>A continuaci\u00f3n vamos a calcular cu\u00e1nto  puede llegar a costar usar en casa los cl\u00e1sicos <strong>ventiladores tradicionales<\/strong>, teniendo en cuenta algunas consideraciones previas. Por ejemplo, vamos a suponer que contamos con un modelo de gama media con un consumo el\u00e9ctrico que ronda los <strong>50-70 vatios como m\u00e1ximo a pleno rendimiento<\/strong>. <\/p>\n<p><!-- BREAK 1 --><\/p>\n<p>Es una cifra algo elevada que solo alcanzan algunos modelos con funciones extra como evaporadores, oscilaci\u00f3n, etc. Lo habitual es que <strong>no superen los 50-60 vatios<\/strong>. Tambi\u00e9n hay modelos que gastan m\u00e1s de 100 vatios. Son esos <strong>gigantes de tipo industrial<\/strong>, mucho m\u00e1s potentes y ruidosos que no suelen usarse en viviendas, pero si ten\u00e9is uno de estos vuestro consumo podr\u00e1 ser superior.<\/p>\n<p><!-- BREAK 2 --><\/p>\n<div class=\"article-asset article-asset-normal article-asset-center\">\n<div class=\"desvio-container\">\n<div class=\"desvio\">\n<div class=\"desvio-figure js-desvio-figure\">\n    <a href=\"https:\/\/www.xatakahome.com\/a-fondo\/esto-que-te-costara-factura-luz-usar-aire-acondicionado-todos-dias-este-verano\"><br \/>\n     <img decoding=\"async\" alt=\"Esto es lo que te costar\u00e1 encender el aire acondicionado todos los d\u00edas este verano\" src=\"https:\/\/i.blogs.es\/d66148\/4-way_airflow\/375_142.webp\" onerror='this.src=\"https:\/\/i.blogs.es\/d66148\/4-way_airflow\/375_142.jpg\"'><br \/>\n    <\/a>\n   <\/div>\n<div class=\"desvio-summary\">\n<div class=\"desvio-taxonomy js-desvio-taxonomy\">\n     <a href=\"https:\/\/www.xatakahome.com\/a-fondo\/esto-que-te-costara-factura-luz-usar-aire-acondicionado-todos-dias-este-verano\" class=\"desvio-taxonomy-anchor\">En Xataka Smart Home<\/a>\n    <\/div>\n<p>    <a href=\"https:\/\/www.xatakahome.com\/a-fondo\/esto-que-te-costara-factura-luz-usar-aire-acondicionado-todos-dias-este-verano\" class=\"desvio-title js-desvio-title\">Esto es lo que te costar\u00e1 encender el aire acondicionado todos los d\u00edas este verano<\/a>\n   <\/div>\n<\/p><\/div>\n<\/p><\/div>\n<\/div>\n<p>Tambi\u00e9n vamos a realizar los c\u00e1lculos suponiendo que tenemos hasta <strong>tres de estos equipos funcionando simult\u00e1neamente<\/strong>, por ejemplo uno con evaporador y dos solo ventiladores, o los tres ventiladores. Adem\u00e1s, consideraremos que va a estar <strong>funcionando unas 10 horas de d\u00eda<\/strong> en horario de tarde, es decir a partir de las 12:00 que es cuando suele empezar el calor.<\/p>\n<p><!-- BREAK 3 --><\/p>\n<h2>Haciendo n\u00fameros<\/h2>\n<p>Muy bien, para empezar, lo primero que tenemos que hacer es averiguar el <strong>coste por cada KWh de la electricidad<\/strong> que vamos a consumir, cifra que varia cada hora del d\u00eda y que depender\u00e1 de cada compa\u00f1\u00eda el\u00e9ctrica, pero que podemos promediar con los datos de las \u00faltimas semanas para el horario de tarde (a partir de las 12:00) y atendiendo a lo marcado en la <a href=\"https:\/\/www.esios.ree.es\/es\/pvpc\">p\u00e1gina web de la Red El\u00e9ctrica Espa\u00f1ola<\/a> con un <strong>valor medio de unos 0,3\u20ac\/kWh<\/strong>, precio en bruto al que habr\u00e1 que sumar posteriormente impuestos cuando nos llegue el importe real en la factura.<\/p>\n<\/p>\n<div class=\"article-asset-image article-asset-normal\">\n<div class=\"asset-content\">\n<div class=\"base-wrapper-image\" style=\"padding-top:52.621359223301%;\">\n<p>  <img decoding=\"async\" alt=\"Aire Acondicionadoprecio\" class=\"centro_sinmarco\" src=\"https:\/\/i.blogs.es\/4a4a5a\/aire-acondicionadoprecio\/450_1000.webp\"><\/p><\/div>\n<\/p><\/div>\n<\/div>\n<p>Teniendo en cuenta todo esto, nuestro ventilador de 70 vatios (0,07kWh) estar\u00e1 encendido cada d\u00eda 10 horas con un consumo de <strong>0,3\u20ac\/kWh<\/strong>. Esto supone unos <strong>0,21 euros diarios<\/strong>. Si multiplicamos por 30 d\u00edas hallamos el importe para el total del mes que asciende a unos 6,3 euros.<\/p>\n<p><!-- BREAK 4 --><\/p>\n<div class=\"article-asset-image article-asset-normal\">\n<div class=\"asset-content\">\n<div class=\"base-wrapper-image\" style=\"padding-top:63.809523809524%;\">\n<p>  <img decoding=\"async\" alt=\"Gasto Ventiladores\" class=\"centro_sinmarco\" src=\"https:\/\/i.blogs.es\/ae140b\/gasto-ventiladores\/450_1000.webp\"><\/p><\/div>\n<\/p><\/div>\n<\/div>\n<p>Recordemos que esta cifra es en el peor de los casos con un ventilador que est\u00e1 funcionando sin descansar a plena potencia. Adem\u00e1s, si pensamos tener los ventiladores funcionando los tres meses de verano deberemos multiplicar tambi\u00e9n x3 las cantidades obtenidas para averiguar el total en todo el verano, teniendo as\u00ed unos valores que rondan los <strong>18,9 euros toda la temporada<\/strong> para un solo ventilador.<\/p>\n<p><!-- BREAK 5 --><\/p>\n<p>Por supuesto, estos resultados son valores aproximados y que depender\u00e1n mucho de la regi\u00f3n en la que vivamos, del tiempo que har\u00e1, de si tenemos bien aislada la casa, de que no cambien los precios de la luz, etc., pero pueden servirnos para hacernos una idea del coste final que nos puede suponer <strong>usar nuestros ventiladores cada mes de verano<\/strong>.<\/p>\n<p><!-- BREAK 6 --><script>\n (function() {\n  window._JS_MODULES = window._JS_MODULES || {};\n  var headElement = document.getElementsByTagName('head')[0];\n  if (_JS_MODULES.instagram) {\n   var instagramScript = document.createElement('script');\n   instagramScript.src = 'https:\/\/platform.instagram.com\/en_US\/embeds.js';\n   instagramScript.async = true;\n   instagramScript.defer = true;\n   headElement.appendChild(instagramScript);\n  }\n })();\n<\/script><\/p>\n<p> &#8211; <br \/> La noticia<br \/>\n      <a href=\"https:\/\/www.xatakahome.com\/a-fondo\/tener-ventilador-todo-dia-encendido-sale-barato-esto-que-te-costara-factura-luz-este-verano?utm_source=feedburner&amp;utm_medium=feed&amp;utm_campaign=13_Jun_2022\"><br \/>\n       <em> Tener un ventilador todo el d\u00eda encendido sale barato: esto es lo que te costar\u00e1 en la factura de la luz este verano <\/em><br \/>\n      <\/a><br \/>\n      fue publicada originalmente en<br \/>\n      <a href=\"https:\/\/www.xatakahome.com\/?utm_source=feedburner&amp;utm_medium=feed&amp;utm_campaign=13_Jun_2022\"><br \/>\n       <strong> Xataka Smart Home <\/strong><br \/>\n      <\/a><br \/>\n            por <a href=\"https:\/\/www.xatakahome.com\/autor\/paco-rodriguez?utm_source=feedburner&amp;utm_medium=feed&amp;utm_campaign=13_Jun_2022\"><br \/>\n       Paco Rodriguez<br \/>\n      <\/a><br \/>\n      . <\/p>\n<div class=\"feedflare\">\n<a href=\"http:\/\/feeds.weblogssl.com\/~ff\/Xatakahome?a=cibMS4ysQGE:C-mceJzm0ZQ:yIl2AUoC8zA\"><img decoding=\"async\" src=\"http:\/\/feeds.feedburner.com\/~ff\/Xatakahome?d=yIl2AUoC8zA\" border=\"0\"><\/a>\n<\/div>\n<\/div>\n","protected":false},"excerpt":{"rendered":"<p>El calor ya est\u00e1 aqu\u00ed y si no tenemos aire acondicionado en casa podemos optar por utilizar los cl\u00e1sicos ventiladores de aspas de toda la vida, ya sean sencillos, inteligentes o incluso en formato torre con sistema de evaporaci\u00f3n, con los que conseguir una sensaci\u00f3n t\u00e9rmica m\u00e1s agradable en casa. Sin embargo, probablemente nos pasar\u00e1 &hellip; <a href=\"https:\/\/domosistemas.com\/?p=16846\" class=\"more-link\">Sigue leyendo <span class=\"screen-reader-text\">Tener un ventilador todo el d\u00eda encendido sale barato: esto es lo que te costar\u00e1 en la factura de la luz este verano<\/span><\/a><\/p>\n","protected":false},"author":1,"featured_media":0,"comment_status":"closed","ping_status":"closed","sticky":false,"template":"","format":"standard","meta":{"footnotes":""},"categories":[8],"tags":[],"class_list":["post-16846","post","type-post","status-publish","format-standard","hentry","category-xataka"],"_links":{"self":[{"href":"https:\/\/domosistemas.com\/index.php?rest_route=\/wp\/v2\/posts\/16846","targetHints":{"allow":["GET"]}}],"collection":[{"href":"https:\/\/domosistemas.com\/index.php?rest_route=\/wp\/v2\/posts"}],"about":[{"href":"https:\/\/domosistemas.com\/index.php?rest_route=\/wp\/v2\/types\/post"}],"author":[{"embeddable":true,"href":"https:\/\/domosistemas.com\/index.php?rest_route=\/wp\/v2\/users\/1"}],"replies":[{"embeddable":true,"href":"https:\/\/domosistemas.com\/index.php?rest_route=%2Fwp%2Fv2%2Fcomments&post=16846"}],"version-history":[{"count":0,"href":"https:\/\/domosistemas.com\/index.php?rest_route=\/wp\/v2\/posts\/16846\/revisions"}],"wp:attachment":[{"href":"https:\/\/domosistemas.com\/index.php?rest_route=%2Fwp%2Fv2%2Fmedia&parent=16846"}],"wp:term":[{"taxonomy":"category","embeddable":true,"href":"https:\/\/domosistemas.com\/index.php?rest_route=%2Fwp%2Fv2%2Fcategories&post=16846"},{"taxonomy":"post_tag","embeddable":true,"href":"https:\/\/domosistemas.com\/index.php?rest_route=%2Fwp%2Fv2%2Ftags&post=16846"}],"curies":[{"name":"wp","href":"https:\/\/api.w.org\/{rel}","templated":true}]}}