{"id":16850,"date":"2022-06-13T16:12:17","date_gmt":"2022-06-13T16:12:17","guid":{"rendered":"https:\/\/domosistemas.com\/?p=16850"},"modified":"2022-06-13T16:12:17","modified_gmt":"2022-06-13T16:12:17","slug":"lidl-tiene-el-ventilador-ideal-para-no-pasar-calor-este-verano-1199e-compacto-y-gasta-poco-mas-que-una-bombilla","status":"publish","type":"post","link":"https:\/\/domosistemas.com\/?p=16850","title":{"rendered":"LIDL tiene el ventilador ideal para no pasar calor este verano: 11,99\u20ac, compacto y gasta poco m\u00e1s que una bombilla"},"content":{"rendered":"<div>\n<p>\n      <img decoding=\"async\" src=\"https:\/\/i.blogs.es\/39643e\/ventilador444489894489\/1024_2000.jpg\" alt=\"LIDL tiene el ventilador ideal para no pasar calor este verano: 11,99\u20ac, compacto y gasta poco m\u00e1s que una bombilla\">\n    <\/p>\n<\/p>\n<p>LIDL cuenta en su cat\u00e1logo con <a href=\"https:\/\/www.xatakahome.com\/guia-de-compra\/lidl-liquida-aires-acondicionados-portatiles-199-euros-para-no-pasar-calor-casa\">interesantes productos de refrigeraci\u00f3n<\/a> con los que ayudarnos a pasar el calor de este verano, que apuestan sobre todo por ofrecer funcionalidades b\u00e1sicas para lograr unos <strong>precios de lo m\u00e1s irresistibles<\/strong>, algo que han aplicado en este ventilador compacto que nos costar\u00e1 solo <a class=\"js-ecommerce\" href=\"https:\/\/www.xatakahome.com\/redirect?url=https%3A%2F%2Fwww.lidl.es%2Fes%2Fventilador-de-sobremesa-220-240-v%2Fp23615&amp;category=accesorios\">11,99 euros<\/a>.<\/p>\n<p><!-- PIVOT START -->\n<\/p>\n<div class=\"pivot-ecommerce-container\">\n<div class=\"pivot-ecommerce\">\n<div class=\"pivot-ecommerce-figure\">\n   <img decoding=\"async\" alt=\"Ventilador de sobremesa compacto\" src=\"https:\/\/i.blogs.es\/c5ffcc\/ventilador\/original.webp\" onerror='this.src=\"https:\/\/i.blogs.es\/c5ffcc\/ventilador\/original.jpeg\"'>\n  <\/div>\n<div class=\"pivot-ecommerce-summary\">\n<p class=\"pivot-ecommerce-desc\">Ventilador de sobremesa compacto<\/p>\n<div class=\"pivot-actions js-pivot-actions\">\n<div class=\"pivot-actions-row\">\n <a rel=\"nofollow noopener\" target=\"_blank\" data-asin=\"\" data-store=\"LIDL\" href=\"https:\/\/www.xatakahome.com\/redirect?url=https%3A%2F%2Fwww.lidl.es%2Fes%2Fventilador-de-sobremesa-220-240-v%2Fp23615&amp;category=accesorios&amp;pivot=1\" title=\"Precio de venta al p\u00fablico a fecha de publicaci\u00f3n\" class=\"pivot-action-primary js-pivot-action\">PVP en LIDL 11,99\u20ac<\/a>\n<\/div>\n<div class=\"pivot-actions-row\">\n <\/div>\n<\/p><\/div>\n<\/p><\/div>\n<\/p><\/div>\n<\/div>\n<p><!-- PIVOT END --><\/p>\n<p><!--more--><\/p>\n<h2>Compacto, ligero y de bajo consumo<\/h2>\n<\/p>\n<div class=\"article-asset-image article-asset-normal\">\n<div class=\"asset-content\">\n<div class=\"base-wrapper-image\" style=\"padding-top:66.192468619247%;\">\n<p>  <img decoding=\"async\" alt=\"Ventilador\" class=\"centro_sinmarco\" src=\"https:\/\/i.blogs.es\/87449c\/ventilador\/450_1000.webp\"><\/p><\/div>\n<\/p><\/div>\n<\/div>\n<p>Se trata de un <strong>modelo de sobremesa<\/strong> fabricado por Silver Crest que apuesta por un peque\u00f1o tama\u00f1o y un <strong>consumo energ\u00e9tico reducido<\/strong> que nos permitir\u00e1 tenerlo encendido todo el d\u00eda sin preocuparnos de que suba la factura de la luz.<\/p>\n<p><!-- BREAK 1 --><\/p>\n<p>En concreto, tiene unas dimensiones de <strong>27 x 15,5 x 28 cm<\/strong>. con tres aspas rotatorias y una rejilla protectora con di\u00e1metro de 22 cm que consumen una <strong>potencia nominal de 21 vatios<\/strong>, muy inferior a los t\u00edpicos ventiladores de pie que superan los 50-60 vatios.<\/p>\n<p><!-- BREAK 2 --><\/p>\n<div class=\"article-asset article-asset-normal article-asset-center\">\n<div class=\"desvio-container\">\n<div class=\"desvio\">\n<div class=\"desvio-figure js-desvio-figure\">\n    <a href=\"https:\/\/www.xatakahome.com\/guia-de-compra\/que-sencillo-barato-ventilador-usb-mejor-aliado-tu-smart-tv-router-dispositivos-verano\"><br \/>\n     <img decoding=\"async\" alt=\"Por qu\u00e9 un sencillo y barato ventilador USB es el mejor aliado de tu Smart TV, router y dispositivos en verano\" src=\"https:\/\/i.blogs.es\/e67612\/caa44a2b-7e94-4126-b34c-a2f6fe029fe5.__cr0-0-970-600_pt0_sx970_v1___\/375_142.webp\" onerror='this.src=\"https:\/\/i.blogs.es\/e67612\/caa44a2b-7e94-4126-b34c-a2f6fe029fe5.__cr0-0-970-600_pt0_sx970_v1___\/375_142.jpg\"'><br \/>\n    <\/a>\n   <\/div>\n<div class=\"desvio-summary\">\n<div class=\"desvio-taxonomy js-desvio-taxonomy\">\n     <a href=\"https:\/\/www.xatakahome.com\/guia-de-compra\/que-sencillo-barato-ventilador-usb-mejor-aliado-tu-smart-tv-router-dispositivos-verano\" class=\"desvio-taxonomy-anchor\">En Xataka Smart Home<\/a>\n    <\/div>\n<p>    <a href=\"https:\/\/www.xatakahome.com\/guia-de-compra\/que-sencillo-barato-ventilador-usb-mejor-aliado-tu-smart-tv-router-dispositivos-verano\" class=\"desvio-title js-desvio-title\">Por qu\u00e9 un sencillo y barato ventilador USB es el mejor aliado de tu Smart TV, router y dispositivos en verano<\/a>\n   <\/div>\n<\/p><\/div>\n<\/p><\/div>\n<\/div>\n<p>Viene con un cable de 180 cm. que tenemos que conectar directamente a cualquier toma de 220-240 V de la casa y tiene un <strong>sistema de inclinaci\u00f3n regulable<\/strong> de forma manual para que podamos dirigir el chorro de aire hacia donde queramos.<\/p>\n<p><!-- BREAK 3 --><\/p>\n<p>Entre sus ventajas nos encontramos que dado su peque\u00f1o tama\u00f1o y peso de solo <strong>1,02 kilos<\/strong>, es <strong>f\u00e1cil de transportar<\/strong> para llevarlo de una habitaci\u00f3n a otra, as\u00ed como de almacenar una vez ha terminado la temporada de verano. <\/p>\n<p><!-- BREAK 4 --><\/p>\n<div class=\"article-asset-image article-asset-normal\">\n<div class=\"asset-content\">\n<div class=\"base-wrapper-image\" style=\"padding-top:66.294067067928%;\">\n<p>  <img decoding=\"async\" alt=\"Ventilador4489\" class=\"centro_sinmarco\" src=\"https:\/\/i.blogs.es\/dc04b9\/ventilador4489\/450_1000.webp\"><\/p><\/div>\n<\/p><\/div>\n<\/div>\n<p>Adem\u00e1s, si por ejemplo le a\u00f1adimos un <a href=\"https:\/\/www.xatakahome.com\/iluminacion-y-energia\/siete-enchufes-inteligentes-para-ahorrar-tu-factura-luz\">enchufe inteligente<\/a> podremos encenderlo a distancia usando el m\u00f3vil y gracias a sus reducidas proporciones tambi\u00e9n es adecuado para usarlo como sistema de refrigeraci\u00f3n de nuestros equipos como routers, televisores, sistemas de sonido, etc.<\/p>\n<\/p>\n<div class=\"article-asset-video article-asset-normal\">\n<div class=\"asset-content\">\n<div class=\"base-asset-video\">\n<div class=\"js-dailymotion\">\n    <script type=\"application\/json\">\n           {\"videoId\":\"x8006fc\",\"autoplay\":true,\"title\":\"C\u00f3mo dormir cuando hace mucho calor y no tienes aire acondicionado\", \"tag\":\"\"}\n         <\/script>\n   <\/div>\n<\/p><\/div>\n<\/p><\/div>\n<\/div>\n<h2>Precio y disponibilidad<\/h2>\n<p>El ventilador de sobremesa compacto de Silver Crest est\u00e1 a la venta en LIDL en colores blanco y negro por un precio de solo <a class=\"js-ecommerce\" href=\"https:\/\/www.xatakahome.com\/redirect?url=https%3A%2F%2Fwww.lidl.es%2Fes%2Fventilador-de-sobremesa-220-240-v%2Fp23615&amp;category=accesorios\">11,99 euros<\/a>, aunque con unidades limitadas.<\/p>\n<p><!-- PIVOT START -->\n<\/p>\n<div class=\"pivot-ecommerce-container\">\n<div class=\"pivot-ecommerce\">\n<div class=\"pivot-ecommerce-figure\">\n   <img decoding=\"async\" alt=\"Ventilador de sobremesa compacto\" src=\"https:\/\/i.blogs.es\/c5ffcc\/ventilador\/original.webp\" onerror='this.src=\"https:\/\/i.blogs.es\/c5ffcc\/ventilador\/original.jpeg\"'>\n  <\/div>\n<div class=\"pivot-ecommerce-summary\">\n<p class=\"pivot-ecommerce-desc\">Ventilador de sobremesa compacto<\/p>\n<div class=\"pivot-actions js-pivot-actions\">\n<div class=\"pivot-actions-row\">\n <a rel=\"nofollow noopener\" target=\"_blank\" data-asin=\"\" data-store=\"LIDL\" href=\"https:\/\/www.xatakahome.com\/redirect?url=https%3A%2F%2Fwww.lidl.es%2Fes%2Fventilador-de-sobremesa-220-240-v%2Fp23615&amp;category=accesorios&amp;pivot=1\" title=\"Precio de venta al p\u00fablico a fecha de publicaci\u00f3n\" class=\"pivot-action-primary js-pivot-action\">PVP en LIDL 11,99\u20ac<\/a>\n<\/div>\n<div class=\"pivot-actions-row\">\n <\/div>\n<\/p><\/div>\n<\/p><\/div>\n<\/p><\/div>\n<\/div>\n<p><!-- PIVOT END --><\/p>\n<div class=\"actualizacion\">\n<div class=\"actualizacion-inner\">\n  Nota: Algunos de los enlaces de este art\u00edculo son afiliados y pueden reportar un beneficio a Xataka Home\n <\/div>\n<\/div>\n<p><script>\n (function() {\n  window._JS_MODULES = window._JS_MODULES || {};\n  var headElement = document.getElementsByTagName('head')[0];\n  if (_JS_MODULES.instagram) {\n   var instagramScript = document.createElement('script');\n   instagramScript.src = 'https:\/\/platform.instagram.com\/en_US\/embeds.js';\n   instagramScript.async = true;\n   instagramScript.defer = true;\n   headElement.appendChild(instagramScript);\n  }\n })();\n<\/script><\/p>\n<p> &#8211; <br \/> La noticia<br \/>\n      <a href=\"https:\/\/www.xatakahome.com\/accesorios\/lidl-tiene-ventilador-ideal-para-no-pasar-calor-este-verano-11-99eur-compacto-gasta-poco-que-bombilla?utm_source=feedburner&amp;utm_medium=feed&amp;utm_campaign=13_Jun_2022\"><br \/>\n       <em> LIDL tiene el ventilador ideal para no pasar calor este verano: 11,99\u20ac, compacto y gasta poco m\u00e1s que una bombilla <\/em><br \/>\n      <\/a><br \/>\n      fue publicada originalmente en<br \/>\n      <a href=\"https:\/\/www.xatakahome.com\/?utm_source=feedburner&amp;utm_medium=feed&amp;utm_campaign=13_Jun_2022\"><br \/>\n       <strong> Xataka Smart Home <\/strong><br \/>\n      <\/a><br \/>\n            por <a href=\"https:\/\/www.xatakahome.com\/autor\/paco-rodriguez?utm_source=feedburner&amp;utm_medium=feed&amp;utm_campaign=13_Jun_2022\"><br \/>\n       Paco Rodriguez<br \/>\n      <\/a><br \/>\n      . <\/p>\n<div class=\"feedflare\">\n<a href=\"http:\/\/feeds.weblogssl.com\/~ff\/Xatakahome?a=YDssE-8c41U:s1wYr1D_cJc:yIl2AUoC8zA\"><img decoding=\"async\" src=\"http:\/\/feeds.feedburner.com\/~ff\/Xatakahome?d=yIl2AUoC8zA\" border=\"0\"><\/a>\n<\/div>\n<\/div>\n","protected":false},"excerpt":{"rendered":"<p>LIDL cuenta en su cat\u00e1logo con interesantes productos de refrigeraci\u00f3n con los que ayudarnos a pasar el calor de este verano, que apuestan sobre todo por ofrecer funcionalidades b\u00e1sicas para lograr unos precios de lo m\u00e1s irresistibles, algo que han aplicado en este ventilador compacto que nos costar\u00e1 solo 11,99 euros. Ventilador de sobremesa compacto &hellip; <a href=\"https:\/\/domosistemas.com\/?p=16850\" class=\"more-link\">Sigue leyendo <span class=\"screen-reader-text\">LIDL tiene el ventilador ideal para no pasar calor este verano: 11,99\u20ac, compacto y gasta poco m\u00e1s que una bombilla<\/span><\/a><\/p>\n","protected":false},"author":1,"featured_media":0,"comment_status":"closed","ping_status":"closed","sticky":false,"template":"","format":"standard","meta":{"footnotes":""},"categories":[8],"tags":[],"class_list":["post-16850","post","type-post","status-publish","format-standard","hentry","category-xataka"],"_links":{"self":[{"href":"https:\/\/domosistemas.com\/index.php?rest_route=\/wp\/v2\/posts\/16850","targetHints":{"allow":["GET"]}}],"collection":[{"href":"https:\/\/domosistemas.com\/index.php?rest_route=\/wp\/v2\/posts"}],"about":[{"href":"https:\/\/domosistemas.com\/index.php?rest_route=\/wp\/v2\/types\/post"}],"author":[{"embeddable":true,"href":"https:\/\/domosistemas.com\/index.php?rest_route=\/wp\/v2\/users\/1"}],"replies":[{"embeddable":true,"href":"https:\/\/domosistemas.com\/index.php?rest_route=%2Fwp%2Fv2%2Fcomments&post=16850"}],"version-history":[{"count":0,"href":"https:\/\/domosistemas.com\/index.php?rest_route=\/wp\/v2\/posts\/16850\/revisions"}],"wp:attachment":[{"href":"https:\/\/domosistemas.com\/index.php?rest_route=%2Fwp%2Fv2%2Fmedia&parent=16850"}],"wp:term":[{"taxonomy":"category","embeddable":true,"href":"https:\/\/domosistemas.com\/index.php?rest_route=%2Fwp%2Fv2%2Fcategories&post=16850"},{"taxonomy":"post_tag","embeddable":true,"href":"https:\/\/domosistemas.com\/index.php?rest_route=%2Fwp%2Fv2%2Ftags&post=16850"}],"curies":[{"name":"wp","href":"https:\/\/api.w.org\/{rel}","templated":true}]}}