{"id":16862,"date":"2022-06-14T15:02:57","date_gmt":"2022-06-14T15:02:57","guid":{"rendered":"https:\/\/domosistemas.com\/?p=16862"},"modified":"2022-06-14T15:02:57","modified_gmt":"2022-06-14T15:02:57","slug":"que-es-el-tope-al-gas-la-medida-del-gobierno-que-entra-en-vigor-para-rebajar-la-factura-de-la-luz","status":"publish","type":"post","link":"https:\/\/domosistemas.com\/?p=16862","title":{"rendered":"Qu\u00e9 es \u00abel tope al gas\u00bb, la medida del Gobierno que entra en vigor para rebajar la factura de la luz"},"content":{"rendered":"<div>\n<p>\n      <img decoding=\"async\" src=\"https:\/\/i.blogs.es\/66631d\/sigmund-r9pexdcjyew-unsplash\/1024_2000.jpg\" alt=\"Qu\u00e9 es \" el tope al gas la medida del gobierno que entra en vigor para rebajar factura de luz>\n    <\/p>\n<\/p>\n<p>El &#8216;<a href=\"https:\/\/www.xataka.com\/energia\/plena-ola-calor-luz-cae-22-tope-al-gas-se-deja-notar-su-primer-dia#comments\">tope al gas<\/a>&#8216; es una medida que entrar\u00e1 en vigor este mi\u00e9rcoles 15 de junio, un mecanismo con el objetivo de <strong>limitar el precio del gas y rebajar as\u00ed el precio de la electricidad<\/strong>. Esta nueva normativa parece estar teniendo cierto impacto en el mercado mayorista, el cual alcanza una ca\u00edda del 22,6% para el precio de ma\u00f1ana seg\u00fan datos del <a href=\"https:\/\/www.omie.es\/es\/market-results\/daily\/daily-market\/daily-hourly-price\">Operador del Mercado Ib\u00e9rico de Energ\u00eda<\/a> (OMIE). <!--more--><\/p>\n<p>El precio medio <strong>ha ca\u00eddo a unos 165,59 euros el megavatio hora<\/strong>, en comparaci\u00f3n con los 214,05 \u20ac\/MWh de hoy 14 de junio. El cambio ha supuesto el mejor d\u00eda para el precio de la luz desde finales de mayo, y todo apunta a que la nueva medida para limitar el precio del gas ha tenido algo que ver. Es por ello que aqu\u00ed os explicamos en qu\u00e9 consiste este mecanismo y qu\u00e9 beneficios podr\u00eda traer para el usuario. <\/p>\n<p><!-- BREAK 1 --><\/p>\n<h2>Una medida con el objetivo de contrarrestar la \u00abvolatilidad\u00bb del mercado energ\u00e9tico<\/h2>\n<p>Tal y como mencionan desde la propia <a href=\"https:\/\/www.miteco.gob.es\/es\/prensa\/ultimas-noticias\/el-gobierno-aprueba-el-mecanismo-ib%C3%A9rico-para-limitar-el-precio-del-gas-y-rebajar-la-electricidad\/tcm:30-540371\">web del Gobierno<\/a>, se trata de una medida para <strong>limitar el precio del gas y as\u00ed contener la inflaci\u00f3n<\/strong>, un mecanismo que sirve de \u00abcortafuegos\u00bb contra la volatilidad de los precios internacionales del gas tras la guerra que se est\u00e1 disputando en Ucrania. <\/p>\n<\/p>\n<div class=\"article-asset-image article-asset-normal\">\n<div class=\"asset-content\">\n<div class=\"base-wrapper-image\" style=\"padding-top:84.727272727273%;\">\n<p>  <img decoding=\"async\" alt=\"precio luz\" class=\"centro_sinmarco\" src=\"https:\/\/i.blogs.es\/3c241c\/1366_2000\/450_1000.webp\"><\/p><\/div>\n<\/p><\/div>\n<\/div>\n<p>La medida situar\u00e1 a partir de ma\u00f1ana el precio del gas a unos 40 \u20ac\/MWh, con un precio medio de 48,8 \u20ac\/MWh. Este tope durar\u00e1 unos seis meses, momento en el cual dicho precio ir\u00e1 increment\u00e1ndose 5 \u20ac\/MWh cada mes. El Gobierno tiene intenci\u00f3n de mantener estos precios al menos durante 12 meses, cubriendo tambi\u00e9n el pr\u00f3ximo invierno. El l\u00edmite de precio se ha llevado a cabo en conjunto con los Gobiernos de Espa\u00f1a y Portugal, as\u00ed como con la Comisi\u00f3n Europea.<\/p>\n<p><!-- BREAK 2 --><\/p>\n<div class=\"article-asset article-asset-normal article-asset-center\">\n<div class=\"desvio-container\">\n<div class=\"desvio\">\n<div class=\"desvio-figure js-desvio-figure\">\n    <a href=\"https:\/\/www.xatakahome.com\/iluminacion-y-energia\/he-probado-muchos-trucos-consejos-para-ahorrar-factura-luz-estos-que-me-han-funcionado-que-no\"><br \/>\n     <img decoding=\"async\" alt=\"He probado muchos trucos y consejos para ahorrar en la factura de la luz: estos son los que me han funcionado y los que no\" src=\"https:\/\/i.blogs.es\/14f851\/riccardo-annandale-7e2pe9wjl9m-unsplash\/375_142.webp\" onerror='this.src=\"https:\/\/i.blogs.es\/14f851\/riccardo-annandale-7e2pe9wjl9m-unsplash\/375_142.jpg\"'><br \/>\n    <\/a>\n   <\/div>\n<div class=\"desvio-summary\">\n<div class=\"desvio-taxonomy js-desvio-taxonomy\">\n     <a href=\"https:\/\/www.xatakahome.com\/iluminacion-y-energia\/he-probado-muchos-trucos-consejos-para-ahorrar-factura-luz-estos-que-me-han-funcionado-que-no\" class=\"desvio-taxonomy-anchor\">En Xataka Smart Home<\/a>\n    <\/div>\n<p>    <a href=\"https:\/\/www.xatakahome.com\/iluminacion-y-energia\/he-probado-muchos-trucos-consejos-para-ahorrar-factura-luz-estos-que-me-han-funcionado-que-no\" class=\"desvio-title js-desvio-title\">He probado muchos trucos y consejos para ahorrar en la factura de la luz: estos son los que me han funcionado y los que no<\/a>\n   <\/div>\n<\/p><\/div>\n<\/p><\/div>\n<\/div>\n<p>Con la existencia de este &#8216;tope ib\u00e9rico&#8217;, ahora contaremos con dos tipos de subastas del precio de la luz: una sin esta medida y en sinton\u00eda con la del mercado el\u00e9ctrico europeo, y otra para Espa\u00f1a y Portugal con este nuevo mecanismo. <\/p>\n<p><!-- BREAK 3 --><\/p>\n<h2>Beneficio tanto para consumidores del mercado regulado y libre<\/h2>\n<p>La medida tiene intenci\u00f3n de beneficiar tanto a consumidores con tarifas de energ\u00eda fijas, como variables. Comenzar\u00e1n con los usuarios acogidos a la tarifa regulada PVPC e industria, y aquellos con tarifa fija lo ir\u00e1n notando conforme vayan renovando contrato dentro del periodo de 12 meses. Este &#8216;tope&#8217; inevitablemente influye en el precio de la electricidad, y si bien a\u00fan debemos de esperar al precio de la luz de ma\u00f1ana 15 de junio para el consumidor final, <strong>la medida parece haber afectado ya al mercado mayorista<\/strong>. <\/p>\n<p><!-- BREAK 4 --><\/p>\n<div class=\"article-asset-video article-asset-large\">\n<div class=\"asset-content\">\n<div class=\"base-asset-video\">\n<div class=\"js-dailymotion\">\n    <script type=\"application\/json\">\n           {\"videoId\":\"x88tf3k\",\"autoplay\":true,\"title\":\"AHORRA EN TU FACTURA DE LA LUZ: Las MEJORES OPCIONES para conocer los PRECIOS EN TU M\u00d3VIL\", \"tag\":\"webedia-prod\"}\n         <\/script>\n   <\/div>\n<\/p><\/div>\n<\/p><\/div>\n<\/div>\n<p>Aunque a\u00fan es pronto para sacar conclusiones precipitadas, lo que si est\u00e1 claro es que, la llamada &#8216;excepci\u00f3n ib\u00e9rica&#8217;, ir\u00e1 acompa\u00f1ada de una rebaja en el precio de la luz en el mercado mayorista, incluso ante el incremento de la energ\u00eda negociada de 541 GWh frente a los 511,40 GWh. Este aumento ha sido sobre todo debido a las previsiones de alcanzar altas cotas de temperatura. <\/p>\n<p><!-- BREAK 5 --><\/p>\n<p>Pese a este cambio, <strong>el precio de la luz sigue siendo un 80% m\u00e1s caro que el pasado a\u00f1o<\/strong>, donde pag\u00e1bamos un precio medio de unos 90 euros el megavatio hora. Queda esperar si la medida acaba siendo efectiva y sale \u00aba cuenta\u00bb para el consumidor, ya que se debe considerar que el coste del tope del gas va por separado, por lo que si se tiene en cuenta este coste, el precio de la energ\u00eda de ma\u00f1ana ser\u00eda ligeramente mayor al de hoy. Un 5% seg\u00fan indican desde <a href=\"https:\/\/twitter.com\/ingebau\/status\/1536681674129514503\">Ingebau<\/a>.<\/p>\n<p><script>\n (function() {\n  window._JS_MODULES = window._JS_MODULES || {};\n  var headElement = document.getElementsByTagName('head')[0];\n  if (_JS_MODULES.instagram) {\n   var instagramScript = document.createElement('script');\n   instagramScript.src = 'https:\/\/platform.instagram.com\/en_US\/embeds.js';\n   instagramScript.async = true;\n   instagramScript.defer = true;\n   headElement.appendChild(instagramScript);\n  }\n })();\n<\/script><\/p>\n<p> &#8211; <br \/> La noticia<br \/>\n      <a href=\"https:\/\/www.xatakahome.com\/iluminacion-y-energia\/que-tope-al-gas-medida-gobierno-que-entra-vigor-para-rebajar-factura-luz?utm_source=feedburner&amp;utm_medium=feed&amp;utm_campaign=14_Jun_2022\"><br \/>\n       <em> Qu\u00e9 es \u00abel tope al gas\u00bb, la medida del Gobierno que entra en vigor para rebajar la factura de la luz <\/em><br \/>\n      <\/a><br \/>\n      fue publicada originalmente en<br \/>\n      <a href=\"https:\/\/www.xatakahome.com\/?utm_source=feedburner&amp;utm_medium=feed&amp;utm_campaign=14_Jun_2022\"><br \/>\n       <strong> Xataka Smart Home <\/strong><br \/>\n      <\/a><br \/>\n            por <a href=\"https:\/\/www.xatakahome.com\/autor\/antonio-vallejo?utm_source=feedburner&amp;utm_medium=feed&amp;utm_campaign=14_Jun_2022\"><br \/>\n       Antonio Vallejo<br \/>\n      <\/a><br \/>\n      . <\/p>\n<div class=\"feedflare\">\n<a href=\"http:\/\/feeds.weblogssl.com\/~ff\/Xatakahome?a=V7FrDBo62QE:oSDa62L_R6U:yIl2AUoC8zA\"><img decoding=\"async\" src=\"http:\/\/feeds.feedburner.com\/~ff\/Xatakahome?d=yIl2AUoC8zA\" border=\"0\"><\/a>\n<\/div>\n<\/div>\n","protected":false},"excerpt":{"rendered":"<p>El &#8216;tope al gas&#8216; es una medida que entrar\u00e1 en vigor este mi\u00e9rcoles 15 de junio, un mecanismo con el objetivo de limitar el precio del gas y rebajar as\u00ed el precio de la electricidad. Esta nueva normativa parece estar teniendo cierto impacto en el mercado mayorista, el cual alcanza una ca\u00edda del 22,6% para &hellip; <a href=\"https:\/\/domosistemas.com\/?p=16862\" class=\"more-link\">Sigue leyendo <span class=\"screen-reader-text\">Qu\u00e9 es \u00abel tope al gas\u00bb, la medida del Gobierno que entra en vigor para rebajar la factura de la luz<\/span><\/a><\/p>\n","protected":false},"author":1,"featured_media":0,"comment_status":"closed","ping_status":"closed","sticky":false,"template":"","format":"standard","meta":{"footnotes":""},"categories":[8],"tags":[],"class_list":["post-16862","post","type-post","status-publish","format-standard","hentry","category-xataka"],"_links":{"self":[{"href":"https:\/\/domosistemas.com\/index.php?rest_route=\/wp\/v2\/posts\/16862","targetHints":{"allow":["GET"]}}],"collection":[{"href":"https:\/\/domosistemas.com\/index.php?rest_route=\/wp\/v2\/posts"}],"about":[{"href":"https:\/\/domosistemas.com\/index.php?rest_route=\/wp\/v2\/types\/post"}],"author":[{"embeddable":true,"href":"https:\/\/domosistemas.com\/index.php?rest_route=\/wp\/v2\/users\/1"}],"replies":[{"embeddable":true,"href":"https:\/\/domosistemas.com\/index.php?rest_route=%2Fwp%2Fv2%2Fcomments&post=16862"}],"version-history":[{"count":0,"href":"https:\/\/domosistemas.com\/index.php?rest_route=\/wp\/v2\/posts\/16862\/revisions"}],"wp:attachment":[{"href":"https:\/\/domosistemas.com\/index.php?rest_route=%2Fwp%2Fv2%2Fmedia&parent=16862"}],"wp:term":[{"taxonomy":"category","embeddable":true,"href":"https:\/\/domosistemas.com\/index.php?rest_route=%2Fwp%2Fv2%2Fcategories&post=16862"},{"taxonomy":"post_tag","embeddable":true,"href":"https:\/\/domosistemas.com\/index.php?rest_route=%2Fwp%2Fv2%2Ftags&post=16862"}],"curies":[{"name":"wp","href":"https:\/\/api.w.org\/{rel}","templated":true}]}}