{"id":16870,"date":"2022-06-15T06:56:48","date_gmt":"2022-06-15T06:56:48","guid":{"rendered":"https:\/\/domosistemas.com\/?p=16870"},"modified":"2022-06-15T06:56:48","modified_gmt":"2022-06-15T06:56:48","slug":"la-solucion-low-cost-de-lidl-para-las-noches-mas-calurosas-del-verano","status":"publish","type":"post","link":"https:\/\/domosistemas.com\/?p=16870","title":{"rendered":"La soluci\u00f3n &#8216;low-cost&#8217; de Lidl para las noches m\u00e1s calurosas del verano"},"content":{"rendered":"<div>\n<p>\n      <img decoding=\"async\" src=\"https:\/\/i.blogs.es\/6085ed\/21f0f9f1-7046-448f-93fa-802cb351cfa6\/1024_2000.jpeg\" alt=\"La soluci\u00f3n 'low-cost' de Lidl para las noches m\u00e1s calurosas del verano\">\n    <\/p>\n<\/p>\n<p>Vivimos noches de calor intensas en las que incluso <strong>resulta dif\u00edcil conciliar el sue\u00f1o<\/strong>. Hemos hablado de m\u00e9todos para <a href=\"https:\/\/www.xatakahome.com\/iluminacion-y-energia\/mejor-forma-frenar-calor-aire-acondicionado-mantener-casa-fresca-como-utilizar-persianas-estores-toldos\">mantener la casa fresca<\/a>, formas de <a href=\"https:\/\/www.xatakahome.com\/curiosidades\/como-dormir-verano-morir-calor-cuando-no-tenemos-ventilador-aire-acondicionado\">intentar dormir incluso con calor<\/a>, pero llega el momento en el que no queda otra que emplear el armamento pesado y poner a funcionar el ventilador o el aire acondicionado. Y para aquello que busquen uno barato, este modelo de Lidl est\u00e1 ahora a buen precio.<\/p>\n<p><!-- PIVOT START -->\n<\/p>\n<div class=\"pivot-ecommerce-container\">\n<div class=\"pivot-ecommerce\">\n<div class=\"pivot-ecommerce-figure\">\n   <img decoding=\"async\" alt=\"Aire acondicionado m\u00f3vil 785 W\" src=\"https:\/\/i.blogs.es\/04c2d0\/9c1b36da-3442-43ce-b52b-d8ceb906cab2\/original.webp\" onerror='this.src=\"https:\/\/i.blogs.es\/04c2d0\/9c1b36da-3442-43ce-b52b-d8ceb906cab2\/original.jpeg\"'>\n  <\/div>\n<div class=\"pivot-ecommerce-summary\">\n<p class=\"pivot-ecommerce-desc\">Aire acondicionado m\u00f3vil 785 W<\/p>\n<div class=\"pivot-actions js-pivot-actions\">\n<div class=\"pivot-actions-row\">\n <a rel=\"nofollow noopener\" target=\"_blank\" data-asin=\"\" data-store=\"Lidl\" href=\"https:\/\/www.xatakahome.com\/redirect?url=https%3A%2F%2Fwww.lidl.es%2Fes%2Faire-acondicionado-movil-785-w%2Fp40858%3FsearchTrackingQuery%3Daire%2Bacondicionado%26searchTrackingId%3DProduct.40858%26searchTrackingPos%3D1%26searchTrackingOrigPos%3D1%26searchTrackingRelevancy%3D99.02%26searchTrackingPage%3D1%26searchTrackingPageSize%3D24%26searchTrackingOrigPageSize%3D24&amp;category=electrodomesticos-innovadores&amp;pivot=1\" title=\"Precio de venta al p\u00fablico a fecha de publicaci\u00f3n\" class=\"pivot-action-primary js-pivot-action\">PVP en Lidl 179,99\u20ac<\/a>\n<\/div>\n<div class=\"pivot-actions-row\">\n <\/div>\n<\/p><\/div>\n<\/p><\/div>\n<\/p><\/div>\n<\/div>\n<p><!-- PIVOT END --><\/p>\n<p>La popular cadena de supermercados es conocida por tener en cat\u00e1logo productos de todo tipo. Un abanico de opciones con especial protagonismo para el hogar donde encontramos este <a href=\"https:\/\/www.xatakahome.com\/electrodomesticos-innovadores\/11-pinguinos-aire-acondicionado-portatiles-para-refrescar-tu-casa-durante-ola-calor\">aire acondicionado port\u00e1til<\/a> de la marca Silrvercrest. <strong>Un aire acondicionado que puedes llevar a cualquier habitaci\u00f3n<\/strong>, que adem\u00e1s humidifica el aire y que puedes encontrar por <a class=\"js-ecommerce\" href=\"https:\/\/www.xatakahome.com\/redirect?url=https%3A%2F%2Fwww.lidl.es%2Fes%2Faire-acondicionado-movil-785-w%2Fp40858%3FsearchTrackingQuery%3Daire%2Bacondicionado%26searchTrackingId%3DProduct.40858%26searchTrackingPos%3D1%26searchTrackingOrigPos%3D1%26searchTrackingRelevancy%3D99.02%26searchTrackingPage%3D1%26searchTrackingPageSize%3D24%26searchTrackingOrigPageSize%3D24&amp;category=electrodomesticos-innovadores\">179,99 euros<\/a>.<!--more--><\/p>\n<h2>Aire acondicionado a precio popular<\/h2>\n<\/p>\n<div class=\"article-asset-image article-asset-normal\">\n<div class=\"asset-content\">\n<div class=\"base-wrapper-image\" style=\"padding-top:75%;\">\n<p>  <img decoding=\"async\" alt=\"Aire acondicionado\" class=\"centro_sinmarco\" src=\"https:\/\/i.blogs.es\/2d9cc1\/fe21f888-bddc-40de-916a-b91d6c13a1cc\/450_1000.webp\"><\/p><\/div>\n<\/p><\/div>\n<\/div>\n<p>Estamos ante un aire acondicionado que ofrece tres funciones en una, pues deshumidifica, ventila y refresca. Con dos niveles de potencial, es <strong>capaz de enfriar estancias de hasta 60 m\u00b3<\/strong>. A la funci\u00f3n para refrigerar a\u00f1ade otra de deshumidificaci\u00f3n de hasta 0,79 l\/hora.<\/p>\n<p><!-- BREAK 1 --><\/p>\n<div class=\"article-asset article-asset-normal article-asset-center\">\n<div class=\"desvio-container\">\n<div class=\"desvio\">\n<div class=\"desvio-figure js-desvio-figure\">\n    <a href=\"https:\/\/www.xatakahome.com\/a-fondo\/tener-ventilador-todo-dia-encendido-sale-barato-esto-que-te-costara-factura-luz-este-verano\"><br \/>\n     <img decoding=\"async\" alt=\"Tener un ventilador todo el d\u00eda encendido sale barato: esto es lo que te costar\u00e1 en la factura de la luz este verano\" src=\"https:\/\/i.blogs.es\/b65588\/1830005772-turbo-silence-photoskit-rowenta-dtc-es\/375_142.webp\" onerror='this.src=\"https:\/\/i.blogs.es\/b65588\/1830005772-turbo-silence-photoskit-rowenta-dtc-es\/375_142.jpg\"'><br \/>\n    <\/a>\n   <\/div>\n<div class=\"desvio-summary\">\n<div class=\"desvio-taxonomy js-desvio-taxonomy\">\n     <a href=\"https:\/\/www.xatakahome.com\/a-fondo\/tener-ventilador-todo-dia-encendido-sale-barato-esto-que-te-costara-factura-luz-este-verano\" class=\"desvio-taxonomy-anchor\">En Xataka Smart Home<\/a>\n    <\/div>\n<p>    <a href=\"https:\/\/www.xatakahome.com\/a-fondo\/tener-ventilador-todo-dia-encendido-sale-barato-esto-que-te-costara-factura-luz-este-verano\" class=\"desvio-title js-desvio-title\">Tener un ventilador todo el d\u00eda encendido sale barato: esto es lo que te costar\u00e1 en la factura de la luz este verano<\/a>\n   <\/div>\n<\/p><\/div>\n<\/p><\/div>\n<\/div>\n<p>El control de las funciones lo llevamos a cabo por medio de pulsadores t\u00e1ctiles situados en el mismo aire o con el mando a distancia, por lo que puedes seguir sentado en el sof\u00e1 c\u00f3modamente. Adem\u00e1s a\u00f1ade un <strong>temporizador digital de 24 horas<\/strong> para programar su uso.<\/p>\n<p><!-- BREAK 2 --><\/p>\n<p>Un modelo con ruedas que hace f\u00e1cil el llevarlo de una habitaci\u00f3n a otra y que <strong>incluye un filtro de aire desmontable para facilitar su limpieza<\/strong>. Adem\u00e1s, si el <a href=\"https:\/\/www.xatakahome.com\/iluminacion-y-energia\/que-tope-al-gas-medida-gobierno-que-entra-vigor-para-rebajar-factura-luz\">precio de la luz te preocupa<\/a>, este modelo tiene la etiqueta de certificaci\u00f3n energ\u00e9tica clase A.<\/p>\n<p><!-- PIVOT START -->\n<\/p>\n<div class=\"pivot-ecommerce-container\">\n<div class=\"pivot-ecommerce\">\n<div class=\"pivot-ecommerce-figure\">\n   <img decoding=\"async\" alt=\"Aire acondicionado m\u00f3vil 785 W\" src=\"https:\/\/i.blogs.es\/04c2d0\/9c1b36da-3442-43ce-b52b-d8ceb906cab2\/original.webp\" onerror='this.src=\"https:\/\/i.blogs.es\/04c2d0\/9c1b36da-3442-43ce-b52b-d8ceb906cab2\/original.jpeg\"'>\n  <\/div>\n<div class=\"pivot-ecommerce-summary\">\n<p class=\"pivot-ecommerce-desc\">Aire acondicionado m\u00f3vil 785 W<\/p>\n<div class=\"pivot-actions js-pivot-actions\">\n<div class=\"pivot-actions-row\">\n <a rel=\"nofollow noopener\" target=\"_blank\" data-asin=\"\" data-store=\"Lidl\" href=\"https:\/\/www.xatakahome.com\/redirect?url=https%3A%2F%2Fwww.lidl.es%2Fes%2Faire-acondicionado-movil-785-w%2Fp40858%3FsearchTrackingQuery%3Daire%2Bacondicionado%26searchTrackingId%3DProduct.40858%26searchTrackingPos%3D1%26searchTrackingOrigPos%3D1%26searchTrackingRelevancy%3D99.02%26searchTrackingPage%3D1%26searchTrackingPageSize%3D24%26searchTrackingOrigPageSize%3D24&amp;category=electrodomesticos-innovadores&amp;pivot=1\" title=\"Precio de venta al p\u00fablico a fecha de publicaci\u00f3n\" class=\"pivot-action-primary js-pivot-action\">PVP en Lidl 179,99\u20ac<\/a>\n<\/div>\n<div class=\"pivot-actions-row\">\n <\/div>\n<\/p><\/div>\n<\/p><\/div>\n<\/p><\/div>\n<\/div>\n<p><!-- PIVOT END --><\/p>\n<p>Si tras todo esto nuestra secci\u00f3n de los viernes se te queda corta, puedes estar al d\u00eda y en cada momento informado de las principales ofertas y novedades de Xataka Selecci\u00f3n en nuestro canal de <a href=\"https:\/\/t.me\/xatakaseleccion\">Telegram<\/a> o en nuestros perfiles de <a href=\"https:\/\/twitter.com\/xatakaseleccion\">Twitter<\/a>, <a href=\"https:\/\/www.facebook.com\/XatakaSeleccion\/\">Facebook<\/a> y la revista <a href=\"https:\/\/flipboard.com\/@xataka\/cazando-gangas-4tsdshjjz\">Flipboard<\/a>. Puedes echar un vistazo tambi\u00e9n a los cazando gangas de <a href=\"https:\/\/www.xatakamovil.com\/tag\/cazando-gangas\">Xataka M\u00f3vil<\/a>, <a href=\"https:\/\/www.xatakandroid.com\/tag\/cazando-gangas\">Xataka Android<\/a>, <a href=\"https:\/\/www.xatakafoto.com\/tag\/cazando-gangas\">Xataka Foto<\/a>, <a href=\"https:\/\/www.vidaextra.com\/tag\/cazando-gangas\">Vida Extra<\/a>, <a href=\"https:\/\/www.espinof.com\/tag\/cazando-gangas\">Espinof<\/a> y <a href=\"https:\/\/www.applesfera.com\/tag\/cazando-gangas-applesfera\">Applesfera<\/a>, as\u00ed como con nuestros compa\u00f1eros de <a href=\"https:\/\/www.compradiccion.com\/\">Compradicci\u00f3n<\/a>. Puedes ver todas las gangas que publican en <a href=\"http:\/\/twitter.com\/compradiccion_\">Twitter<\/a> y <a href=\"https:\/\/www.facebook.com\/Compradiccion\/\">Facebook<\/a>, e incluso suscribirte a sus avisos v\u00eda <a href=\"http:\/\/telegram.me\/compradiccion\">Telegram<\/a>.<\/p>\n<\/p>\n<div class=\"actualizacion\">\n<div class=\"actualizacion-inner\">\n  \u00abNota: Algunos de los enlaces de este art\u00edculo son afiliados y pueden reportar un beneficio a Xataka Home\u00bb\n <\/div>\n<\/div>\n<p><script>\n (function() {\n  window._JS_MODULES = window._JS_MODULES || {};\n  var headElement = document.getElementsByTagName('head')[0];\n  if (_JS_MODULES.instagram) {\n   var instagramScript = document.createElement('script');\n   instagramScript.src = 'https:\/\/platform.instagram.com\/en_US\/embeds.js';\n   instagramScript.async = true;\n   instagramScript.defer = true;\n   headElement.appendChild(instagramScript);\n  }\n })();\n<\/script><\/p>\n<p> &#8211; <br \/> La noticia<br \/>\n      <a href=\"https:\/\/www.xatakahome.com\/electrodomesticos-innovadores\/solucion-low-cost-lidl-para-noches-calurosas-verano?utm_source=feedburner&amp;utm_medium=feed&amp;utm_campaign=15_Jun_2022\"><br \/>\n       <em> La soluci\u00f3n &#8216;low-cost&#8217; de Lidl para las noches m\u00e1s calurosas del verano <\/em><br \/>\n      <\/a><br \/>\n      fue publicada originalmente en<br \/>\n      <a href=\"https:\/\/www.xatakahome.com\/?utm_source=feedburner&amp;utm_medium=feed&amp;utm_campaign=15_Jun_2022\"><br \/>\n       <strong> Xataka Smart Home <\/strong><br \/>\n      <\/a><br \/>\n            por <a href=\"https:\/\/www.xatakahome.com\/autor\/jose-antonio-carmona?utm_source=feedburner&amp;utm_medium=feed&amp;utm_campaign=15_Jun_2022\"><br \/>\n       Jose Antonio Carmona<br \/>\n      <\/a><br \/>\n      . <\/p>\n<div class=\"feedflare\">\n<a href=\"http:\/\/feeds.weblogssl.com\/~ff\/Xatakahome?a=-a7RcIekXDQ:LZOmapjCS9Q:yIl2AUoC8zA\"><img decoding=\"async\" src=\"http:\/\/feeds.feedburner.com\/~ff\/Xatakahome?d=yIl2AUoC8zA\" border=\"0\"><\/a>\n<\/div>\n<\/div>\n","protected":false},"excerpt":{"rendered":"<p>Vivimos noches de calor intensas en las que incluso resulta dif\u00edcil conciliar el sue\u00f1o. Hemos hablado de m\u00e9todos para mantener la casa fresca, formas de intentar dormir incluso con calor, pero llega el momento en el que no queda otra que emplear el armamento pesado y poner a funcionar el ventilador o el aire acondicionado. &hellip; <a href=\"https:\/\/domosistemas.com\/?p=16870\" class=\"more-link\">Sigue leyendo <span class=\"screen-reader-text\">La soluci\u00f3n &#8216;low-cost&#8217; de Lidl para las noches m\u00e1s calurosas del verano<\/span><\/a><\/p>\n","protected":false},"author":1,"featured_media":0,"comment_status":"closed","ping_status":"closed","sticky":false,"template":"","format":"standard","meta":{"footnotes":""},"categories":[8],"tags":[],"class_list":["post-16870","post","type-post","status-publish","format-standard","hentry","category-xataka"],"_links":{"self":[{"href":"https:\/\/domosistemas.com\/index.php?rest_route=\/wp\/v2\/posts\/16870","targetHints":{"allow":["GET"]}}],"collection":[{"href":"https:\/\/domosistemas.com\/index.php?rest_route=\/wp\/v2\/posts"}],"about":[{"href":"https:\/\/domosistemas.com\/index.php?rest_route=\/wp\/v2\/types\/post"}],"author":[{"embeddable":true,"href":"https:\/\/domosistemas.com\/index.php?rest_route=\/wp\/v2\/users\/1"}],"replies":[{"embeddable":true,"href":"https:\/\/domosistemas.com\/index.php?rest_route=%2Fwp%2Fv2%2Fcomments&post=16870"}],"version-history":[{"count":0,"href":"https:\/\/domosistemas.com\/index.php?rest_route=\/wp\/v2\/posts\/16870\/revisions"}],"wp:attachment":[{"href":"https:\/\/domosistemas.com\/index.php?rest_route=%2Fwp%2Fv2%2Fmedia&parent=16870"}],"wp:term":[{"taxonomy":"category","embeddable":true,"href":"https:\/\/domosistemas.com\/index.php?rest_route=%2Fwp%2Fv2%2Fcategories&post=16870"},{"taxonomy":"post_tag","embeddable":true,"href":"https:\/\/domosistemas.com\/index.php?rest_route=%2Fwp%2Fv2%2Ftags&post=16870"}],"curies":[{"name":"wp","href":"https:\/\/api.w.org\/{rel}","templated":true}]}}