{"id":16873,"date":"2022-06-15T09:28:50","date_gmt":"2022-06-15T09:28:50","guid":{"rendered":"https:\/\/domosistemas.com\/?p=16873"},"modified":"2022-06-15T09:28:50","modified_gmt":"2022-06-15T09:28:50","slug":"por-que-hoy-la-luz-es-mas-cara-que-ayer-si-acaba-de-entrar-en-vigor-el-tope-del-gas-con-el-que-el-gobierno-pretende-que-baje","status":"publish","type":"post","link":"https:\/\/domosistemas.com\/?p=16873","title":{"rendered":"Por qu\u00e9 hoy la luz es m\u00e1s cara que ayer si acaba de entrar en vigor el tope del gas con el que el Gobierno pretende que baje"},"content":{"rendered":"<div>\n<p>\n      <img decoding=\"async\" src=\"https:\/\/i.blogs.es\/eb09ab\/1366_2000.precio-luz\/1024_2000.jpg\" alt=\"Por qu\u00e9 hoy la luz es m\u00e1s cara que ayer si acaba de entrar en vigor el tope del gas con el que el Gobierno pretende que baje\">\n    <\/p>\n<\/p>\n<p>Hoy <strong>15 de junio de 2022<\/strong> era el d\u00eda esperado por muchos consumidores para ver los efectos reales en las tarifas el\u00e9ctricas dom\u00e9sticas de la ya famosa <a href=\"https:\/\/www.miteco.gob.es\/es\/prensa\/ultimas-noticias\/el-gobierno-aprueba-el-mecanismo-ib%C3%A9rico-para-limitar-el-precio-del-gas-y-rebajar-la-electricidad\/tcm:30-540371\">medida tomada por el Gobierno<\/a>  conocida como <strong>\u00abtope al gas\u00bb<\/strong>.<\/p>\n<p>Se trata de un mecanismo que tiene como objetivo <strong>limitar el precio al gas a la hora de generar electricidad<\/strong> usando este tipo de combustible f\u00f3sil, lo que deber\u00eda te\u00f3ricamente traer a su vez una <strong>rebaja en el precio de la factura el\u00e9ctrica<\/strong> para los usuarios espa\u00f1oles.<!--more--><\/p>\n<p>La medida b\u00e1sicamente limita el precio del gas a unos 40 \u20ac\/MWh, con un precio medio de 48,8 \u20ac\/MWh. Este tope durar\u00e1 unos seis meses, momento en el cual dicho precio ir\u00e1 increment\u00e1ndose 5 \u20ac\/MWh cada mes hasta un m\u00e1ximo de 12 meses, <strong>cubriendo tambi\u00e9n el pr\u00f3ximo invierno<\/strong> y logrando, en teor\u00eda, un precio estable para todos los consumidores.<\/p>\n<p><!-- BREAK 1 --><\/p>\n<div class=\"article-asset-image article-asset-normal\">\n<div class=\"asset-content\">\n<div class=\"base-wrapper-image\" style=\"padding-top:67.25%;\">\n<p>  <img decoding=\"async\" alt=\"gas\" class=\"centro_sinmarco\" src=\"https:\/\/i.blogs.es\/4fbaec\/1366_2000\/450_1000.webp\"><\/p><\/div>\n<\/p><\/div>\n<\/div>\n<p>Los primeros en beneficiarse de este tope al gas ser\u00edan los usuarios con <strong>tarifas reguladas PVPC<\/strong> y posteriormente cuando el resto de consumidores con tarifas en el mercado libre vayan actualizando sus contratos tambi\u00e9n podr\u00e1n acceder a los descuentos.<\/p>\n<p><!-- BREAK 2 --><\/p>\n<div class=\"article-asset article-asset-normal article-asset-center\">\n<div class=\"desvio-container\">\n<div class=\"desvio\">\n<div class=\"desvio-figure js-desvio-figure\">\n    <a href=\"https:\/\/www.xatakahome.com\/iluminacion-y-energia\/tramos-horarios-tarifa-luz-no-sirven-como-saber-cuando-barata-electricidad-cada-dia\"><br \/>\n     <img decoding=\"async\" alt=\"Los tramos horarios de la tarifa de la luz ya no sirven: c\u00f3mo saber cu\u00e1ndo es m\u00e1s barata la electricidad cada d\u00eda\" src=\"https:\/\/i.blogs.es\/5994ca\/luz-1366_2000\/375_142.webp\" onerror='this.src=\"https:\/\/i.blogs.es\/5994ca\/luz-1366_2000\/375_142.jpg\"'><br \/>\n    <\/a>\n   <\/div>\n<div class=\"desvio-summary\">\n<div class=\"desvio-taxonomy js-desvio-taxonomy\">\n     <a href=\"https:\/\/www.xatakahome.com\/iluminacion-y-energia\/tramos-horarios-tarifa-luz-no-sirven-como-saber-cuando-barata-electricidad-cada-dia\" class=\"desvio-taxonomy-anchor\">En Xataka Smart Home<\/a>\n    <\/div>\n<p>    <a href=\"https:\/\/www.xatakahome.com\/iluminacion-y-energia\/tramos-horarios-tarifa-luz-no-sirven-como-saber-cuando-barata-electricidad-cada-dia\" class=\"desvio-title js-desvio-title\">Los tramos horarios de la tarifa de la luz ya no sirven: c\u00f3mo saber cu\u00e1ndo es m\u00e1s barata la electricidad cada d\u00eda<\/a>\n   <\/div>\n<\/p><\/div>\n<\/p><\/div>\n<\/div>\n<h2>Un estreno desastroso: la luz sube en vez de bajar<\/h2>\n<p>La teor\u00eda pinta relativamente bien y muchos ya est\u00e1bamos esperando a ver cu\u00e1l ser\u00eda el descuento finalmente obtenido en nuestro consumo el\u00e9ctrico. De hecho, ayer parec\u00eda que todo estaba encauzado y por la ma\u00f1ana <strong>las previsiones en el mercado mayorista eran muy buenas<\/strong> con <a href=\"https:\/\/www.xataka.com\/energia\/plena-ola-calor-luz-cae-22-tope-al-gas-se-deja-notar-su-primer-dia\">una rebaja que rozaba el 22%<\/a>.<\/p>\n<p>El precio medio en el mercado mayorista para hoy 15 de junio de 2022 se redujo hasta unos <strong>165,59 euros el megavatio hora<\/strong>, en comparaci\u00f3n con los 214,05 \u20ac\/MWh del d\u00eda 14 de junio de 2022. Sin embargo, este no era el precio definitivo, ya que hab\u00eda que sumar el <strong>\u00abimporte de compensaci\u00f3n\u00bb<\/strong>, es decir, la diferencia entre el precio topado del gas y el precio real que tiene en el mercado.<\/p>\n<p><!-- BREAK 3 --><\/p>\n<div class=\"article-asset-image article-asset-normal\">\n<div class=\"asset-content\">\n<div class=\"base-wrapper-image\" style=\"padding-top:48.861283643892%;\">\n<p>  <img decoding=\"async\" alt=\"Precio Luz448889\" class=\"centro_sinmarco\" src=\"https:\/\/i.blogs.es\/901bef\/precio-luz448889\/450_1000.webp\"><\/p><\/div>\n<\/p><\/div>\n<\/div>\n<p>Seg\u00fan el <a href=\"https:\/\/www.omie.es\/es\">Operador del Mercado Ib\u00e9rico de Energ\u00eda (OMIE)<\/a> este importe de compensaci\u00f3n tuvo un valor medio para hoy de 59,27 \u20ac\/MWh, por lo que si sumamos los 165,59 euros nos da un valor de 224,86 \u20ac\/MWh, lo que es <strong>10 euros m\u00e1s caro<\/strong> que el precio de mayorista fijado para el d\u00eda anterior.<\/p>\n<p>Esta situaci\u00f3n tambi\u00e9n se ha reflejado en los precios para el usuario final, teniendo como resultado que <strong>la tarifa PVPC para hoy 15 de junio ha sido la m\u00e1s alta del mes<\/strong>, como podemos observar en la <a href=\"https:\/\/www.esios.ree.es\/es\/pvpc\">p\u00e1gina web de Red El\u00e9ctrica Espa\u00f1ola<\/a> o en diferentes <a href=\"https:\/\/tarifaluzhora.es\/?tarifa=pcb&amp;fecha=14%2F06%2F2022\">comparadores de tarifas<\/a> el\u00e9ctricas que muestran el precio de la luz cada hora.<\/p>\n<\/p>\n<div class=\"article-asset-image article-asset-normal\">\n<div class=\"asset-content\">\n<div class=\"caption-img \">\n<div class=\"base-wrapper-image\" style=\"padding-top:48.571428571429%;\">\n<p>  <img decoding=\"async\" alt=\"Precio Luz 14 Junio\" class=\"centro_sinmarco\" src=\"https:\/\/i.blogs.es\/da20c2\/precio-luz-14-junio\/450_1000.webp\"><\/p><\/div>\n<p>         <span>Precio electricidad PVPC 14 Junio 2022<\/span>\n   <\/div>\n<\/p><\/div>\n<\/div>\n<p>Por ejemplo, ayer <strong>14 de junio de 2022<\/strong> justo antes de aplicar el tope al gas tuvimos un precio medio del kWh para el consumidor de tarifa regulada de <strong>0,291 euros<\/strong> con un pico de las 21:00 a las 22:00 horas de 0,366 euros y un m\u00ednimo entre las 04:00 y 5:00 horas de 0,244 euros.<\/p>\n<p><!-- BREAK 4 --><\/p>\n<div class=\"article-asset-image article-asset-normal\">\n<div class=\"asset-content\">\n<div class=\"caption-img \">\n<div class=\"base-wrapper-image\" style=\"padding-top:48.868398994132%;\">\n<p>  <img decoding=\"async\" alt=\"Precio Luz15 Junio\" class=\"centro_sinmarco\" src=\"https:\/\/i.blogs.es\/888d94\/precio-luz15-junio\/450_1000.webp\"><\/p><\/div>\n<p>         <span>Precio electricidad PVPC 15 Junio 2022<\/span>\n   <\/div>\n<\/p><\/div>\n<\/div>\n<p>Hoy d\u00eda <strong>15 de junio de 2022<\/strong> con la medida ya aplicada y en vigor tenemos un precio medio del kWh de <strong>0,306 euros<\/strong>, con un pico entre las 21:00 y 22:00 horas de 0,358 y un m\u00ednimo entre las 15:00 y las 16:00 horas de 0,257 euros.<\/p>\n<p><!-- BREAK 5 --><\/p>\n<div class=\"article-asset-image article-asset-normal\">\n<div class=\"asset-content\">\n<div class=\"caption-img \">\n<div class=\"base-wrapper-image\" style=\"padding-top:49.304987735078%;\">\n<p>  <img decoding=\"async\" alt=\"Precio Luz448899\" class=\"centro_sinmarco\" src=\"https:\/\/i.blogs.es\/b2323a\/precio-luz448899\/450_1000.webp\"><\/p><\/div>\n<p>         <span>Precio electricidad PVPC 15 Junio 2021<\/span>\n   <\/div>\n<\/p><\/div>\n<\/div>\n<p>Como vemos, <strong>el precio de la electricidad es en media hoy un 5% m\u00e1s caro que ayer<\/strong>. Pero si adem\u00e1s nos ponemos un poco en contexto y viajamos en el tiempo hasta hace justo un a\u00f1o, el <strong>15 de junio de 2021<\/strong>, en esa fecha <a href=\"https:\/\/tarifaluzhora.es\/?tarifa=pcb&amp;fecha=15%2F06%2F2021\">el precio medio del kWh fue de 0,171 euros<\/a>, lo que nos indica que <strong>en 365 d\u00edas la luz ha subido un 114%<\/strong>, es decir, se ha duplicado.<\/p>\n<\/p>\n<div class=\"article-asset-video article-asset-normal\">\n<div class=\"asset-content\">\n<div class=\"base-asset-video\">\n<div class=\"js-dailymotion\">\n    <script type=\"application\/json\">\n           {\"videoId\":\"x81h7p2\",\"autoplay\":true,\"title\":\"NUEVA FACTURA DE LA LUZ: TODO LO QUE DEBES SABER para AHORRAR AL M\u00c1XIMO\", \"tag\":\"\"}\n         <\/script>\n   <\/div>\n<\/p><\/div>\n<\/p><\/div>\n<\/div>\n<h2>Ola de calor y una tormenta perfecta<\/h2>\n<p>\u00bfCu\u00e1l es entonces el motivo para que la famosa medida del tope del gas aparentemente no haya surtido efecto? La vicepresidenta Ribera trat\u00f3 de <a href=\"https:\/\/elperiodicodelaenergia.com\/el-peor-estreno-posible-de-la-excepcion-iberica-los-consumidores-acogidos-al-pvpc-pagaran-el-precio-mas-caro-en-lo-que-va-de-junio-a-pesar-del-tope\/\">explicar la situaci\u00f3n ayer<\/a> se\u00f1alando que por una parte <strong>\u00abel mercado de gas est\u00e1 tensionado por el anuncio de Gazprom de reducir el aprovisionamiento\u00bb<\/strong> y tambi\u00e9n por el accidente que ha habido en una de las principales plantas de gas de EEUU, as\u00ed como por la expectativa de que se va a necesitar <strong>m\u00e1s energ\u00eda por la ola de calor<\/strong> en el sur de Europa. <\/p>\n<\/p>\n<div class=\"article-asset-image article-asset-normal\">\n<div class=\"asset-content\">\n<div class=\"base-wrapper-image\" style=\"padding-top:56.25%;\">\n<p>  <img decoding=\"async\" alt=\"luz\" class=\"centro_sinmarco\" src=\"https:\/\/i.blogs.es\/c1cd32\/20220513riberaencmcapgas1_tcm30-540369\/450_1000.webp\"><\/p><\/div>\n<\/p><\/div>\n<\/div>\n<p>Aunque ha sido un mal comienzo que no se ha traducido en una rebaja notable, seg\u00fan Ribera tenemos todav\u00eda que <strong>\u00abdar margen para ver c\u00f3mo ocurren las cosas\u00bb<\/strong> estando el precio de Espa\u00f1a  \u00absignificativamente por debajo del precio de Francia o del precio de Italia\u00bb. Adem\u00e1s, el mercado mayorista est\u00e1 <strong>\u00abpor debajo de lo que hubiera ocurrido en ausencia del tope<\/strong>. Tenemos que dar tiempo al tiempo, esperar a que se asiente, pero incluso en circunstancias extremas como las de hoy vamos a pagar menos\u00bb.<\/p>\n<p><!-- BREAK 6 --><\/p>\n<p>Seg\u00fan el Gobierno, <strong>cuando se vaya la ola de calor<\/strong> y no dependamos tanto del gas como fuente principal de energ\u00eda  se conseguir\u00e1 un ahorro en el precio de la luz que <strong>rondar\u00e1 el 15%<\/strong>, cifra que tampoco es la esperada del 20-30% que se <a href=\"https:\/\/www.miteco.gob.es\/es\/prensa\/ultimas-noticias\/el-gobierno-aprueba-el-mecanismo-ib%C3%A9rico-para-limitar-el-precio-del-gas-y-rebajar-la-electricidad\/tcm:30-540371\">pretend\u00eda conseguir<\/a> cuando se inici\u00f3 el proceso hace meses.<\/p>\n<p>No obstante es de esperar que en los pr\u00f3ximos d\u00edas la ola de calor pase, la situaci\u00f3n se vaya normalizando, el mercado se asiente y podamos conocer finalmente <strong>cu\u00e1l ser\u00e1 la rebaja real<\/strong> que tendremos los usuarios finales.<\/p>\n<p><!-- BREAK 7 --><script>\n (function() {\n  window._JS_MODULES = window._JS_MODULES || {};\n  var headElement = document.getElementsByTagName('head')[0];\n  if (_JS_MODULES.instagram) {\n   var instagramScript = document.createElement('script');\n   instagramScript.src = 'https:\/\/platform.instagram.com\/en_US\/embeds.js';\n   instagramScript.async = true;\n   instagramScript.defer = true;\n   headElement.appendChild(instagramScript);\n  }\n })();\n<\/script><\/p>\n<p> &#8211; <br \/> La noticia<br \/>\n      <a href=\"https:\/\/www.xatakahome.com\/a-fondo\/que-hoy-luz-cara-que-ayer-ha-entrado-vigor-tope-gas-que-gobierno-pretende-que-baje?utm_source=feedburner&amp;utm_medium=feed&amp;utm_campaign=15_Jun_2022\"><br \/>\n       <em> Por qu\u00e9 hoy la luz es m\u00e1s cara que ayer si acaba de entrar en vigor el tope del gas con el que el Gobierno pretende que baje <\/em><br \/>\n      <\/a><br \/>\n      fue publicada originalmente en<br \/>\n      <a href=\"https:\/\/www.xatakahome.com\/?utm_source=feedburner&amp;utm_medium=feed&amp;utm_campaign=15_Jun_2022\"><br \/>\n       <strong> Xataka Smart Home <\/strong><br \/>\n      <\/a><br \/>\n            por <a href=\"https:\/\/www.xatakahome.com\/autor\/paco-rodriguez?utm_source=feedburner&amp;utm_medium=feed&amp;utm_campaign=15_Jun_2022\"><br \/>\n       Paco Rodriguez<br \/>\n      <\/a><br \/>\n      . <\/p>\n<div class=\"feedflare\">\n<a href=\"http:\/\/feeds.weblogssl.com\/~ff\/Xatakahome?a=FtaSqukp1lU:Np39ZSg-0hQ:yIl2AUoC8zA\"><img decoding=\"async\" src=\"http:\/\/feeds.feedburner.com\/~ff\/Xatakahome?d=yIl2AUoC8zA\" border=\"0\"><\/a>\n<\/div>\n<\/div>\n","protected":false},"excerpt":{"rendered":"<p>Hoy 15 de junio de 2022 era el d\u00eda esperado por muchos consumidores para ver los efectos reales en las tarifas el\u00e9ctricas dom\u00e9sticas de la ya famosa medida tomada por el Gobierno conocida como \u00abtope al gas\u00bb. Se trata de un mecanismo que tiene como objetivo limitar el precio al gas a la hora de &hellip; <a href=\"https:\/\/domosistemas.com\/?p=16873\" class=\"more-link\">Sigue leyendo <span class=\"screen-reader-text\">Por qu\u00e9 hoy la luz es m\u00e1s cara que ayer si acaba de entrar en vigor el tope del gas con el que el Gobierno pretende que baje<\/span><\/a><\/p>\n","protected":false},"author":1,"featured_media":0,"comment_status":"closed","ping_status":"closed","sticky":false,"template":"","format":"standard","meta":{"footnotes":""},"categories":[8],"tags":[],"class_list":["post-16873","post","type-post","status-publish","format-standard","hentry","category-xataka"],"_links":{"self":[{"href":"https:\/\/domosistemas.com\/index.php?rest_route=\/wp\/v2\/posts\/16873","targetHints":{"allow":["GET"]}}],"collection":[{"href":"https:\/\/domosistemas.com\/index.php?rest_route=\/wp\/v2\/posts"}],"about":[{"href":"https:\/\/domosistemas.com\/index.php?rest_route=\/wp\/v2\/types\/post"}],"author":[{"embeddable":true,"href":"https:\/\/domosistemas.com\/index.php?rest_route=\/wp\/v2\/users\/1"}],"replies":[{"embeddable":true,"href":"https:\/\/domosistemas.com\/index.php?rest_route=%2Fwp%2Fv2%2Fcomments&post=16873"}],"version-history":[{"count":0,"href":"https:\/\/domosistemas.com\/index.php?rest_route=\/wp\/v2\/posts\/16873\/revisions"}],"wp:attachment":[{"href":"https:\/\/domosistemas.com\/index.php?rest_route=%2Fwp%2Fv2%2Fmedia&parent=16873"}],"wp:term":[{"taxonomy":"category","embeddable":true,"href":"https:\/\/domosistemas.com\/index.php?rest_route=%2Fwp%2Fv2%2Fcategories&post=16873"},{"taxonomy":"post_tag","embeddable":true,"href":"https:\/\/domosistemas.com\/index.php?rest_route=%2Fwp%2Fv2%2Ftags&post=16873"}],"curies":[{"name":"wp","href":"https:\/\/api.w.org\/{rel}","templated":true}]}}