{"id":16894,"date":"2022-06-17T09:13:17","date_gmt":"2022-06-17T09:13:17","guid":{"rendered":"https:\/\/domosistemas.com\/?p=16894"},"modified":"2022-06-17T09:13:17","modified_gmt":"2022-06-17T09:13:17","slug":"cansado-de-pasar-calor-en-verano-estos-son-los-aires-acondicionados-baratos-mas-vendidos-en-amazon-lidl-mediamarkt","status":"publish","type":"post","link":"https:\/\/domosistemas.com\/?p=16894","title":{"rendered":"\u00bfCansado de pasar calor en verano? Estos son los aires acondicionados baratos m\u00e1s vendidos en Amazon, Lidl, MediaMarkt\u2026"},"content":{"rendered":"<div>\n<p>\n      <img decoding=\"async\" src=\"https:\/\/i.blogs.es\/b05fe4\/portatiles\/1024_2000.jpeg\" alt=\"\u00bfCansado de pasar calor en verano? Estos son los aires acondicionados baratos m\u00e1s vendidos en Amazon, Lidl, MediaMarkt\u2026\">\n    <\/p>\n<p>\nOtra noche de calor&#8230; para otra jornada m\u00e1s sufriendo unas <a href=\"https:\/\/www.xataka.com\/medicina-y-salud\/vuelve-ola-calor-vuelve-dormir-mal-como-mejorar-nuestro-sueno-verano-ciencia\">temperaturas extremas<\/a> que nos llevan a tener que <a href=\"https:\/\/www.xatakahome.com\/iluminacion-y-energia\/mejor-forma-frenar-calor-aire-acondicionado-mantener-casa-fresca-como-utilizar-persianas-estores-toldos\">tirar de inventiva<\/a> y de <a href=\"https:\/\/www.xatakahome.com\/curiosidades\/como-dormir-verano-morir-calor-cuando-no-tenemos-ventilador-aire-acondicionado\">todo tipo de trucos para conciliar el sue\u00f1o<\/a> o simplemente poder sobrellevar la jornada. Y si nada de eso funciona, no queda m\u00e1s remedio que <strong>buscar la ayuda de sistemas de climatizaci\u00f3n<\/strong>.<\/p>\n<p>En este sentido los <a href=\"https:\/\/www.xatakahome.com\/electrodomesticos-innovadores\/11-pinguinos-aire-acondicionado-portatiles-para-refrescar-tu-casa-durante-ola-calor\">aires acondicionados o ping\u00fcinos<\/a> son una buena alternativa. Por la <a href=\"https:\/\/www.xatakahome.com\/accesorios\/vas-comprar-aire-acondicionado-portatil-aqui-tienes-cinco-consejos-para-sacarle-maximo-partido\">facilidad de uso que ofrecen<\/a>, al poder colocarlos en cualquier habitaci\u00f3n, sin tener que usar complejas instalaciones y adem\u00e1s ofreciendo <a href=\"https:\/\/www.xatakahome.com\/electrodomesticos-innovadores\/combatir-calor-no-caro-este-aire-acondicionado-portatil-tiene-bateria-mando-a-distancia-no-llega-a-50-euros-amazon\">un precio m\u00e1s econ\u00f3mico<\/a>. Y aunque pueden ofrecer <a href=\"https:\/\/www.xatakahome.com\/accesorios\/aire-acondicionado-portatil-merece-pena-cuales-sus-ventajas-e-inconvenientes\">algunos inconvenientes<\/a>, el precio es un punto muy a su favor. Por eso <strong>vamos a repasar los m\u00e1s vendidos en las principales cadenas de distribuci\u00f3n<\/strong> y tiendas online como Amazon, Lidl, MediaMarkt, El Corte Ingl\u00e9s, PcComponentes, FNAC&#8230;<!--more--><\/p>\n<h2>Cecotec ForeClima 7050<\/h2>\n<\/p>\n<div class=\"article-asset-image article-asset-small article-asset-small_center\">\n<div class=\"asset-content\">\n<div class=\"base-wrapper-image\" style=\"padding-top:100%;\">\n<p>  <img decoding=\"async\" alt=\"Cecotec\" class=\"centro_sinmarco\" src=\"https:\/\/i.blogs.es\/dafcf0\/cecotec\/450_1000.webp\"><\/p><\/div>\n<\/p><\/div>\n<\/div>\n<p>En Amazon el modelo m\u00e1s vendido es este modelo de Cecotec. El <strong>ForeClima 7050<\/strong> es un aire acondicionado port\u00e1til que podemos encontrar a un precio de <a class=\"js-ecommerce\" href=\"https:\/\/www.xatakahome.com\/redirect?url=https%3A%2F%2Fwww.amazon.es%2FCecotec-Acondicionado-Refrigeraci%25C3%25B3n-deshumidificaci%25C3%25B3n-Ultrasilencioso%2Fdp%2FB07SZF336X%2Fref%3Dsr_1_5%3F__mk_es_ES%3D%25C3%2585M%25C3%2585%25C5%25BD%25C3%2595%25C3%2591%26crid%3D2ID85J37L2PUL%26keywords%3Daire%2Bacondicionado%26qid%3D1655449099%26sprefix%3Daire%2Bacondicionado%252Caps%252C97%26sr%3D8-5&amp;category=electrodomesticos-innovadores\">179 euros<\/a>, un precio muy atractivo para hacerse con un equipos que ofrece un caudal de 300 m\u00b3\/h y funciones de refrigeraci\u00f3n, ventilaci\u00f3n y deshumidificaci\u00f3n.<\/p>\n<p><!-- PIVOT START -->\n<\/p>\n<div class=\"pivot-ecommerce-container\">\n<div class=\"pivot-ecommerce\">\n<div class=\"pivot-ecommerce-figure\">\n   <img decoding=\"async\" alt=\"Cecotec Aire Acondicionado Port\u00e1til con Mando a Distancia y Temporizador ForceClima 7050. 3 en 1, Refrigeraci\u00f3n, ventilaci\u00f3n y deshumidificaci\u00f3n, 1800 Frigor\u00edas, 7000 BTU, Caudal 300 m\u00b3\/h\" src=\"https:\/\/m.media-amazon.com\/images\/I\/310kz7jvLaL._SL500_.webp\" onerror='this.src=\"https:\/\/m.media-amazon.com\/images\/I\/310kz7jvLaL._SL500_.jpg\"'>\n  <\/div>\n<div class=\"pivot-ecommerce-summary\">\n<p class=\"pivot-ecommerce-desc\">Cecotec Aire Acondicionado Port\u00e1til con Mando a Distancia y Temporizador ForceClima 7050. 3 en 1, Refrigeraci\u00f3n, ventilaci\u00f3n y deshumidificaci\u00f3n, 1800 Frigor\u00edas, 7000 BTU, Caudal 300 m\u00b3\/h<\/p>\n<div class=\"pivot-actions js-pivot-actions\">\n<div class=\"pivot-actions-row\">\n <a rel=\"nofollow noopener\" target=\"_blank\" data-asin=\"B07SZF336X\" data-store=\"Amazon\" href=\"https:\/\/www.xatakahome.com\/redirect?url=https%3A%2F%2Fwww.amazon.es%2Fdp%2FB07SZF336X&amp;category=electrodomesticos-innovadores&amp;pivot=1\" title=\"Precio actualizado hoy\" class=\"pivot-action-primary js-pivot-action\">Hoy en Amazon por 179,00\u20ac<\/a>\n<\/div>\n<div class=\"pivot-actions-row\">\n <\/div>\n<\/p><\/div>\n<\/p><\/div>\n<\/p><\/div>\n<\/div>\n<p><!-- PIVOT END --><\/p>\n<p><strong>El mismo modelo que triunfa en ventas en MediaMarkt<\/strong>, donde la gran cadena lo tiene en oferta al mismo precio de <a class=\"js-ecommerce\" href=\"https:\/\/www.xatakahome.com\/redirect?url=https%3A%2F%2Fwww.mediamarkt.es%2Fes%2Fproduct%2F_aire-acondicionado-port%25C3%25A1til-cecotec-forceclima-7050-3-en-1-20-m2-1800-frigor%25C3%25ADas-kit-ventana-1448243.html&amp;category=electrodomesticos-innovadores\">179 euros<\/a><\/p>\n<p><!-- PIVOT START -->\n<\/p>\n<div class=\"pivot-ecommerce-container\">\n<div class=\"pivot-ecommerce\">\n<div class=\"pivot-ecommerce-figure\">\n   <img decoding=\"async\" alt=\"Aire acondicionado port\u00e1til - Cecotec ForceClima 7050, 1800 fg\/h, Inverter, 20 m\u00b2, Blanco\" src=\"https:\/\/i.blogs.es\/c76148\/captura-de-pantalla-2022-06-17-a-las-9.23.06\/original.webp\" onerror='this.src=\"https:\/\/i.blogs.es\/c76148\/captura-de-pantalla-2022-06-17-a-las-9.23.06\/original.png\"'>\n  <\/div>\n<div class=\"pivot-ecommerce-summary\">\n<p class=\"pivot-ecommerce-desc\">Aire acondicionado port\u00e1til &#8211; Cecotec ForceClima 7050, 1800 fg\/h, Inverter, 20 m\u00b2, Blanco<\/p>\n<div class=\"pivot-actions js-pivot-actions\">\n<div class=\"pivot-actions-row\">\n <a rel=\"nofollow noopener\" target=\"_blank\" data-asin=\"\" data-store=\"MediaMarkt\" href=\"https:\/\/www.xatakahome.com\/redirect?url=https%3A%2F%2Fwww.mediamarkt.es%2Fes%2Fproduct%2F_aire-acondicionado-port%25C3%25A1til-cecotec-forceclima-7050-3-en-1-20-m2-1800-frigor%25C3%25ADas-kit-ventana-1448243.html&amp;category=electrodomesticos-innovadores&amp;pivot=1\" title=\"Precio de venta al p\u00fablico a fecha de publicaci\u00f3n\" class=\"pivot-action-primary js-pivot-action\">PVP en MediaMarkt 179\u20ac<\/a>\n<\/div>\n<div class=\"pivot-actions-row\">\n <\/div>\n<\/p><\/div>\n<\/p><\/div>\n<\/p><\/div>\n<\/div>\n<p><!-- PIVOT END --><\/p>\n<h2>Mc Haus Artic-12<\/h2>\n<\/p>\n<div class=\"article-asset-image article-asset-small article-asset-small_center\">\n<div class=\"asset-content\">\n<div class=\"base-wrapper-image\" style=\"padding-top:95.600676818951%;\">\n<p>  <img decoding=\"async\" alt=\"Mc Haus Artic-12\" class=\"centro_sinmarco\" src=\"https:\/\/i.blogs.es\/44593f\/captura-de-pantalla-2022-06-17-a-las-9.19.58\/450_1000.webp\"><\/p><\/div>\n<\/p><\/div>\n<\/div>\n<p>En PcComponentes triunfa otro modelo econ\u00f3mico como es el <strong>Mc Haus Artic-12<\/strong>. Un modelo que est\u00e1 rebajado y pasa de costar 320 euros a tener un precio de <a class=\"js-ecommerce\" href=\"https:\/\/www.xatakahome.com\/redirect?url=https%3A%2F%2Fwww.pccomponentes.com%2Fmc-haus-artic-12-aire-acondicionado-portatil-1765-frigorias&amp;category=electrodomesticos-innovadores\">poco m\u00e1s de 200 euros<\/a>. Un equipo port\u00e1til con una potencia de 785W capaz de ofrecer 1.765 frigor\u00edas con las que refrescar habitaciones de hasta 20m\u00b2.<\/p>\n<p><!-- PIVOT START -->\n<\/p>\n<div class=\"pivot-ecommerce-container\">\n<div class=\"pivot-ecommerce\">\n<div class=\"pivot-ecommerce-figure\">\n   <img decoding=\"async\" alt=\"Mc Haus Artic-12 Aire Acondicionado Port\u00e1til 1765 Frigor\u00edas\" src=\"https:\/\/i.blogs.es\/bc6cf0\/captura-de-pantalla-2022-06-17-a-las-9.19.58\/original.webp\" onerror='this.src=\"https:\/\/i.blogs.es\/bc6cf0\/captura-de-pantalla-2022-06-17-a-las-9.19.58\/original.png\"'>\n  <\/div>\n<div class=\"pivot-ecommerce-summary\">\n<p class=\"pivot-ecommerce-desc\">Mc Haus Artic-12 Aire Acondicionado Port\u00e1til 1765 Frigor\u00edas<\/p>\n<div class=\"pivot-actions js-pivot-actions\">\n<div class=\"pivot-actions-row\">\n <a rel=\"nofollow noopener\" target=\"_blank\" data-asin=\"\" data-store=\"PcComponentes\" href=\"https:\/\/www.xatakahome.com\/redirect?url=https%3A%2F%2Fwww.pccomponentes.com%2Fmc-haus-artic-12-aire-acondicionado-portatil-1765-frigorias&amp;category=electrodomesticos-innovadores&amp;pivot=1\" title=\"Precio de venta al p\u00fablico a fecha de publicaci\u00f3n\" class=\"pivot-action-primary js-pivot-action\">PVP en PcComponentes 204,98\u20ac<\/a>\n<\/div>\n<div class=\"pivot-actions-row\">\n <\/div>\n<\/p><\/div>\n<\/p><\/div>\n<\/p><\/div>\n<\/div>\n<p><!-- PIVOT END --><\/p>\n<h2>Aire acondicionado SilverCrest<\/h2>\n<\/p>\n<div class=\"article-asset-image article-asset-small article-asset-small_center\">\n<div class=\"asset-content\">\n<div class=\"base-wrapper-image\" style=\"padding-top:75%;\">\n<p>  <img decoding=\"async\" alt=\"Aire Acondicionado Movil 785 W Zoom\" class=\"centro_sinmarco\" src=\"https:\/\/i.blogs.es\/3d03d0\/aire-acondicionado-movil-785-w-zoom\/450_1000.webp\"><\/p><\/div>\n<\/p><\/div>\n<\/div>\n<p>Lidl tiene a la venta y con \u00e9xito <strong>este modelo de la marca SilverCrest<\/strong>. Tiene un precio de <a class=\"js-ecommerce\" href=\"https:\/\/www.xatakahome.com\/redirect?url=https%3A%2F%2Fwww.lidl.es%2Fes%2Faire-acondicionado-movil-785-w%2Fp40858%3FsearchTrackingQuery%3Daire%2Bacondicionado%26searchTrackingId%3DProduct.40858%26searchTrackingPos%3D1%26searchTrackingOrigPos%3D1%26searchTrackingRelevancy%3D100.0%26searchTrackingPage%3D1%26searchTrackingPageSize%3D24%26searchTrackingOrigPageSize%3D24&amp;category=electrodomesticos-innovadores\">179,99 euros<\/a> y viene a ser una <a href=\"https:\/\/www.xatakahome.com\/electrodomesticos-innovadores\/solucion-low-cost-lidl-para-noches-calurosas-verano\">soluci\u00f3n econ\u00f3mica<\/a> para los que buscan algo barato. Un aire acondicionado que ofrece tres funciones en una, pues deshumidifica, ventila y refresca. Con dos niveles de potencial, es capaz de enfriar estancias de hasta 60 m\u00b3. A la funci\u00f3n para refrigerar a\u00f1ade otra de deshumidificaci\u00f3n de hasta 0,79 l\/hora.<\/p>\n<p><!-- PIVOT START -->\n<\/p>\n<div class=\"pivot-ecommerce-container\">\n<div class=\"pivot-ecommerce\">\n<div class=\"pivot-ecommerce-figure\">\n   <img decoding=\"async\" alt=\"Aire acondicionado m\u00f3vil 785 W\" src=\"https:\/\/i.blogs.es\/780a08\/aire-acondicionado-movil-785-w-zoom\/original.webp\" onerror='this.src=\"https:\/\/i.blogs.es\/780a08\/aire-acondicionado-movil-785-w-zoom\/original.jpeg\"'>\n  <\/div>\n<div class=\"pivot-ecommerce-summary\">\n<p class=\"pivot-ecommerce-desc\">Aire acondicionado m\u00f3vil 785 W<\/p>\n<div class=\"pivot-actions js-pivot-actions\">\n<div class=\"pivot-actions-row\">\n <a rel=\"nofollow noopener\" target=\"_blank\" data-asin=\"\" data-store=\"Lidl\" href=\"https:\/\/www.xatakahome.com\/redirect?url=https%3A%2F%2Fwww.lidl.es%2Fes%2Faire-acondicionado-movil-785-w%2Fp40858%3FsearchTrackingQuery%3Daire%2Bacondicionado%26searchTrackingId%3DProduct.40858%26searchTrackingPos%3D1%26searchTrackingOrigPos%3D1%26searchTrackingRelevancy%3D100.0%26searchTrackingPage%3D1%26searchTrackingPageSize%3D24%26searchTrackingOrigPageSize%3D24&amp;category=electrodomesticos-innovadores&amp;pivot=1\" title=\"Precio de venta al p\u00fablico a fecha de publicaci\u00f3n\" class=\"pivot-action-primary js-pivot-action\">PVP en Lidl 179,99\u20ac<\/a>\n<\/div>\n<div class=\"pivot-actions-row\">\n <\/div>\n<\/p><\/div>\n<\/p><\/div>\n<\/p><\/div>\n<\/div>\n<p><!-- PIVOT END --><\/p>\n<h2>Haverland IGLU-7<\/h2>\n<\/p>\n<div class=\"article-asset-image article-asset-small article-asset-small_center\">\n<div class=\"asset-content\">\n<div class=\"base-wrapper-image\" style=\"padding-top:108.078994614%;\">\n<p>  <img decoding=\"async\" alt=\"Haverland IGLU-7\" class=\"centro_sinmarco\" src=\"https:\/\/i.blogs.es\/e083e4\/captura-de-pantalla-2022-06-17-a-las-9.23.57\/450_1000.webp\"><\/p><\/div>\n<\/p><\/div>\n<\/div>\n<p>El <strong>Haverland IGLU-7<\/strong> es uno de los modelos que m\u00e1s \u00e9xito tiene en El Corte Ingl\u00e9s. Tiene un precio de <a class=\"js-ecommerce\" href=\"https:\/\/www.xatakahome.com\/redirect?url=https%3A%2F%2Fwww.elcorteingles.es%2Felectrodomesticos%2FMP_0113464_8423055006995-aire-acondicionado-portatil-haverland-iglu-7-7000btu-3-en-1%2F&amp;category=electrodomesticos-innovadores\">249 euros<\/a> y a cambio tenemos un equipo 3 en 1 capaz de enfr\u00edar, deshumidificar y ventilar habitaciones de hasta 16 m\u00b2. Tiene una capacidad de refrigeraci\u00f3n de 7000 BTU\/h, una potencia de 2050 W, un flujo de aire de hasta 320 m\u00b3\/h y una potencia de 785 W.<\/p>\n<p><!-- PIVOT START -->\n<\/p>\n<div class=\"pivot-ecommerce-container\">\n<div class=\"pivot-ecommerce\">\n<div class=\"pivot-ecommerce-figure\">\n   <img decoding=\"async\" alt=\"Aire acondicionado portatil Haverland IGLU-7 7000BTU 3 en 1\" src=\"https:\/\/i.blogs.es\/f5cdef\/captura-de-pantalla-2022-06-17-a-las-9.23.57\/original.webp\" onerror='this.src=\"https:\/\/i.blogs.es\/f5cdef\/captura-de-pantalla-2022-06-17-a-las-9.23.57\/original.png\"'>\n  <\/div>\n<div class=\"pivot-ecommerce-summary\">\n<p class=\"pivot-ecommerce-desc\">Aire acondicionado portatil Haverland IGLU-7 7000BTU 3 en 1<\/p>\n<div class=\"pivot-actions js-pivot-actions\">\n<div class=\"pivot-actions-row\">\n <a rel=\"nofollow noopener\" target=\"_blank\" data-asin=\"\" data-store=\"El Corte Ingl\u00e9s\" href=\"https:\/\/www.xatakahome.com\/redirect?url=https%3A%2F%2Fwww.elcorteingles.es%2Felectrodomesticos%2FMP_0113464_8423055006995-aire-acondicionado-portatil-haverland-iglu-7-7000btu-3-en-1%2F&amp;category=electrodomesticos-innovadores&amp;pivot=1\" title=\"Precio de venta al p\u00fablico a fecha de publicaci\u00f3n\" class=\"pivot-action-primary js-pivot-action\">PVP en El Corte Ingl\u00e9s 249\u20ac<\/a>\n<\/div>\n<div class=\"pivot-actions-row\">\n <\/div>\n<\/p><\/div>\n<\/p><\/div>\n<\/p><\/div>\n<\/div>\n<p><!-- PIVOT END --><\/p>\n<h2>Cecotec Force Clima 9050<\/h2>\n<\/p>\n<div class=\"article-asset-image article-asset-small article-asset-small_center\">\n<div class=\"asset-content\">\n<div class=\"base-wrapper-image\" style=\"padding-top:100%;\">\n<p>  <img decoding=\"async\" alt=\"Cecotec Force Clima 9050\" class=\"centro_sinmarco\" src=\"https:\/\/i.blogs.es\/26eb2c\/cecotec-force-clima-9050-\/450_1000.webp\"><\/p><\/div>\n<\/p><\/div>\n<\/div>\n<p>En FNAC el modelo m\u00e1s vendido vuelve a ser de Cecotec, pero en esta ocasi\u00f3n es el <strong>Cecotec ForceClima 9050<\/strong>. Lo podemos encontrar por <a class=\"js-ecommerce\" href=\"https:\/\/www.xatakahome.com\/redirect?url=https%3A%2F%2Fwww.fnac.es%2FAire-acondicionado-portatil-Cecotec-Force-Clima-9050-Climatizacion-y-ventilacion-Ventilador%2Fa7446525%23omnsearchpos%3D1&amp;category=electrodomesticos-innovadores\">239 euros<\/a> y a cambio encontramos un equipo port\u00e1til con una potencia de 2,64 kW, una capacidad de refrigeraci\u00f3n de 9000 BTU\/h capaz de ofrecer hasta 2.270 frigor\u00edas y un caudal de aire 350m\u00b3\/h que le permiten enfriar estancias de 25m\u00b2.<\/p>\n<p><!-- PIVOT START -->\n<\/p>\n<div class=\"pivot-ecommerce-container\">\n<div class=\"pivot-ecommerce\">\n<div class=\"pivot-ecommerce-figure\">\n   <img decoding=\"async\" alt=\"Aire acondicionado port\u00e1til Cecotec Force Clima 9050\" src=\"https:\/\/i.blogs.es\/a8b09e\/cecotec-force-clima-9050-\/original.webp\" onerror='this.src=\"https:\/\/i.blogs.es\/a8b09e\/cecotec-force-clima-9050-\/original.jpeg\"'>\n  <\/div>\n<div class=\"pivot-ecommerce-summary\">\n<p class=\"pivot-ecommerce-desc\">Aire acondicionado port\u00e1til Cecotec Force Clima 9050<\/p>\n<div class=\"pivot-actions js-pivot-actions\">\n<div class=\"pivot-actions-row\">\n <a rel=\"nofollow noopener\" target=\"_blank\" data-asin=\"\" data-store=\"FNAC\" href=\"https:\/\/www.xatakahome.com\/redirect?url=https%3A%2F%2Fwww.fnac.es%2FAire-acondicionado-portatil-Cecotec-Force-Clima-9050-Climatizacion-y-ventilacion-Ventilador%2Fa7446525%23omnsearchpos%3D1&amp;category=electrodomesticos-innovadores&amp;pivot=1\" title=\"Precio de venta al p\u00fablico a fecha de publicaci\u00f3n\" class=\"pivot-action-primary js-pivot-action\">PVP en FNAC 239\u20ac<\/a>\n<\/div>\n<div class=\"pivot-actions-row\">\n <\/div>\n<\/p><\/div>\n<\/p><\/div>\n<\/p><\/div>\n<\/div>\n<p><!-- PIVOT END --><\/p>\n<div class=\"article-asset-video article-asset-normal\">\n<div class=\"asset-content\">\n<div class=\"base-asset-video\">\n<div class=\"js-dailymotion\">\n    <script type=\"application\/json\">\n           {\"videoId\":\"x8006fc\",\"autoplay\":true,\"title\":\"C\u00f3mo dormir cuando hace mucho calor y no tienes aire acondicionado\", \"tag\":\"\"}\n         <\/script>\n   <\/div>\n<\/p><\/div>\n<\/p><\/div>\n<\/div>\n<h2>M\u00e1s ofertas<\/h2>\n<p>Si tras todo esto nuestra secci\u00f3n de los viernes se te queda corta, puedes estar al d\u00eda y en cada momento informado de las principales ofertas y novedades de Xataka Selecci\u00f3n en nuestro canal de <a href=\"https:\/\/t.me\/xatakaseleccion\">Telegram<\/a> o en nuestros perfiles de <a href=\"https:\/\/twitter.com\/xatakaseleccion\">Twitter<\/a>, <a href=\"https:\/\/www.facebook.com\/XatakaSeleccion\/\">Facebook<\/a> y la revista <a href=\"https:\/\/flipboard.com\/@xataka\/cazando-gangas-4tsdshjjz\">Flipboard<\/a>. Puedes echar un vistazo tambi\u00e9n a los cazando gangas de <a href=\"https:\/\/www.xatakamovil.com\/tag\/cazando-gangas\">Xataka M\u00f3vil<\/a>, <a href=\"https:\/\/www.xatakandroid.com\/tag\/cazando-gangas\">Xataka Android<\/a>, <a href=\"https:\/\/www.xatakafoto.com\/tag\/cazando-gangas\">Xataka Foto<\/a>, <a href=\"https:\/\/www.vidaextra.com\/tag\/cazando-gangas\">Vida Extra<\/a>, <a href=\"https:\/\/www.espinof.com\/tag\/cazando-gangas\">Espinof<\/a> y <a href=\"https:\/\/www.applesfera.com\/tag\/cazando-gangas-applesfera\">Applesfera<\/a>, as\u00ed como con nuestros compa\u00f1eros de <a href=\"https:\/\/www.compradiccion.com\/\">Compradicci\u00f3n<\/a>. Puedes ver todas las gangas que publican en <a href=\"http:\/\/twitter.com\/compradiccion_\">Twitter<\/a> y <a href=\"https:\/\/www.facebook.com\/Compradiccion\/\">Facebook<\/a>, e incluso suscribirte a sus avisos v\u00eda <a href=\"http:\/\/telegram.me\/compradiccion\">Telegram<\/a>.<\/p>\n<\/p>\n<div class=\"actualizacion\">\n<div class=\"actualizacion-inner\">\n  Nota: Algunos de los enlaces de este art\u00edculo son afiliados y pueden reportar un beneficio a Xataka Home\n <\/div>\n<\/div>\n<p><script>\n (function() {\n  window._JS_MODULES = window._JS_MODULES || {};\n  var headElement = document.getElementsByTagName('head')[0];\n  if (_JS_MODULES.instagram) {\n   var instagramScript = document.createElement('script');\n   instagramScript.src = 'https:\/\/platform.instagram.com\/en_US\/embeds.js';\n   instagramScript.async = true;\n   instagramScript.defer = true;\n   headElement.appendChild(instagramScript);\n  }\n })();\n<\/script><\/p>\n<p> &#8211; <br \/> La noticia<br \/>\n      <a href=\"https:\/\/www.xatakahome.com\/electrodomesticos-innovadores\/cansado-pasar-calor-verano-estos-aires-acondicionados-baratos-vendidos-amazon-lidl-mediamarkt?utm_source=feedburner&amp;utm_medium=feed&amp;utm_campaign=17_Jun_2022\"><br \/>\n       <em> \u00bfCansado de pasar calor en verano? Estos son los aires acondicionados baratos m\u00e1s vendidos en Amazon, Lidl, MediaMarkt\u2026 <\/em><br \/>\n      <\/a><br \/>\n      fue publicada originalmente en<br \/>\n      <a href=\"https:\/\/www.xatakahome.com\/?utm_source=feedburner&amp;utm_medium=feed&amp;utm_campaign=17_Jun_2022\"><br \/>\n       <strong> Xataka Smart Home <\/strong><br \/>\n      <\/a><br \/>\n            por <a href=\"https:\/\/www.xatakahome.com\/autor\/jose-antonio-carmona?utm_source=feedburner&amp;utm_medium=feed&amp;utm_campaign=17_Jun_2022\"><br \/>\n       Jose Antonio Carmona<br \/>\n      <\/a><br \/>\n      . <\/p>\n<div class=\"feedflare\">\n<a href=\"http:\/\/feeds.weblogssl.com\/~ff\/Xatakahome?a=feC3DyekbBA:ptv20_cq9fc:yIl2AUoC8zA\"><img decoding=\"async\" src=\"http:\/\/feeds.feedburner.com\/~ff\/Xatakahome?d=yIl2AUoC8zA\" border=\"0\"><\/a>\n<\/div>\n<\/div>\n","protected":false},"excerpt":{"rendered":"<p>Otra noche de calor&#8230; para otra jornada m\u00e1s sufriendo unas temperaturas extremas que nos llevan a tener que tirar de inventiva y de todo tipo de trucos para conciliar el sue\u00f1o o simplemente poder sobrellevar la jornada. Y si nada de eso funciona, no queda m\u00e1s remedio que buscar la ayuda de sistemas de climatizaci\u00f3n. &hellip; <a href=\"https:\/\/domosistemas.com\/?p=16894\" class=\"more-link\">Sigue leyendo <span class=\"screen-reader-text\">\u00bfCansado de pasar calor en verano? Estos son los aires acondicionados baratos m\u00e1s vendidos en Amazon, Lidl, MediaMarkt\u2026<\/span><\/a><\/p>\n","protected":false},"author":1,"featured_media":0,"comment_status":"closed","ping_status":"closed","sticky":false,"template":"","format":"standard","meta":{"footnotes":""},"categories":[8],"tags":[],"class_list":["post-16894","post","type-post","status-publish","format-standard","hentry","category-xataka"],"_links":{"self":[{"href":"https:\/\/domosistemas.com\/index.php?rest_route=\/wp\/v2\/posts\/16894","targetHints":{"allow":["GET"]}}],"collection":[{"href":"https:\/\/domosistemas.com\/index.php?rest_route=\/wp\/v2\/posts"}],"about":[{"href":"https:\/\/domosistemas.com\/index.php?rest_route=\/wp\/v2\/types\/post"}],"author":[{"embeddable":true,"href":"https:\/\/domosistemas.com\/index.php?rest_route=\/wp\/v2\/users\/1"}],"replies":[{"embeddable":true,"href":"https:\/\/domosistemas.com\/index.php?rest_route=%2Fwp%2Fv2%2Fcomments&post=16894"}],"version-history":[{"count":0,"href":"https:\/\/domosistemas.com\/index.php?rest_route=\/wp\/v2\/posts\/16894\/revisions"}],"wp:attachment":[{"href":"https:\/\/domosistemas.com\/index.php?rest_route=%2Fwp%2Fv2%2Fmedia&parent=16894"}],"wp:term":[{"taxonomy":"category","embeddable":true,"href":"https:\/\/domosistemas.com\/index.php?rest_route=%2Fwp%2Fv2%2Fcategories&post=16894"},{"taxonomy":"post_tag","embeddable":true,"href":"https:\/\/domosistemas.com\/index.php?rest_route=%2Fwp%2Fv2%2Ftags&post=16894"}],"curies":[{"name":"wp","href":"https:\/\/api.w.org\/{rel}","templated":true}]}}