{"id":16935,"date":"2022-06-22T10:02:53","date_gmt":"2022-06-22T10:02:53","guid":{"rendered":"https:\/\/domosistemas.com\/?p=16935"},"modified":"2022-06-22T10:02:53","modified_gmt":"2022-06-22T10:02:53","slug":"el-gobierno-bajara-el-iva-de-la-luz-a-la-mitad-pasara-del-10-al-5-a-partir-del-proximo-sabado","status":"publish","type":"post","link":"https:\/\/domosistemas.com\/?p=16935","title":{"rendered":"El Gobierno bajar\u00e1 el IVA de la luz a la mitad: pasar\u00e1 del 10% al 5% a partir del pr\u00f3ximo s\u00e1bado"},"content":{"rendered":"<div>\n<p>\n      <img decoding=\"async\" src=\"https:\/\/i.blogs.es\/04fcde\/precio-luz\/1024_2000.jpg\" alt=\"El Gobierno bajar\u00e1 el IVA de la luz a la mitad: pasar\u00e1 del 10% al 5% a partir del pr\u00f3ximo s\u00e1bado\">\n    <\/p>\n<\/p>\n<p>El pasado 15 de junio de 2022 era el d\u00eda en el que muchos consumidores esper\u00e1bamos que <strong>bajase por fin el precio de la luz<\/strong> con la conocida medida del <a href=\"https:\/\/www.xatakahome.com\/iluminacion-y-energia\/que-tope-al-gas-medida-gobierno-que-entra-vigor-para-rebajar-factura-luz\">\u00abtope al gas\u00bb<\/a> aprobada por el Gobierno y refrendada por Europa.<\/p>\n<p>Sin embargo, por diversos motivos que <a href=\"https:\/\/www.xatakahome.com\/a-fondo\/que-hoy-luz-cara-que-ayer-ha-entrado-vigor-tope-gas-que-gobierno-pretende-que-baje\">analizamos en su d\u00eda<\/a> esta rebaja no se produjo en los t\u00e9rminos esperados y el <strong>precio de la electricidad<\/strong> para el consumidor espa\u00f1ol ha seguido increment\u00e1ndose durante esta semana.<!--more--><\/p>\n<p>En vista del escaso resultado real que por ahora ha tenido la medida, <strong>Pedro S\u00e1nchez<\/strong> ha explicado hoy en el Congreso de los Diputados que el Ejecutivo actuar\u00e1 en consecuencia para lograr un abaratamiento en la factura el\u00e9ctrica, pero esta vez tocando directamente los impuestos, y m\u00e1s concretamente <strong>el IVA de la electricidad<\/strong>.<\/p>\n<p><!-- BREAK 1 --><\/p>\n<div class=\"article-asset article-asset-normal article-asset-center\">\n<div class=\"desvio-container\">\n<div class=\"desvio\">\n<div class=\"desvio-figure js-desvio-figure\">\n    <a href=\"https:\/\/www.xatakahome.com\/iluminacion-y-energia\/precio-luz-hoy-manana-como-conocer-tarifa-diaria-tu-movil-ordenador\"><br \/>\n     <img decoding=\"async\" alt=\"El precio de la luz hoy y ma\u00f1ana: c\u00f3mo conocer la tarifa diaria desde tu m\u00f3vil y ordenador\" src=\"https:\/\/i.blogs.es\/75ce27\/imagen2\/375_142.webp\" onerror='this.src=\"https:\/\/i.blogs.es\/75ce27\/imagen2\/375_142.jpg\"'><br \/>\n    <\/a>\n   <\/div>\n<div class=\"desvio-summary\">\n<div class=\"desvio-taxonomy js-desvio-taxonomy\">\n     <a href=\"https:\/\/www.xatakahome.com\/iluminacion-y-energia\/precio-luz-hoy-manana-como-conocer-tarifa-diaria-tu-movil-ordenador\" class=\"desvio-taxonomy-anchor\">En Xataka Smart Home<\/a>\n    <\/div>\n<p>    <a href=\"https:\/\/www.xatakahome.com\/iluminacion-y-energia\/precio-luz-hoy-manana-como-conocer-tarifa-diaria-tu-movil-ordenador\" class=\"desvio-title js-desvio-title\">El precio de la luz hoy y ma\u00f1ana: c\u00f3mo conocer la tarifa diaria desde tu m\u00f3vil y ordenador<\/a>\n   <\/div>\n<\/p><\/div>\n<\/p><\/div>\n<\/div>\n<h2>Un IVA para la luz que baja al 5%<\/h2>\n<p>En junio de 2021 ya <a href=\"https:\/\/www.lamoncloa.gob.es\/consejodeministros\/resumenes\/Paginas\/2021\/211221-rp-cministros.aspx\">se modific\u00f3 temporalmente<\/a> el IVA de la luz pasando a formar parte del grupo de productos y servicios con impuesto reducido, y descendiendo <strong>del 21% al 10%<\/strong>  para consumidores con potencia contratada de hasta 10 kW.<\/p>\n<\/p>\n<blockquote class=\"twitter-tweet\">\n<p lang=\"es\" dir=\"ltr\">Hace un a\u00f1o rebajamos el IVA de la luz del 21 al 10%. En el pr\u00f3ximo <a href=\"https:\/\/twitter.com\/hashtag\/CMin?src=hash&amp;ref_src=twsrc%5Etfw\">#CMin<\/a> lo reduciremos del 10 al 5% para seguir protegiendo a la ciudadan\u00eda de los efectos de la guerra. Esperamos que todos los grupos apoyen la medida en beneficio de las familias, empresas e industrias del pa\u00eds. <a href=\"https:\/\/t.co\/rZqPAAASka\">pic.twitter.com\/rZqPAAASka<\/a><\/p>\n<p>\u2014 Pedro S\u00e1nchez (@sanchezcastejon) <a href=\"https:\/\/twitter.com\/sanchezcastejon\/status\/1539510372843012096?ref_src=twsrc%5Etfw\">June 22, 2022<\/a>\n<\/p><\/blockquote>\n<p> <script async src=\"https:\/\/platform.twitter.com\/widgets.js\" charset=\"utf-8\"><\/script> <\/p>\n<p>Ahora se ha ido un paso m\u00e1s all\u00e1 y seg\u00fan ha declarado el Presidente durante la sesi\u00f3n de control al Gobierno en el Congreso, este <strong>impuesto del IVA pasar\u00e1 del 10% al 5%<\/strong> en un intento por paliar los efectos que la actual subida del precio de la luz est\u00e1 teniendo en el bolsillo de las familias espa\u00f1olas.<\/p>\n<p><!-- BREAK 2 --><\/p>\n<div class=\"article-asset-video article-asset-normal\">\n<div class=\"asset-content\">\n<div class=\"base-asset-video\">\n<div class=\"js-dailymotion\">\n    <script type=\"application\/json\">\n           {\"videoId\":\"x81h7p2\",\"autoplay\":true,\"title\":\"NUEVA FACTURA DE LA LUZ: TODO LO QUE DEBES SABER para AHORRAR AL M\u00c1XIMO\", \"tag\":\"\"}\n         <\/script>\n   <\/div>\n<\/p><\/div>\n<\/p><\/div>\n<\/div>\n<p>S\u00e1nchez ha vuelto a culpar al conflicto en Ucrania como principal causa del incremento en los costes de la electricidad y del ascenso de la inflaci\u00f3n en nuestro pa\u00eds y espera que <strong>esta medida ayude a contener los precios<\/strong>.<\/p>\n<p><!-- BREAK 3 --><\/p>\n<p>\u00bfCu\u00e1ndo ser\u00e1 efectiva esta rebaja del IVA? Pues el Presidente ha se\u00f1alado que <strong>se aprobar\u00e1 en el Consejo de Ministros del pr\u00f3ximo s\u00e1bado  25 de junio de 2022<\/strong>, por lo que es de esperar que empecemos a notar el efecto en la pr\u00f3xima factura que nos llegue a partir de finales de julio.<\/p>\n<p><!-- BREAK 4 --><script>\n (function() {\n  window._JS_MODULES = window._JS_MODULES || {};\n  var headElement = document.getElementsByTagName('head')[0];\n  if (_JS_MODULES.instagram) {\n   var instagramScript = document.createElement('script');\n   instagramScript.src = 'https:\/\/platform.instagram.com\/en_US\/embeds.js';\n   instagramScript.async = true;\n   instagramScript.defer = true;\n   headElement.appendChild(instagramScript);\n  }\n })();\n<\/script><\/p>\n<p> &#8211; <br \/> La noticia<br \/>\n      <a href=\"https:\/\/www.xatakahome.com\/iluminacion-y-energia\/gobierno-bajara-iva-luz-a-mitad-pasara-10-al-5-a-partir-proximo-sabado?utm_source=feedburner&amp;utm_medium=feed&amp;utm_campaign=22_Jun_2022\"><br \/>\n       <em> El Gobierno bajar\u00e1 el IVA de la luz a la mitad: pasar\u00e1 del 10% al 5% a partir del pr\u00f3ximo s\u00e1bado <\/em><br \/>\n      <\/a><br \/>\n      fue publicada originalmente en<br \/>\n      <a href=\"https:\/\/www.xatakahome.com\/?utm_source=feedburner&amp;utm_medium=feed&amp;utm_campaign=22_Jun_2022\"><br \/>\n       <strong> Xataka Smart Home <\/strong><br \/>\n      <\/a><br \/>\n            por <a href=\"https:\/\/www.xatakahome.com\/autor\/paco-rodriguez?utm_source=feedburner&amp;utm_medium=feed&amp;utm_campaign=22_Jun_2022\"><br \/>\n       Paco Rodriguez<br \/>\n      <\/a><br \/>\n      . <\/p>\n<div class=\"feedflare\">\n<a href=\"http:\/\/feeds.weblogssl.com\/~ff\/Xatakahome?a=zRpKR_4vISw:st_DrHQhG98:yIl2AUoC8zA\"><img decoding=\"async\" src=\"http:\/\/feeds.feedburner.com\/~ff\/Xatakahome?d=yIl2AUoC8zA\" border=\"0\"><\/a>\n<\/div>\n<\/div>\n","protected":false},"excerpt":{"rendered":"<p>El pasado 15 de junio de 2022 era el d\u00eda en el que muchos consumidores esper\u00e1bamos que bajase por fin el precio de la luz con la conocida medida del \u00abtope al gas\u00bb aprobada por el Gobierno y refrendada por Europa. Sin embargo, por diversos motivos que analizamos en su d\u00eda esta rebaja no se &hellip; <a href=\"https:\/\/domosistemas.com\/?p=16935\" class=\"more-link\">Sigue leyendo <span class=\"screen-reader-text\">El Gobierno bajar\u00e1 el IVA de la luz a la mitad: pasar\u00e1 del 10% al 5% a partir del pr\u00f3ximo s\u00e1bado<\/span><\/a><\/p>\n","protected":false},"author":1,"featured_media":0,"comment_status":"closed","ping_status":"closed","sticky":false,"template":"","format":"standard","meta":{"footnotes":""},"categories":[8],"tags":[],"class_list":["post-16935","post","type-post","status-publish","format-standard","hentry","category-xataka"],"_links":{"self":[{"href":"https:\/\/domosistemas.com\/index.php?rest_route=\/wp\/v2\/posts\/16935","targetHints":{"allow":["GET"]}}],"collection":[{"href":"https:\/\/domosistemas.com\/index.php?rest_route=\/wp\/v2\/posts"}],"about":[{"href":"https:\/\/domosistemas.com\/index.php?rest_route=\/wp\/v2\/types\/post"}],"author":[{"embeddable":true,"href":"https:\/\/domosistemas.com\/index.php?rest_route=\/wp\/v2\/users\/1"}],"replies":[{"embeddable":true,"href":"https:\/\/domosistemas.com\/index.php?rest_route=%2Fwp%2Fv2%2Fcomments&post=16935"}],"version-history":[{"count":0,"href":"https:\/\/domosistemas.com\/index.php?rest_route=\/wp\/v2\/posts\/16935\/revisions"}],"wp:attachment":[{"href":"https:\/\/domosistemas.com\/index.php?rest_route=%2Fwp%2Fv2%2Fmedia&parent=16935"}],"wp:term":[{"taxonomy":"category","embeddable":true,"href":"https:\/\/domosistemas.com\/index.php?rest_route=%2Fwp%2Fv2%2Fcategories&post=16935"},{"taxonomy":"post_tag","embeddable":true,"href":"https:\/\/domosistemas.com\/index.php?rest_route=%2Fwp%2Fv2%2Ftags&post=16935"}],"curies":[{"name":"wp","href":"https:\/\/api.w.org\/{rel}","templated":true}]}}