{"id":16938,"date":"2022-06-22T11:39:34","date_gmt":"2022-06-22T11:39:34","guid":{"rendered":"https:\/\/domosistemas.com\/?p=16938"},"modified":"2022-06-22T11:39:34","modified_gmt":"2022-06-22T11:39:34","slug":"aldi-tiene-la-solucion-low-cost-para-prepararte-ante-la-proxima-ola-de-calor-esta-es-la-oferta-por-tiempo-limitado","status":"publish","type":"post","link":"https:\/\/domosistemas.com\/?p=16938","title":{"rendered":"ALDI tiene la soluci\u00f3n &#8216;low-cost&#8217; para prepararte ante la pr\u00f3xima ola de calor: esta es la oferta por tiempo limitado"},"content":{"rendered":"<div>\n<p>\n      <img decoding=\"async\" src=\"https:\/\/i.blogs.es\/44d672\/1366_2000\/1024_2000.jpg\" alt=\"ALDI tiene la soluci\u00f3n 'low-cost' para prepararte ante la pr\u00f3xima ola de calor: esta es la oferta por tiempo limitado\">\n    <\/p>\n<\/p>\n<p>Aunque parece que la <a href=\"https:\/\/www.xataka.com\/ecologia-y-naturaleza\/pregunta-no-cuando-se-ira-ola-calor-pregunta-alguna-vez\">primera ola de calor de la temporada<\/a> nos est\u00e1 dando un respiro, el verano ya ha comenzado y es de suponer que en unos d\u00edas <strong>volver\u00e1 el calor<\/strong> y con \u00e9l tocar\u00e1 de nuevo utilizar los <strong>equipos de ventilaci\u00f3n y refrigeraci\u00f3n<\/strong> que tengamos a nuestro alcance.<\/p>\n<p>En este contexto <strong>ALDI<\/strong> ha anunciado el lanzamiento de nuevos <strong>dispositivos de climatizaci\u00f3n para el hogar<\/strong> que estar\u00e1n disponibles en todos sus supermercados desde el <strong>s\u00e1bado 25 de junio de 2022<\/strong>, aunque por tiempo limitado.<!--more--><\/p>\n<p>La cadena de tiendas pondr\u00e1 a la venta diferentes ventiladores y productos de refrigeraci\u00f3n para <strong>presupuestos moderados<\/strong>, ya que los productos tendr\u00e1n unos precios que oscilan <strong>entre los 24,99 euros y los 59,99 euros<\/strong>. <\/p>\n<p><!-- BREAK 1 --><\/p>\n<div class=\"article-asset article-asset-normal article-asset-center\">\n<div class=\"desvio-container\">\n<div class=\"desvio\">\n<div class=\"desvio-figure js-desvio-figure\">\n    <a href=\"https:\/\/www.xatakahome.com\/a-fondo\/tener-ventilador-todo-dia-encendido-sale-barato-esto-que-te-costara-factura-luz-este-verano\"><br \/>\n     <img decoding=\"async\" alt=\"Tener un ventilador todo el d\u00eda encendido sale barato: esto es lo que te costar\u00e1 en la factura de la luz este verano\" src=\"https:\/\/i.blogs.es\/b65588\/1830005772-turbo-silence-photoskit-rowenta-dtc-es\/375_142.webp\" onerror='this.src=\"https:\/\/i.blogs.es\/b65588\/1830005772-turbo-silence-photoskit-rowenta-dtc-es\/375_142.jpg\"'><br \/>\n    <\/a>\n   <\/div>\n<div class=\"desvio-summary\">\n<div class=\"desvio-taxonomy js-desvio-taxonomy\">\n     <a href=\"https:\/\/www.xatakahome.com\/a-fondo\/tener-ventilador-todo-dia-encendido-sale-barato-esto-que-te-costara-factura-luz-este-verano\" class=\"desvio-taxonomy-anchor\">En Xataka Smart Home<\/a>\n    <\/div>\n<p>    <a href=\"https:\/\/www.xatakahome.com\/a-fondo\/tener-ventilador-todo-dia-encendido-sale-barato-esto-que-te-costara-factura-luz-este-verano\" class=\"desvio-title js-desvio-title\">Tener un ventilador todo el d\u00eda encendido sale barato: esto es lo que te costar\u00e1 en la factura de la luz este verano<\/a>\n   <\/div>\n<\/p><\/div>\n<\/p><\/div>\n<\/div>\n<h2>Ventiladores de dise\u00f1o y un refrigerador<\/h2>\n<\/p>\n<div class=\"article-asset-image article-asset-normal\">\n<div class=\"asset-content\">\n<div class=\"base-wrapper-image\" style=\"padding-top:100%;\">\n<p>  <img decoding=\"async\" alt=\"Ventilador De Diseno Con Luz Rgb Aldi 1\" class=\"centro_sinmarco\" src=\"https:\/\/i.blogs.es\/2c3b2b\/ventilador-de-diseno-con-luz-rgb-aldi-1-\/450_1000.webp\"><\/p><\/div>\n<\/p><\/div>\n<\/div>\n<p>La primera novedad que sacar\u00e1n a la venta es un <strong>ventilador de dise\u00f1o con luz RGB<\/strong>, un modelo con una forma ovalada y un hueco en la parte central que en unas dimensiones de  29 x 15 x 57 cm  incorpora <strong>tecnolog\u00eda de caudal de aire sin aspas<\/strong>.<\/p>\n<p><!-- BREAK 2 --><\/p>\n<p>Esto permite que sea m\u00e1s seguro si hay ni\u00f1os y mascotas en casa y adem\u00e1s <strong>facilita la limpieza<\/strong> al no haber molestas rejillas ni obst\u00e1culos.  Se puede regular a <strong>tres niveles de intensidad<\/strong> y aseguran tiene un nivel bajo de ruido que no molestar\u00e1 a los usuarios. Adem\u00e1s, se puede <strong>iluminar en color azul, verde, lila o blanco<\/strong> y podemos controlarlo con un mando a distancia incluido.<\/p>\n<p><!-- BREAK 3 --><\/p>\n<div class=\"article-asset-image article-asset-normal\">\n<div class=\"asset-content\">\n<div class=\"base-wrapper-image\" style=\"padding-top:100%;\">\n<p>  <img decoding=\"async\" alt=\"Ventilador De Columna Aldi 2\" class=\"centro_sinmarco\" src=\"https:\/\/i.blogs.es\/6550c7\/ventilador-de-columna-aldi-2-\/450_1000.webp\"><\/p><\/div>\n<\/p><\/div>\n<\/div>\n<p>Otra de las novedades ser\u00e1 un <strong>ventilador en formato de columna<\/strong> con mando a distancia que contar\u00e1 con una potencia nominal de 50 vatios, tres velocidades de oscilaci\u00f3n y un temporizador de hasta 7,5 horas.<\/p>\n<p><!-- BREAK 4 --><\/p>\n<div class=\"article-asset-image article-asset-normal\">\n<div class=\"asset-content\">\n<div class=\"base-wrapper-image\" style=\"padding-top:100%;\">\n<p>  <img decoding=\"async\" alt=\"Enfriador Eolo Touch Aldi\" class=\"centro_sinmarco\" src=\"https:\/\/i.blogs.es\/135921\/enfriador-eolo-touch-aldi\/450_1000.webp\"><\/p><\/div>\n<\/p><\/div>\n<\/div>\n<p>Tambi\u00e9n han anunciado la puesta a la venta de un <strong>enfriador por evaporaci\u00f3n denominado Eolo Touch<\/strong>. Se trata de un equipo que combina las funciones de ventilador y  humidificador. <\/p>\n<p><!-- BREAK 5 --><\/p>\n<p>Este dispositivo dos en uno se puede mover gracias a sus ruedas y dispone de un panel de control t\u00e1ctil, un mando a distancia, un <strong>dep\u00f3sito de agua de cuatro litros<\/strong> de capacidad, cuatro bloques de recipiente congelante para meter en la nevera y <strong>60 vatios de potencia<\/strong>.<\/p>\n<p><!-- BREAK 6 --><\/p>\n<div class=\"article-asset-image article-asset-normal\">\n<div class=\"asset-content\">\n<div class=\"base-wrapper-image\" style=\"padding-top:100%;\">\n<p>  <img decoding=\"async\" alt=\"Ventilador Inalambrico Portatil Aldi 2\" class=\"centro_sinmarco\" src=\"https:\/\/i.blogs.es\/3896db\/ventilador-inalambrico-portatil-aldi-2-\/450_1000.webp\"><\/p><\/div>\n<\/p><\/div>\n<\/div>\n<p>Por \u00faltimo, la cadena de supermercados ha anunciado un <strong>ventilador inal\u00e1mbrico port\u00e1til<\/strong>, con tres niveles de potencia. Tiene una altura regulable de hasta 97,5 cm, se puede plegar y llevar a cualquier sitio con una autonom\u00eda de su bater\u00eda de <strong>hasta 24 horas<\/strong>.<\/p>\n<p><!-- BREAK 7 --><\/p>\n<div class=\"article-asset-video article-asset-normal\">\n<div class=\"asset-content\">\n<div class=\"base-asset-video\">\n<div class=\"js-dailymotion\">\n    <script type=\"application\/json\">\n           {\"videoId\":\"x8006fc\",\"autoplay\":true,\"title\":\"C\u00f3mo dormir cuando hace mucho calor y no tienes aire acondicionado\", \"tag\":\"\"}\n         <\/script>\n   <\/div>\n<\/p><\/div>\n<\/p><\/div>\n<\/div>\n<h2>Precio y disponibilidad<\/h2>\n<p>Los nuevos equipos de ventilaci\u00f3n y refrigeraci\u00f3n de ALDI estar\u00e1n disponibles en todos sus supermercados desde el <strong>s\u00e1bado 25 de junio de 2022<\/strong>, aunque por tiempo limitado, y costar\u00e1n <strong>59,99 euros<\/strong> para el modelo de ventilador sin aspas con luces RGB, <strong>34,99 euros<\/strong> para el ventilador en columna, <strong>59,99 euros<\/strong> para el Eolo Touch y <strong>24,99 euros<\/strong> para el modelo inal\u00e1mbrico port\u00e1til.<\/p>\n<p><!-- BREAK 8 --><\/p>\n<h2>M\u00e1s ofertas en ventilaci\u00f3n y refrigeraci\u00f3n<\/h2>\n<p>Ya que los nuevos equipos de ALDI tardar\u00e1n en llegar todav\u00eda unos d\u00edas, si necesitas tener ya en casa <strong>equipos de ventilaci\u00f3n<\/strong> para estar preparado ante la ola de calor puedes apostar por estas otras ofertas similares:<\/p>\n<p><!-- BREAK 9 --><\/p>\n<h3>Ventilador de sobremesa de LIDL<\/h3>\n<\/p>\n<div class=\"article-asset-image article-asset-small article-asset-small_center\">\n<div class=\"asset-content\">\n<div class=\"base-wrapper-image\" style=\"padding-top:75%;\">\n<p>  <img decoding=\"async\" alt=\"Ventilador De Mesa Zoom\" class=\"centro_sinmarco\" src=\"https:\/\/i.blogs.es\/66d254\/ventilador-de-mesa-zoom\/450_1000.webp\"><\/p><\/div>\n<\/p><\/div>\n<\/div>\n<p>Si buscas un ventilador de sobremesa con aspecto retro, este modelo de LIDL es un equipo con unas dimensiones de 33,5 x 25,2 x 43,3 cm, una potencia m\u00e1xima de funcionamiento de 45 vatios, <strong>aspas de 30 cm de di\u00e1metro<\/strong>, oscilaci\u00f3n de 85 grados, 2,8 kilos de peso y un generoso cable de alimentaci\u00f3n de 180 cm. Su precio hoy es de <a class=\"js-ecommerce\" href=\"https:\/\/www.xatakahome.com\/redirect?url=https%3A%2F%2Fwww.lidl.es%2Fes%2Fventilador-de-mesa%2Fp23611&amp;category=accesorios\">27,99 euros<\/a> frente a los 32,99 euros habituales.<\/p>\n<p><!-- PIVOT START -->\n<\/p>\n<div class=\"pivot-ecommerce-container\">\n<div class=\"pivot-ecommerce\">\n<div class=\"pivot-ecommerce-figure\">\n  <a href=\"https:\/\/www.xatakahome.com\/redirect?url=https%3A%2F%2Fwww.lidl.es%2Fes%2Fventilador-de-mesa%2Fp23611&amp;category=accesorios&amp;pivot=1\"><br \/>\n   <img decoding=\"async\" alt=\"Ventilador de sobremesa\" src=\"https:\/\/i.blogs.es\/71f8fc\/ventilador-de-mesa-zoom\/original.webp\" onerror='this.src=\"https:\/\/i.blogs.es\/71f8fc\/ventilador-de-mesa-zoom\/original.jpeg\"'><br \/>\n  <\/a>\n  <\/div>\n<div class=\"pivot-ecommerce-summary\">\n<p class=\"pivot-ecommerce-desc\">Ventilador de sobremesa<\/p>\n<div class=\"pivot-actions js-pivot-actions\">\n<div class=\"pivot-actions-row\">\n <a rel=\"nofollow noopener\" target=\"_blank\" data-asin=\"\" data-store=\"LIDL\" href=\"https:\/\/www.xatakahome.com\/redirect?url=https%3A%2F%2Fwww.lidl.es%2Fes%2Fventilador-de-mesa%2Fp23611&amp;category=accesorios&amp;pivot=1\" title=\"Precio de venta al p\u00fablico a fecha de publicaci\u00f3n\" class=\"pivot-action-primary js-pivot-action\">PVP en LIDL 27,99\u20ac<\/a>\n<\/div>\n<div class=\"pivot-actions-row\">\n <\/div>\n<\/p><\/div>\n<\/p><\/div>\n<\/p><\/div>\n<\/div>\n<p><!-- PIVOT END --><\/p>\n<h3>Ventilador de pie<\/h3>\n<\/p>\n<div class=\"article-asset-image article-asset-small article-asset-small_center\">\n<div class=\"asset-content\">\n<div class=\"base-wrapper-image\" style=\"padding-top:75%;\">\n<p>  <img decoding=\"async\" alt=\"Ventilador De Pie Metalico 45 W Zoom\" class=\"centro_sinmarco\" src=\"https:\/\/i.blogs.es\/c8d2fc\/ventilador-de-pie-metalico-45-w-zoom\/450_1000.webp\"><\/p><\/div>\n<\/p><\/div>\n<\/div>\n<p>Fabricado en acero y aluminio, si lo que queremos es un <strong>modelo de pie<\/strong> m\u00e1s grande podemos optar por esta versi\u00f3n con un tama\u00f1o de 39,9 x 44,9 x 124 cm., con <strong>cuatro aspas de 40 cm de di\u00e1metro<\/strong> y una potencia m\u00e1xima de 45 vatios. Tiene un peso de 6 kilos, oscilaci\u00f3n de 90 grados y \u00e1ngulo de inclinaci\u00f3n regulable. Su cable es de 180 cm. y el precio hoy es de <a class=\"js-ecommerce\" href=\"https:\/\/www.xatakahome.com\/redirect?url=https%3A%2F%2Fwww.lidl.es%2Fes%2Fventilador-de-pie-metalico-45-w%2Fp23608&amp;category=accesorios\">34,99 euros<\/a> frente a los 44,99 euros habituales.<\/p>\n<p><!-- PIVOT START -->\n<\/p>\n<div class=\"pivot-ecommerce-container\">\n<div class=\"pivot-ecommerce\">\n<div class=\"pivot-ecommerce-figure\">\n  <a href=\"https:\/\/www.xatakahome.com\/redirect?url=https%3A%2F%2Fwww.lidl.es%2Fes%2Fventilador-de-pie-metalico-45-w%2Fp23608&amp;category=accesorios&amp;pivot=1\"><br \/>\n   <img decoding=\"async\" alt=\"Ventilador de pie\" src=\"https:\/\/i.blogs.es\/90789e\/ventilador-de-pie-metalico-45-w-zoom\/original.webp\" onerror='this.src=\"https:\/\/i.blogs.es\/90789e\/ventilador-de-pie-metalico-45-w-zoom\/original.jpeg\"'><br \/>\n  <\/a>\n  <\/div>\n<div class=\"pivot-ecommerce-summary\">\n<p class=\"pivot-ecommerce-desc\">Ventilador de pie<\/p>\n<div class=\"pivot-actions js-pivot-actions\">\n<div class=\"pivot-actions-row\">\n <a rel=\"nofollow noopener\" target=\"_blank\" data-asin=\"\" data-store=\"LIDL\" href=\"https:\/\/www.xatakahome.com\/redirect?url=https%3A%2F%2Fwww.lidl.es%2Fes%2Fventilador-de-pie-metalico-45-w%2Fp23608&amp;category=accesorios&amp;pivot=1\" title=\"Precio de venta al p\u00fablico a fecha de publicaci\u00f3n\" class=\"pivot-action-primary js-pivot-action\">PVP en LIDL 34,99\u20ac<\/a>\n<\/div>\n<div class=\"pivot-actions-row\">\n <\/div>\n<\/p><\/div>\n<\/p><\/div>\n<\/p><\/div>\n<\/div>\n<p><!-- PIVOT END --><\/p>\n<h3>Cecotec ForeClima 7050<\/h3>\n<\/p>\n<div class=\"article-asset-image article-asset-small article-asset-small_center\">\n<div class=\"asset-content\">\n<div class=\"base-wrapper-image\" style=\"padding-top:100%;\">\n<p>  <img decoding=\"async\" alt=\"Cecotec\" class=\"centro_sinmarco\" src=\"https:\/\/i.blogs.es\/dafcf0\/cecotec\/450_1000.webp\"><\/p><\/div>\n<\/p><\/div>\n<\/div>\n<p>Otra opci\u00f3n es este modelo de Cecotec, el <strong>ForeClima 7050<\/strong>, un aire acondicionado port\u00e1til que podemos encontrar a un precio de <a class=\"js-ecommerce\" href=\"https:\/\/www.xatakahome.com\/redirect?url=https%3A%2F%2Fwww.amazon.es%2FCecotec-Acondicionado-Refrigeraci%25C3%25B3n-deshumidificaci%25C3%25B3n-Ultrasilencioso%2Fdp%2FB07SZF336X&amp;category=accesorios\">179 euros<\/a>, ofreci\u00e9ndonos un caudal de 300 m\u00b3\/h y funciones de refrigeraci\u00f3n, ventilaci\u00f3n y deshumidificaci\u00f3n.<\/p>\n<p><!-- PIVOT START -->\n<\/p>\n<div class=\"pivot-ecommerce-container\">\n<div class=\"pivot-ecommerce\">\n<div class=\"pivot-ecommerce-figure\">\n  <a href=\"https:\/\/www.xatakahome.com\/redirect?url=https%3A%2F%2Fwww.amazon.es%2Fdp%2FB07SZF336X&amp;category=accesorios&amp;pivot=1\"><br \/>\n   <img decoding=\"async\" alt=\"Cecotec Aire Acondicionado Port\u00e1til con Mando a Distancia y Temporizador ForceClima 7050. 3 en 1, Refrigeraci\u00f3n, ventilaci\u00f3n y deshumidificaci\u00f3n, 1800 Frigor\u00edas, 7000 BTU, Caudal 300 m\u00b3\/h\" src=\"https:\/\/m.media-amazon.com\/images\/I\/310kz7jvLaL._SL500_.webp\" onerror='this.src=\"https:\/\/m.media-amazon.com\/images\/I\/310kz7jvLaL._SL500_.jpg\"'><br \/>\n  <\/a>\n  <\/div>\n<div class=\"pivot-ecommerce-summary\">\n<p class=\"pivot-ecommerce-desc\">Cecotec Aire Acondicionado Port\u00e1til con Mando a Distancia y Temporizador ForceClima 7050. 3 en 1, Refrigeraci\u00f3n, ventilaci\u00f3n y deshumidificaci\u00f3n, 1800 Frigor\u00edas, 7000 BTU, Caudal 300 m\u00b3\/h<\/p>\n<div class=\"pivot-actions js-pivot-actions\">\n<div class=\"pivot-actions-row\">\n <a rel=\"nofollow noopener\" target=\"_blank\" data-asin=\"B07SZF336X\" data-store=\"Amazon\" href=\"https:\/\/www.xatakahome.com\/redirect?url=https%3A%2F%2Fwww.amazon.es%2Fdp%2FB07SZF336X&amp;category=accesorios&amp;pivot=1\" title=\"Precio actualizado hoy\" class=\"pivot-action-primary js-pivot-action\">Hoy en Amazon por 199,00\u20ac<\/a>\n<\/div>\n<div class=\"pivot-actions-row\">\n <\/div>\n<\/p><\/div>\n<\/p><\/div>\n<\/p><\/div>\n<\/div>\n<p><!-- PIVOT END --><\/p>\n<h2>Mc Haus Artic-12<\/h2>\n<\/p>\n<div class=\"article-asset-image article-asset-small article-asset-small_center\">\n<div class=\"asset-content\">\n<div class=\"base-wrapper-image\" style=\"padding-top:95.600676818951%;\">\n<p>  <img decoding=\"async\" alt=\"Mc Haus Artic-12\" class=\"centro_sinmarco\" src=\"https:\/\/i.blogs.es\/44593f\/captura-de-pantalla-2022-06-17-a-las-9.19.58\/450_1000.webp\"><\/p><\/div>\n<\/p><\/div>\n<\/div>\n<p>En PcComponentes triunfa otro modelo econ\u00f3mico como es el <strong>Mc Haus Artic-12<\/strong>. Un modelo que est\u00e1 rebajado y pasa de costar 320 euros a tener un precio de <a class=\"js-ecommerce\" href=\"https:\/\/www.xatakahome.com\/redirect?url=https%3A%2F%2Fwww.pccomponentes.com%2Fmc-haus-artic-12-aire-acondicionado-portatil-1765-frigorias&amp;category=accesorios\">poco m\u00e1s de 200 euros<\/a>. Un equipo port\u00e1til con una potencia de 785W capaz de ofrecer 1.765 frigor\u00edas con las que refrescar habitaciones de hasta 20m\u00b2.<\/p>\n<p><!-- PIVOT START -->\n<\/p>\n<div class=\"pivot-ecommerce-container\">\n<div class=\"pivot-ecommerce\">\n<div class=\"pivot-ecommerce-figure\">\n  <a href=\"https:\/\/www.xatakahome.com\/redirect?url=https%3A%2F%2Fwww.pccomponentes.com%2Fmc-haus-artic-12-aire-acondicionado-portatil-1765-frigorias&amp;category=accesorios&amp;pivot=1\"><br \/>\n   <img decoding=\"async\" alt=\"Mc Haus Artic-12 Aire Acondicionado Port\u00e1til 1765 Frigor\u00edas\" src=\"https:\/\/i.blogs.es\/bc6cf0\/captura-de-pantalla-2022-06-17-a-las-9.19.58\/original.webp\" onerror='this.src=\"https:\/\/i.blogs.es\/bc6cf0\/captura-de-pantalla-2022-06-17-a-las-9.19.58\/original.png\"'><br \/>\n  <\/a>\n  <\/div>\n<div class=\"pivot-ecommerce-summary\">\n<p class=\"pivot-ecommerce-desc\">Mc Haus Artic-12 Aire Acondicionado Port\u00e1til 1765 Frigor\u00edas<\/p>\n<div class=\"pivot-actions js-pivot-actions\">\n<div class=\"pivot-actions-row\">\n <a rel=\"nofollow noopener\" target=\"_blank\" data-asin=\"\" data-store=\"PcComponentes\" href=\"https:\/\/www.xatakahome.com\/redirect?url=https%3A%2F%2Fwww.pccomponentes.com%2Fmc-haus-artic-12-aire-acondicionado-portatil-1765-frigorias&amp;category=accesorios&amp;pivot=1\" title=\"Precio de venta al p\u00fablico a fecha de publicaci\u00f3n\" class=\"pivot-action-primary js-pivot-action\">PVP en PcComponentes 204,98\u20ac<\/a>\n<\/div>\n<div class=\"pivot-actions-row\">\n <\/div>\n<\/p><\/div>\n<\/p><\/div>\n<\/p><\/div>\n<\/div>\n<p><!-- PIVOT END --><\/p>\n<div class=\"actualizacion\">\n<div class=\"actualizacion-inner\">\n  Nota: Algunos de los enlaces de este art\u00edculo son afiliados y pueden reportar un beneficio a Xataka Home\n <\/div>\n<\/div>\n<p><script>\n (function() {\n  window._JS_MODULES = window._JS_MODULES || {};\n  var headElement = document.getElementsByTagName('head')[0];\n  if (_JS_MODULES.instagram) {\n   var instagramScript = document.createElement('script');\n   instagramScript.src = 'https:\/\/platform.instagram.com\/en_US\/embeds.js';\n   instagramScript.async = true;\n   instagramScript.defer = true;\n   headElement.appendChild(instagramScript);\n  }\n })();\n<\/script><\/p>\n<p> &#8211; <br \/> La noticia<br \/>\n      <a href=\"https:\/\/www.xatakahome.com\/accesorios\/aldi-tiene-solucion-low-cost-para-prepararte-proxima-ola-calor-esta-oferta-tiempo-limitado?utm_source=feedburner&amp;utm_medium=feed&amp;utm_campaign=22_Jun_2022\"><br \/>\n       <em> ALDI tiene la soluci\u00f3n &#8216;low-cost&#8217; para prepararte ante la pr\u00f3xima ola de calor: esta es la oferta por tiempo limitado <\/em><br \/>\n      <\/a><br \/>\n      fue publicada originalmente en<br \/>\n      <a href=\"https:\/\/www.xatakahome.com\/?utm_source=feedburner&amp;utm_medium=feed&amp;utm_campaign=22_Jun_2022\"><br \/>\n       <strong> Xataka Smart Home <\/strong><br \/>\n      <\/a><br \/>\n            por <a href=\"https:\/\/www.xatakahome.com\/autor\/paco-rodriguez?utm_source=feedburner&amp;utm_medium=feed&amp;utm_campaign=22_Jun_2022\"><br \/>\n       Paco Rodriguez<br \/>\n      <\/a><br \/>\n      . <\/p>\n<div class=\"feedflare\">\n<a href=\"http:\/\/feeds.weblogssl.com\/~ff\/Xatakahome?a=rs6R_A1Ch8w:DiCG84BPGns:yIl2AUoC8zA\"><img decoding=\"async\" src=\"http:\/\/feeds.feedburner.com\/~ff\/Xatakahome?d=yIl2AUoC8zA\" border=\"0\"><\/a>\n<\/div>\n<\/div>\n","protected":false},"excerpt":{"rendered":"<p>Aunque parece que la primera ola de calor de la temporada nos est\u00e1 dando un respiro, el verano ya ha comenzado y es de suponer que en unos d\u00edas volver\u00e1 el calor y con \u00e9l tocar\u00e1 de nuevo utilizar los equipos de ventilaci\u00f3n y refrigeraci\u00f3n que tengamos a nuestro alcance. En este contexto ALDI ha &hellip; <a href=\"https:\/\/domosistemas.com\/?p=16938\" class=\"more-link\">Sigue leyendo <span class=\"screen-reader-text\">ALDI tiene la soluci\u00f3n &#8216;low-cost&#8217; para prepararte ante la pr\u00f3xima ola de calor: esta es la oferta por tiempo limitado<\/span><\/a><\/p>\n","protected":false},"author":1,"featured_media":0,"comment_status":"closed","ping_status":"closed","sticky":false,"template":"","format":"standard","meta":{"footnotes":""},"categories":[8],"tags":[],"class_list":["post-16938","post","type-post","status-publish","format-standard","hentry","category-xataka"],"_links":{"self":[{"href":"https:\/\/domosistemas.com\/index.php?rest_route=\/wp\/v2\/posts\/16938","targetHints":{"allow":["GET"]}}],"collection":[{"href":"https:\/\/domosistemas.com\/index.php?rest_route=\/wp\/v2\/posts"}],"about":[{"href":"https:\/\/domosistemas.com\/index.php?rest_route=\/wp\/v2\/types\/post"}],"author":[{"embeddable":true,"href":"https:\/\/domosistemas.com\/index.php?rest_route=\/wp\/v2\/users\/1"}],"replies":[{"embeddable":true,"href":"https:\/\/domosistemas.com\/index.php?rest_route=%2Fwp%2Fv2%2Fcomments&post=16938"}],"version-history":[{"count":0,"href":"https:\/\/domosistemas.com\/index.php?rest_route=\/wp\/v2\/posts\/16938\/revisions"}],"wp:attachment":[{"href":"https:\/\/domosistemas.com\/index.php?rest_route=%2Fwp%2Fv2%2Fmedia&parent=16938"}],"wp:term":[{"taxonomy":"category","embeddable":true,"href":"https:\/\/domosistemas.com\/index.php?rest_route=%2Fwp%2Fv2%2Fcategories&post=16938"},{"taxonomy":"post_tag","embeddable":true,"href":"https:\/\/domosistemas.com\/index.php?rest_route=%2Fwp%2Fv2%2Ftags&post=16938"}],"curies":[{"name":"wp","href":"https:\/\/api.w.org\/{rel}","templated":true}]}}