{"id":16976,"date":"2022-06-27T11:17:58","date_gmt":"2022-06-27T11:17:58","guid":{"rendered":"https:\/\/domosistemas.com\/?p=16976"},"modified":"2022-06-27T11:17:58","modified_gmt":"2022-06-27T11:17:58","slug":"el-precio-de-la-luz-baja-el-tope-al-gas-del-gobierno-sirve-para-algo-y-hoy-la-luz-es-un-32-mas-barata","status":"publish","type":"post","link":"https:\/\/domosistemas.com\/?p=16976","title":{"rendered":"El precio de la luz baja. El tope al gas del Gobierno sirve para algo y hoy la luz es un 32% m\u00e1s barata"},"content":{"rendered":"<div>\n<p>\n      <img decoding=\"async\" src=\"https:\/\/i.blogs.es\/4fc98a\/factura\/1024_2000.jpeg\" alt=\"El precio de la luz baja. El tope al gas del Gobierno sirve para algo y hoy la luz es un 32% m\u00e1s barata\">\n    <\/p>\n<p>\nYa hemos hablado de la <a href=\"https:\/\/www.xataka.com\/energia\/precio-alto-que-queria-espana-al-fin-hay-acuerdo-europa-para-fijar-maximo-al-gas\">excepci\u00f3n ib\u00e9rica<\/a>. Un tope al precio del gas de 40 euros\/MWh durante los primeros seis meses que desde este lunes comienza a ofrecer resultado en forma de precios m\u00e1s bajos. En concreto, <strong>una rebaja de un 32% frente al precio que habr\u00eda<\/strong> sin aplicar esta medida.<\/p>\n<p>Con el nombre de excepci\u00f3n ib\u00e9rica se conoce al l\u00edmite impuesto al precio del gas, una medida que el ejecutivo ha decidido implementar debido a los elevados precios del gas y lo mucho que condicionan el precio de la luz en el mercado ib\u00e9rico. Y <strong>hoy tenemos los primeros resultados<\/strong>.<!--more--><\/p>\n<h2>Hoy un 32% m\u00e1s barata<\/h2>\n<\/p>\n<div class=\"article-asset-image article-asset-normal\">\n<div class=\"asset-content\">\n<div class=\"base-wrapper-image\" style=\"padding-top:66.691068814056%;\">\n<p>  <img decoding=\"async\" alt=\"Luz\" class=\"centro_sinmarco\" src=\"https:\/\/i.blogs.es\/4c0c22\/luz\/450_1000.webp\"><\/p><\/div>\n<\/p><\/div>\n<\/div>\n<p>En el d\u00eda de hoy, el precio medio de la luz en el mercado mayorista estar\u00e1 en los <strong>143,27 euros\/MWh<\/strong>. Este precio supone un incremento de 25,33 euros frente a los 117,94 euros\/MWh que es el precio fijado para ayer domingo, seg\u00fan datos del <a href=\"https:\/\/www.omie.es\/es\/market-results\/daily\/daily-market\/daily-hourly-price\">Operador del Mercado Ib\u00e9rico de Energ\u00eda (OMIE)<\/a> recogidos por Europa Press. Esto viene a significar un aumento del 21,44%.<\/p>\n<\/p>\n<div class=\"article-asset-image article-asset-normal\">\n<div class=\"asset-content\">\n<div class=\"base-wrapper-image\" style=\"padding-top:63.395225464191%;\">\n<p>  <img decoding=\"async\" alt=\"Omie\" class=\"centro_sinmarco\" src=\"https:\/\/i.blogs.es\/5fff30\/omie\/450_1000.webp\"><\/p><\/div>\n<\/p><\/div>\n<\/div>\n<p>A este precio (143,27 euros\/MWh) para el mercado mayorista <strong>se suma la compensaci\u00f3n de 45,51 euros\/MWh a las gasistas<\/strong>, incremento que debe ser abonado por los usuarios finales, tanto de la tarifa regulada (PVPC) como los del mercado libre que tienen una tarifa indexada. Este precio es para hoy, pues esta cifra de la compensaci\u00f3n cambia cada d\u00eda. Una cantidad que viene de<br \/>\nrestar lo que vale el gas menos los 40 euros\/MWh del tope durante los seis primeros meses.<\/p>\n<p><!-- BREAK 1 --><\/p>\n<div class=\"article-asset article-asset-normal article-asset-center\">\n<div class=\"desvio-container\">\n<div class=\"desvio\">\n<div class=\"desvio-figure js-desvio-figure\">\n    <a href=\"https:\/\/www.xatakahome.com\/a-fondo\/precio-luz-hoy-estas-horas-caras-baratas-dia\"><br \/>\n     <img decoding=\"async\" alt=\"El precio de la luz hoy: estas son las horas m\u00e1s caras y las m\u00e1s baratas del d\u00eda\" src=\"https:\/\/i.blogs.es\/1ed7f2\/1366_2000\/375_142.webp\" onerror='this.src=\"https:\/\/i.blogs.es\/1ed7f2\/1366_2000\/375_142.jpg\"'><br \/>\n    <\/a>\n   <\/div>\n<div class=\"desvio-summary\">\n<div class=\"desvio-taxonomy js-desvio-taxonomy\">\n     <a href=\"https:\/\/www.xatakahome.com\/a-fondo\/precio-luz-hoy-estas-horas-caras-baratas-dia\" class=\"desvio-taxonomy-anchor\">En Xataka Smart Home<\/a>\n    <\/div>\n<p>    <a href=\"https:\/\/www.xatakahome.com\/a-fondo\/precio-luz-hoy-estas-horas-caras-baratas-dia\" class=\"desvio-title js-desvio-title\">El precio de la luz hoy: estas son las horas m\u00e1s caras y las m\u00e1s baratas del d\u00eda<\/a>\n   <\/div>\n<\/p><\/div>\n<\/p><\/div>\n<\/div>\n<p>Estos precios se ver\u00edan incrementados sin la aplicaci\u00f3n de la medida de rebaja. Si ella, <strong>el precio medio de la electricidad en Espa\u00f1a habr\u00eda sido de unos 280 euros\/MWh<\/strong>, lo que supone 91,92 euros\/MWh. Sin la aplicaci\u00f3n de la \u00abexcepci\u00f3n\u00bb, la luz ser\u00eda hoy un 32% m\u00e1s cara.<\/p>\n<p><!-- BREAK 2 --><\/p>\n<p>Una rebaja interesante pero <strong>nada que ver con el precio que ten\u00eda la luz hace un a\u00f1o<\/strong>, donde pod\u00edamos encontrarla en el mercado mayorista a 86 euros\/MWh, lo que supone que hoy la pagamos un 118% m\u00e1s cara.<\/p>\n<p><!-- BREAK 3 --><\/p>\n<div class=\"article-asset-video article-asset-normal\">\n<div class=\"asset-content\">\n<div class=\"base-asset-video\">\n<div class=\"js-dailymotion\">\n    <script type=\"application\/json\">\n           {\"videoId\":\"x81h7p2\",\"autoplay\":true,\"title\":\"NUEVA FACTURA DE LA LUZ: TODO LO QUE DEBES SABER para AHORRAR AL M\u00c1XIMO\", \"tag\":\"\"}\n         <\/script>\n   <\/div>\n<\/p><\/div>\n<\/p><\/div>\n<\/div>\n<p>Para hoy, d\u00eda 27 de junio, <strong>el momento en el que pagaremos m\u00e1s por la luz se sit\u00faa entre las 21.00 y las 22.00 horas<\/strong>, donde tendr\u00e1 un precio de 181 euros\/MWh. El precio m\u00e1s bajo lo pagaremos entre las 03.00 y las 04.00 horas, donde la luz estar\u00e1 a 115,25 euros\/MWh.<\/p>\n<p><!-- BREAK 4 --><\/p>\n<p>V\u00eda |\u00a0<a href=\"https:\/\/www.europapress.es\/economia\/energia-00341\/noticia-precio-luz-clientes-tarifa-regulada-subira-lunes-117-18878-euros-mwh-20220626142619.html\">Europa Press<\/a><\/p>\n<p><script>\n (function() {\n  window._JS_MODULES = window._JS_MODULES || {};\n  var headElement = document.getElementsByTagName('head')[0];\n  if (_JS_MODULES.instagram) {\n   var instagramScript = document.createElement('script');\n   instagramScript.src = 'https:\/\/platform.instagram.com\/en_US\/embeds.js';\n   instagramScript.async = true;\n   instagramScript.defer = true;\n   headElement.appendChild(instagramScript);\n  }\n })();\n<\/script><\/p>\n<p> &#8211; <br \/> La noticia<br \/>\n      <a href=\"https:\/\/www.xatakahome.com\/iluminacion-y-energia\/precio-luz-baja-tope-al-gas-gobierno-parece-que-sirve-para-algo-hoy-luz-32-barata?utm_source=feedburner&amp;utm_medium=feed&amp;utm_campaign=27_Jun_2022\"><br \/>\n       <em> El precio de la luz baja. El tope al gas del Gobierno sirve para algo y hoy la luz es un 32% m\u00e1s barata <\/em><br \/>\n      <\/a><br \/>\n      fue publicada originalmente en<br \/>\n      <a href=\"https:\/\/www.xatakahome.com\/?utm_source=feedburner&amp;utm_medium=feed&amp;utm_campaign=27_Jun_2022\"><br \/>\n       <strong> Xataka Smart Home <\/strong><br \/>\n      <\/a><br \/>\n            por <a href=\"https:\/\/www.xatakahome.com\/autor\/jose-antonio-carmona?utm_source=feedburner&amp;utm_medium=feed&amp;utm_campaign=27_Jun_2022\"><br \/>\n       Jose Antonio Carmona<br \/>\n      <\/a><br \/>\n      . <\/p>\n<div class=\"feedflare\">\n<a href=\"http:\/\/feeds.weblogssl.com\/~ff\/Xatakahome?a=YQb6YRuqKfs:o2i3SQT3xxU:yIl2AUoC8zA\"><img decoding=\"async\" src=\"http:\/\/feeds.feedburner.com\/~ff\/Xatakahome?d=yIl2AUoC8zA\" border=\"0\"><\/a>\n<\/div>\n<\/div>\n","protected":false},"excerpt":{"rendered":"<p>Ya hemos hablado de la excepci\u00f3n ib\u00e9rica. Un tope al precio del gas de 40 euros\/MWh durante los primeros seis meses que desde este lunes comienza a ofrecer resultado en forma de precios m\u00e1s bajos. En concreto, una rebaja de un 32% frente al precio que habr\u00eda sin aplicar esta medida. Con el nombre de &hellip; <a href=\"https:\/\/domosistemas.com\/?p=16976\" class=\"more-link\">Sigue leyendo <span class=\"screen-reader-text\">El precio de la luz baja. El tope al gas del Gobierno sirve para algo y hoy la luz es un 32% m\u00e1s barata<\/span><\/a><\/p>\n","protected":false},"author":1,"featured_media":0,"comment_status":"closed","ping_status":"closed","sticky":false,"template":"","format":"standard","meta":{"footnotes":""},"categories":[8],"tags":[],"class_list":["post-16976","post","type-post","status-publish","format-standard","hentry","category-xataka"],"_links":{"self":[{"href":"https:\/\/domosistemas.com\/index.php?rest_route=\/wp\/v2\/posts\/16976","targetHints":{"allow":["GET"]}}],"collection":[{"href":"https:\/\/domosistemas.com\/index.php?rest_route=\/wp\/v2\/posts"}],"about":[{"href":"https:\/\/domosistemas.com\/index.php?rest_route=\/wp\/v2\/types\/post"}],"author":[{"embeddable":true,"href":"https:\/\/domosistemas.com\/index.php?rest_route=\/wp\/v2\/users\/1"}],"replies":[{"embeddable":true,"href":"https:\/\/domosistemas.com\/index.php?rest_route=%2Fwp%2Fv2%2Fcomments&post=16976"}],"version-history":[{"count":0,"href":"https:\/\/domosistemas.com\/index.php?rest_route=\/wp\/v2\/posts\/16976\/revisions"}],"wp:attachment":[{"href":"https:\/\/domosistemas.com\/index.php?rest_route=%2Fwp%2Fv2%2Fmedia&parent=16976"}],"wp:term":[{"taxonomy":"category","embeddable":true,"href":"https:\/\/domosistemas.com\/index.php?rest_route=%2Fwp%2Fv2%2Fcategories&post=16976"},{"taxonomy":"post_tag","embeddable":true,"href":"https:\/\/domosistemas.com\/index.php?rest_route=%2Fwp%2Fv2%2Ftags&post=16976"}],"curies":[{"name":"wp","href":"https:\/\/api.w.org\/{rel}","templated":true}]}}