{"id":17006,"date":"2022-06-30T02:00:06","date_gmt":"2022-06-30T02:00:06","guid":{"rendered":"https:\/\/domosistemas.com\/?p=17006"},"modified":"2022-06-30T02:00:06","modified_gmt":"2022-06-30T02:00:06","slug":"la-compania-normagrup-participara-en-la-feria-efintec-para-presentar-sus-novedades-en-iluminacion","status":"publish","type":"post","link":"https:\/\/domosistemas.com\/?p=17006","title":{"rendered":"La compa\u00f1\u00eda Normagrup participar\u00e1 en la feria Efintec para presentar sus novedades en iluminaci\u00f3n"},"content":{"rendered":"<div>\n<p>El especialista en alumbrado de emergencia, iluminaci\u00f3n t\u00e9cnica y arquitectural, y sistemas de detecci\u00f3n de incendios <a href=\"https:\/\/www.normagrup.com\/\" target=\"_blank\" rel=\"noopener sponsored\">Normagrup<\/a> ha anunciado que estar\u00e1 presente en la tercera edici\u00f3n de la feria Efintec, que se celebrar\u00e1 los d\u00edas 20 y 21 de octubre en el Fira Barcelona, en el recinto Montjuic (Barcelona).<\/p>\n<figure id=\"attachment_109299\" aria-describedby=\"caption-attachment-109299\" style=\"width: 800px\" class=\"wp-caption aligncenter\"><img decoding=\"async\" loading=\"lazy\" class=\"size-full wp-image-109299\" src=\"https:\/\/static.casadomo.com\/media\/2022\/06\/normagrup-efintec-presentacion-novedades-iluminacion-inteligente.png\" alt=\"Efintec participaci\u00f3n de Normagrup.\" width=\"800\" height=\"508\" srcset=\"https:\/\/static.casadomo.com\/media\/2022\/06\/normagrup-efintec-presentacion-novedades-iluminacion-inteligente.png 800w, https:\/\/static.casadomo.com\/media\/2022\/06\/normagrup-efintec-presentacion-novedades-iluminacion-inteligente-300x191.png 300w, https:\/\/static.casadomo.com\/media\/2022\/06\/normagrup-efintec-presentacion-novedades-iluminacion-inteligente-768x488.png 768w, https:\/\/static.casadomo.com\/media\/2022\/06\/normagrup-efintec-presentacion-novedades-iluminacion-inteligente-180x114.png 180w\" sizes=\"auto, (max-width: 800px) 100vw, 800px\"><figcaption id=\"caption-attachment-109299\" class=\"wp-caption-text\">Normagrup presentar\u00e1 sus \u00faltimas novedades en iluminaci\u00f3n inteligente y alumbrado de emergencia en Efintec.<\/figcaption><\/figure>\n<p>Los visitantes que se acerquen al stand (34) de <a href=\"https:\/\/www.casadomo.com\/empresas\/normagrup\">Normagrup<\/a> tendr\u00e1n la posibilidad de conocer las \u00faltimas novedades en iluminaci\u00f3n de las divisiones de Normalux (alumbrado de emergencia) y Normalit (iluminaci\u00f3n t\u00e9cnica y arquitect\u00f3nica).<\/p>\n<p>Algunas de las novedades ser\u00e1n el nuevo sistema lineal para instalaci\u00f3n adosada o suspendida <a href=\"https:\/\/www.casadomo.com\/2022\/06\/01\/nuevo-sistema-lineal-iluminacion-led-eyre-normalit-ofrece-versatilidad-proyectos\">Eyre<\/a>, disponible en tramos de 1.127 y 1.686 mm, con un rango lum\u00ednico de entre 3.720 lm y 9.000 lm y fabricado en aluminio extrusionado; as\u00ed como el nuevo sistema de pantalla estanca LED <a href=\"https:\/\/www.normalit.com\/ES\/es\/productos\/Sblancas\/05Alba?site_id=2\" target=\"_blank\" rel=\"noopener sponsored\">Alba<\/a>, dise\u00f1ada para una instalaci\u00f3n empotrada en techos de escayola o pladur. Por su parte, la pantalla LED SeaLed se presenta en tres tama\u00f1os: 600&#215;600, 1200&#215;300 y 1200&#215;600, y est\u00e1 dise\u00f1ada para montaje en techos t\u00e9cnicos.<\/p>\n<p>En cuanto al alumbrado de emergencia, Normagrup presentar\u00e1 <a href=\"https:\/\/www.casadomo.com\/2022\/02\/17\/gennius-nueva-familia-alumbrado-emergencia-normalux\">Gennius<\/a> de Normalux, cuya caracter\u00edstica principal es la capacidad de incluir pictogramas en su difusor para transformarse en un equipo de se\u00f1alizaci\u00f3n. Asimismo, cuenta con m\u00faltiples accesorios para montaje en superficie (GE-PP) o para montaje semiempotrado (GE-MSE) y un rango lum\u00ednico que oscila entre los 95 lm y los 300 lm.<\/p>\n<h2>Versiones DALI<\/h2>\n<p>Las pantallas LED, el sistema lineal y el alumbrado de emergencia, entre otras novedades, disponen de la versi\u00f3n DALI, que permite a los dispositivos con este protocolo de iluminaci\u00f3n interconectarse con un \u00fanico cable de bus e identificarse con direcciones \u00fanicas, lo que permite asignarles diferentes grupos o escenas mediante una simple programaci\u00f3n.<\/p>\n<p>Para el control remoto de toda la instalaci\u00f3n lum\u00ednica inteligente, Normagrup dispone de la plataforma de control <a href=\"https:\/\/www.casadomo.com\/2021\/02\/10\/nueva-version-normalink-admite-gestion-luminarias-saluz-tunable-white-normagrup\">Normalink<\/a>, compatible con las luminarias Saluz tunableWhite y las luminarias DALI DT8 con control de blanco din\u00e1mico.<\/p>\n<p>La entrada <a rel=\"nofollow\" href=\"https:\/\/www.casadomo.com\/2022\/06\/30\/compania-normagrup-participara-feria-efintec-presentar-novedades-iluminacion\">La compa\u00f1\u00eda Normagrup participar\u00e1 en la feria Efintec para presentar sus novedades en iluminaci\u00f3n<\/a> aparece primero en <a rel=\"nofollow\" href=\"https:\/\/www.casadomo.com\/\">CASADOMO<\/a>.<\/p>\n<\/div>\n","protected":false},"excerpt":{"rendered":"<p>El especialista en alumbrado de emergencia, iluminaci\u00f3n t\u00e9cnica y arquitectural, y sistemas de detecci\u00f3n de incendios Normagrup ha anunciado que estar\u00e1 presente en la tercera edici\u00f3n de la feria Efintec, que se celebrar\u00e1 los d\u00edas 20 y 21 de octubre en el Fira Barcelona, en el recinto Montjuic (Barcelona). Normagrup presentar\u00e1 sus \u00faltimas novedades en &hellip; <a href=\"https:\/\/domosistemas.com\/?p=17006\" class=\"more-link\">Sigue leyendo <span class=\"screen-reader-text\">La compa\u00f1\u00eda Normagrup participar\u00e1 en la feria Efintec para presentar sus novedades en iluminaci\u00f3n<\/span><\/a><\/p>\n","protected":false},"author":1,"featured_media":0,"comment_status":"closed","ping_status":"closed","sticky":false,"template":"","format":"standard","meta":{"footnotes":""},"categories":[3],"tags":[],"class_list":["post-17006","post","type-post","status-publish","format-standard","hentry","category-casadomo-com"],"_links":{"self":[{"href":"https:\/\/domosistemas.com\/index.php?rest_route=\/wp\/v2\/posts\/17006","targetHints":{"allow":["GET"]}}],"collection":[{"href":"https:\/\/domosistemas.com\/index.php?rest_route=\/wp\/v2\/posts"}],"about":[{"href":"https:\/\/domosistemas.com\/index.php?rest_route=\/wp\/v2\/types\/post"}],"author":[{"embeddable":true,"href":"https:\/\/domosistemas.com\/index.php?rest_route=\/wp\/v2\/users\/1"}],"replies":[{"embeddable":true,"href":"https:\/\/domosistemas.com\/index.php?rest_route=%2Fwp%2Fv2%2Fcomments&post=17006"}],"version-history":[{"count":0,"href":"https:\/\/domosistemas.com\/index.php?rest_route=\/wp\/v2\/posts\/17006\/revisions"}],"wp:attachment":[{"href":"https:\/\/domosistemas.com\/index.php?rest_route=%2Fwp%2Fv2%2Fmedia&parent=17006"}],"wp:term":[{"taxonomy":"category","embeddable":true,"href":"https:\/\/domosistemas.com\/index.php?rest_route=%2Fwp%2Fv2%2Fcategories&post=17006"},{"taxonomy":"post_tag","embeddable":true,"href":"https:\/\/domosistemas.com\/index.php?rest_route=%2Fwp%2Fv2%2Ftags&post=17006"}],"curies":[{"name":"wp","href":"https:\/\/api.w.org\/{rel}","templated":true}]}}