{"id":17012,"date":"2022-06-30T09:08:53","date_gmt":"2022-06-30T09:08:53","guid":{"rendered":"https:\/\/domosistemas.com\/?p=17012"},"modified":"2022-06-30T09:08:53","modified_gmt":"2022-06-30T09:08:53","slug":"lidl-tiene-la-solucion-low-cost-ideal-para-enfriar-tus-bebidas-hielos-y-helados-este-verano-gastando-poco","status":"publish","type":"post","link":"https:\/\/domosistemas.com\/?p=17012","title":{"rendered":"LIDL tiene la soluci\u00f3n &#8216;low cost&#8217; ideal para enfriar tus bebidas, hielos y helados este verano gastando poco"},"content":{"rendered":"<div>\n<p>\n      <img decoding=\"async\" src=\"https:\/\/i.blogs.es\/b6f6e7\/1366_2000\/1024_2000.jpg\" alt=\"LIDL tiene la soluci\u00f3n 'low cost' ideal para enfriar tus bebidas, hielos y helados este verano gastando poco\">\n    <\/p>\n<\/p>\n<p>Llega el calor, apetece tomar <strong>refrescos, helados y bebidas fresquitas<\/strong> y aunque introducimos en el frigor\u00edfico o congelador las botellas, recipientes para fabricar cubitos de hielo, botes y dem\u00e1s accesorios veraniegos, con tanto abrir y cerrar las puertas y las altas temperaturas en la cocina parece que <strong>nuestra nevera no da abasto<\/strong>.<\/p>\n<p><!-- BREAK 1 --><\/p>\n<p>Para estos casos es conveniente ayudarnos de electrodom\u00e9sticos adicionales que nos permitan <strong>liberar un poco de trabajo al frigo principal<\/strong> de casa, como una <a href=\"https:\/\/www.xatakahome.com\/electrodomesticos-innovadores\/lidl-tiene-rebajada-maquina-ideal-para-fabricar-cubitos-hielo-esta-otras-alternativas-para-combatir-calor-verano\">m\u00e1quina que fabrique cubitos de hielo<\/a> aparte.<!--more--><\/p>\n<p>Y para ello LIDL nos propone una nueva colecci\u00f3n de <strong>neveras y congeladores en formato reducido<\/strong> que podemos instalar en casi cualquier parte. Se trata de equipos <strong>fabricados por por la marca Comfee<\/strong> que llegan con unos precios muy atractivos en dos dise\u00f1os diferentes y con capacidades de refrigeraci\u00f3n o de congelaci\u00f3n.<\/p>\n<p><!-- BREAK 2 --><\/p>\n<div class=\"article-asset article-asset-normal article-asset-center\">\n<div class=\"desvio-container\">\n<div class=\"desvio\">\n<div class=\"desvio-figure js-desvio-figure\">\n    <a href=\"https:\/\/www.xatakahome.com\/electrodomesticos-innovadores\/que-hay-que-mirar-para-comprar-frigorifico-asegurarnos-que-tenga-tecnologias-proximos-anos\"><br \/>\n     <img decoding=\"async\" alt=\"Qu\u00e9 hay que mirar para comprar un frigor\u00edfico y asegurarnos de que tenga las tecnolog\u00edas de los pr\u00f3ximos a\u00f1os\" src=\"https:\/\/i.blogs.es\/0865b3\/frigorifico\/375_142.webp\" onerror='this.src=\"https:\/\/i.blogs.es\/0865b3\/frigorifico\/375_142.jpeg\"'><br \/>\n    <\/a>\n   <\/div>\n<div class=\"desvio-summary\">\n<div class=\"desvio-taxonomy js-desvio-taxonomy\">\n     <a href=\"https:\/\/www.xatakahome.com\/electrodomesticos-innovadores\/que-hay-que-mirar-para-comprar-frigorifico-asegurarnos-que-tenga-tecnologias-proximos-anos\" class=\"desvio-taxonomy-anchor\">En Xataka Smart Home<\/a>\n    <\/div>\n<p>    <a href=\"https:\/\/www.xatakahome.com\/electrodomesticos-innovadores\/que-hay-que-mirar-para-comprar-frigorifico-asegurarnos-que-tenga-tecnologias-proximos-anos\" class=\"desvio-title js-desvio-title\">Qu\u00e9 hay que mirar para comprar un frigor\u00edfico y asegurarnos de que tenga las tecnolog\u00edas de los pr\u00f3ximos a\u00f1os<\/a>\n   <\/div>\n<\/p><\/div>\n<\/p><\/div>\n<\/div>\n<h3>Comfee mini congelador<\/h3>\n<\/p>\n<div class=\"article-asset-image article-asset-small article-asset-small_center\">\n<div class=\"asset-content\">\n<div class=\"base-wrapper-image\" style=\"padding-top:75%;\">\n<p>  <img decoding=\"async\" alt=\"Comfee Mini Congelador Blanco Zoom\" class=\"centro_sinmarco\" src=\"https:\/\/i.blogs.es\/077c68\/comfee-mini-congelador-blanco-zoom\/450_1000.webp\"><\/p><\/div>\n<\/p><\/div>\n<\/div>\n<p>En primer lugar tenemos este <strong>minicongelador con acabado cl\u00e1sico<\/strong> en color blanco y unas medidas de 47,2 x 49,2 x 45 cm. Tiene un peso de 15,3 kilos y una capacidad interna de <strong>31 litros<\/strong>, con la posibilidad de colocar la puerta tanto en la parte derecha como en la izquierda. La clase de <a href=\"https:\/\/www.xatakahome.com\/a-fondo\/entendiendo-caos-etiquetas-clasificacion-energetica-que-se-diferencian-nuevas-anteriores-1\">eficiencia energ\u00e9tica es \u00abE\u00bb<\/a> y est\u00e1 de oferta con un precio de <a class=\"js-ecommerce\" href=\"https:\/\/www.xatakahome.com\/redirect?url=https%3A%2F%2Fwww.lidl.es%2Fes%2Fcomfee-mini-congelador-blanco%2Fp44049&amp;category=seleccion\">114,99 euros<\/a> frente a los 279 euros habituales.<\/p>\n<p><!-- PIVOT START -->\n<\/p>\n<div class=\"pivot-ecommerce-container\">\n<div class=\"pivot-ecommerce\">\n<div class=\"pivot-ecommerce-figure\">\n  <a href=\"https:\/\/www.xatakahome.com\/redirect?url=https%3A%2F%2Fwww.lidl.es%2Fes%2Fcomfee-mini-congelador-blanco%2Fp44049&amp;category=seleccion&amp;pivot=1\"><br \/>\n   <img decoding=\"async\" alt=\"Comfee mini congelador blanco\" src=\"https:\/\/i.blogs.es\/9dad5b\/comfee-mini-congelador-blanco-zoom\/original.webp\" onerror='this.src=\"https:\/\/i.blogs.es\/9dad5b\/comfee-mini-congelador-blanco-zoom\/original.jpeg\"'><br \/>\n  <\/a>\n  <\/div>\n<div class=\"pivot-ecommerce-summary\">\n<p class=\"pivot-ecommerce-desc\">Comfee mini congelador blanco<\/p>\n<div class=\"pivot-actions js-pivot-actions\">\n<div class=\"pivot-actions-row\">\n <a rel=\"nofollow noopener\" target=\"_blank\" data-asin=\"\" data-store=\"LIDL\" href=\"https:\/\/www.xatakahome.com\/redirect?url=https%3A%2F%2Fwww.lidl.es%2Fes%2Fcomfee-mini-congelador-blanco%2Fp44049&amp;category=seleccion&amp;pivot=1\" title=\"Precio de venta al p\u00fablico a fecha de publicaci\u00f3n\" class=\"pivot-action-primary js-pivot-action\">PVP en LIDL 114,99\u20ac<\/a>\n<\/div>\n<div class=\"pivot-actions-row\">\n <\/div>\n<\/p><\/div>\n<\/p><\/div>\n<\/p><\/div>\n<\/div>\n<p><!-- PIVOT END --><\/p>\n<h3>Comfee Mini nevera<\/h3>\n<\/p>\n<div class=\"article-asset-image article-asset-small article-asset-small_center\">\n<div class=\"asset-content\">\n<div class=\"base-wrapper-image\" style=\"padding-top:75%;\">\n<p>  <img decoding=\"async\" alt=\"Comfee Mini Nevera Plateada Zoom\" class=\"centro_sinmarco\" src=\"https:\/\/i.blogs.es\/a3332f\/comfee-mini-nevera-plateada-zoom\/450_1000.webp\"><\/p><\/div>\n<\/p><\/div>\n<\/div>\n<p>Si lo que buscamos es <strong>una nevera<\/strong>, tenemos esta en formato reducido con unas dimensiones de solo 47,2 x 49,2 x 45 cm., un peso de 14,7 kilos y una capacidad de almacenamiento de <strong>43 litros<\/strong>. Su clase de eficiencia energ\u00e9tica es \u00abE\u00bb, tiene <strong>selector de temperatura<\/strong>, posibilidad de cambiar de lado la puerta y un acabado en color plateado. Su precio en oferta es de <a class=\"js-ecommerce\" href=\"https:\/\/www.xatakahome.com\/redirect?url=https%3A%2F%2Fwww.lidl.es%2Fes%2Fcomfee-mini-nevera-plateada%2Fp44111&amp;category=seleccion\">109,99 euros<\/a> frente a los 269 euros habituales. Tambi\u00e9n est\u00e1 disponible en color negro por el mismo precio de <a class=\"js-ecommerce\" href=\"https:\/\/www.xatakahome.com\/redirect?url=https%3A%2F%2Fwww.lidl.es%2Fes%2Fcomfee-mini-nevera-negra%2Fp44048&amp;category=seleccion\">109,99 euros<\/a>.<\/p>\n<p><!-- PIVOT START -->\n<\/p>\n<div class=\"pivot-ecommerce-container\">\n<div class=\"pivot-ecommerce\">\n<div class=\"pivot-ecommerce-figure\">\n  <a href=\"https:\/\/www.xatakahome.com\/redirect?url=https%3A%2F%2Fwww.lidl.es%2Fes%2Fcomfee-mini-nevera-plateada%2Fp44111&amp;category=seleccion&amp;pivot=1\"><br \/>\n   <img decoding=\"async\" alt=\"Comfee Mini nevera plateada\" src=\"https:\/\/i.blogs.es\/428ecf\/comfee-mini-nevera-plateada-zoom\/original.webp\" onerror='this.src=\"https:\/\/i.blogs.es\/428ecf\/comfee-mini-nevera-plateada-zoom\/original.jpeg\"'><br \/>\n  <\/a>\n  <\/div>\n<div class=\"pivot-ecommerce-summary\">\n<p class=\"pivot-ecommerce-desc\">Comfee Mini nevera plateada<\/p>\n<div class=\"pivot-actions js-pivot-actions\">\n<div class=\"pivot-actions-row\">\n <a rel=\"nofollow noopener\" target=\"_blank\" data-asin=\"\" data-store=\"LIDL\" href=\"https:\/\/www.xatakahome.com\/redirect?url=https%3A%2F%2Fwww.lidl.es%2Fes%2Fcomfee-mini-nevera-plateada%2Fp44111&amp;category=seleccion&amp;pivot=1\" title=\"Precio de venta al p\u00fablico a fecha de publicaci\u00f3n\" class=\"pivot-action-primary js-pivot-action\">PVP en LIDL 109,99\u20ac<\/a>\n<\/div>\n<div class=\"pivot-actions-row\">\n <\/div>\n<\/p><\/div>\n<\/p><\/div>\n<\/p><\/div>\n<\/div>\n<p><!-- PIVOT END --><\/p>\n<div class=\"article-asset-video article-asset-normal\">\n<div class=\"asset-content\">\n<div class=\"base-asset-video\">\n<div class=\"js-dailymotion\">\n    <script type=\"application\/json\">\n           {\"videoId\":\"x8006fc\",\"autoplay\":true,\"title\":\"C\u00f3mo dormir cuando hace mucho calor y no tienes aire acondicionado\", \"tag\":\"\"}\n         <\/script>\n   <\/div>\n<\/p><\/div>\n<\/p><\/div>\n<\/div>\n<h3>Comfee mini nevera retro<\/h3>\n<\/p>\n<div class=\"article-asset-image article-asset-small article-asset-small_center\">\n<div class=\"asset-content\">\n<div class=\"base-wrapper-image\" style=\"padding-top:75%;\">\n<p>  <img decoding=\"async\" alt=\"Comfee Mini Nevera Blanco Zoom 2\" class=\"centro_sinmarco\" src=\"https:\/\/i.blogs.es\/b6cc87\/comfee-mini-nevera-blanco-zoom--2\/450_1000.webp\"><\/p><\/div>\n<\/p><\/div>\n<\/div>\n<p>Si queremos que nuestra nevera tenga un <strong>dise\u00f1o m\u00e1s llamativo y con toque retro<\/strong> tambi\u00e9n tenemos disponible este modelo de 48,5 x 50 x 44 cm. que integra <strong>frigor\u00edfico y compartimento para hielo<\/strong> como en los frigos antiguos. Tiene una capacidad de <strong>47 litros<\/strong> con unas dimensiones de 48,5 x 50 x 44 cm., 22,5 kilos, posibilidad de montar la puerta en ambos lados, pies ajustables, bisagra de cierre autom\u00e1tico y acabado en acero inoxidable disponible en colores blanco y negro con eficiencia energ\u00e9tica \u00abF\u00bb. Su precio es de <a class=\"js-ecommerce\" href=\"https:\/\/www.xatakahome.com\/redirect?url=https%3A%2F%2Fwww.lidl.es%2Fes%2Fcomfee-mini-nevera-blanco%2Fp44113&amp;category=seleccion\">149,99 euros<\/a> frente a los 229 euros habituales.<\/p>\n<p><!-- PIVOT START -->\n<\/p>\n<div class=\"pivot-ecommerce-container\">\n<div class=\"pivot-ecommerce\">\n<div class=\"pivot-ecommerce-figure\">\n  <a href=\"https:\/\/www.xatakahome.com\/redirect?url=https%3A%2F%2Fwww.lidl.es%2Fes%2Fcomfee-mini-nevera-blanco%2Fp44113&amp;category=seleccion&amp;pivot=1\"><br \/>\n   <img decoding=\"async\" alt=\"Comfee mini nevera\" src=\"https:\/\/i.blogs.es\/b09026\/comfee-mini-nevera-blanco-zoom--2\/original.webp\" onerror='this.src=\"https:\/\/i.blogs.es\/b09026\/comfee-mini-nevera-blanco-zoom--2\/original.jpeg\"'><br \/>\n  <\/a>\n  <\/div>\n<div class=\"pivot-ecommerce-summary\">\n<p class=\"pivot-ecommerce-desc\">Comfee mini nevera<\/p>\n<div class=\"pivot-actions js-pivot-actions\">\n<div class=\"pivot-actions-row\">\n <a rel=\"nofollow noopener\" target=\"_blank\" data-asin=\"\" data-store=\"LIDL\" href=\"https:\/\/www.xatakahome.com\/redirect?url=https%3A%2F%2Fwww.lidl.es%2Fes%2Fcomfee-mini-nevera-blanco%2Fp44113&amp;category=seleccion&amp;pivot=1\" title=\"Precio de venta al p\u00fablico a fecha de publicaci\u00f3n\" class=\"pivot-action-primary js-pivot-action\">PVP en LIDL 144,99\u20ac<\/a>\n<\/div>\n<div class=\"pivot-actions-row\">\n <\/div>\n<\/p><\/div>\n<\/p><\/div>\n<\/p><\/div>\n<\/div>\n<p><!-- PIVOT END --><\/p>\n<div class=\"actualizacion\">\n<div class=\"actualizacion-inner\">\n  Nota: Algunos de los enlaces de este art\u00edculo son afiliados y pueden reportar un beneficio a Xataka Home\n <\/div>\n<\/div>\n<p><script>\n (function() {\n  window._JS_MODULES = window._JS_MODULES || {};\n  var headElement = document.getElementsByTagName('head')[0];\n  if (_JS_MODULES.instagram) {\n   var instagramScript = document.createElement('script');\n   instagramScript.src = 'https:\/\/platform.instagram.com\/en_US\/embeds.js';\n   instagramScript.async = true;\n   instagramScript.defer = true;\n   headElement.appendChild(instagramScript);\n  }\n })();\n<\/script><\/p>\n<p> &#8211; <br \/> La noticia<br \/>\n      <a href=\"https:\/\/www.xatakahome.com\/seleccion\/lidl-tiene-solucion-low-cost-ideal-para-enfriar-tus-bebidas-hielos-helados-este-verano-gastando-poco?utm_source=feedburner&amp;utm_medium=feed&amp;utm_campaign=30_Jun_2022\"><br \/>\n       <em> LIDL tiene la soluci\u00f3n &#8216;low cost&#8217; ideal para enfriar tus bebidas, hielos y helados este verano gastando poco <\/em><br \/>\n      <\/a><br \/>\n      fue publicada originalmente en<br \/>\n      <a href=\"https:\/\/www.xatakahome.com\/?utm_source=feedburner&amp;utm_medium=feed&amp;utm_campaign=30_Jun_2022\"><br \/>\n       <strong> Xataka Smart Home <\/strong><br \/>\n      <\/a><br \/>\n            por <a href=\"https:\/\/www.xatakahome.com\/autor\/paco-rodriguez?utm_source=feedburner&amp;utm_medium=feed&amp;utm_campaign=30_Jun_2022\"><br \/>\n       Paco Rodriguez<br \/>\n      <\/a><br \/>\n      . <\/p>\n<div class=\"feedflare\">\n<a href=\"http:\/\/feeds.weblogssl.com\/~ff\/Xatakahome?a=3MGs52KwU08:Ad_K6VLK68Q:yIl2AUoC8zA\"><img decoding=\"async\" src=\"http:\/\/feeds.feedburner.com\/~ff\/Xatakahome?d=yIl2AUoC8zA\" border=\"0\"><\/a>\n<\/div>\n<\/div>\n","protected":false},"excerpt":{"rendered":"<p>Llega el calor, apetece tomar refrescos, helados y bebidas fresquitas y aunque introducimos en el frigor\u00edfico o congelador las botellas, recipientes para fabricar cubitos de hielo, botes y dem\u00e1s accesorios veraniegos, con tanto abrir y cerrar las puertas y las altas temperaturas en la cocina parece que nuestra nevera no da abasto. Para estos casos &hellip; <a href=\"https:\/\/domosistemas.com\/?p=17012\" class=\"more-link\">Sigue leyendo <span class=\"screen-reader-text\">LIDL tiene la soluci\u00f3n &#8216;low cost&#8217; ideal para enfriar tus bebidas, hielos y helados este verano gastando poco<\/span><\/a><\/p>\n","protected":false},"author":1,"featured_media":0,"comment_status":"closed","ping_status":"closed","sticky":false,"template":"","format":"standard","meta":{"footnotes":""},"categories":[8],"tags":[],"class_list":["post-17012","post","type-post","status-publish","format-standard","hentry","category-xataka"],"_links":{"self":[{"href":"https:\/\/domosistemas.com\/index.php?rest_route=\/wp\/v2\/posts\/17012","targetHints":{"allow":["GET"]}}],"collection":[{"href":"https:\/\/domosistemas.com\/index.php?rest_route=\/wp\/v2\/posts"}],"about":[{"href":"https:\/\/domosistemas.com\/index.php?rest_route=\/wp\/v2\/types\/post"}],"author":[{"embeddable":true,"href":"https:\/\/domosistemas.com\/index.php?rest_route=\/wp\/v2\/users\/1"}],"replies":[{"embeddable":true,"href":"https:\/\/domosistemas.com\/index.php?rest_route=%2Fwp%2Fv2%2Fcomments&post=17012"}],"version-history":[{"count":0,"href":"https:\/\/domosistemas.com\/index.php?rest_route=\/wp\/v2\/posts\/17012\/revisions"}],"wp:attachment":[{"href":"https:\/\/domosistemas.com\/index.php?rest_route=%2Fwp%2Fv2%2Fmedia&parent=17012"}],"wp:term":[{"taxonomy":"category","embeddable":true,"href":"https:\/\/domosistemas.com\/index.php?rest_route=%2Fwp%2Fv2%2Fcategories&post=17012"},{"taxonomy":"post_tag","embeddable":true,"href":"https:\/\/domosistemas.com\/index.php?rest_route=%2Fwp%2Fv2%2Ftags&post=17012"}],"curies":[{"name":"wp","href":"https:\/\/api.w.org\/{rel}","templated":true}]}}