{"id":17199,"date":"2022-07-15T12:41:18","date_gmt":"2022-07-15T12:41:18","guid":{"rendered":"https:\/\/domosistemas.com\/?p=17199"},"modified":"2022-07-15T12:41:18","modified_gmt":"2022-07-15T12:41:18","slug":"he-usado-un-aire-acondicionado-portatil-de-36-euros-para-intentar-refrescarme-en-la-ola-de-calor-este-es-el-resultado","status":"publish","type":"post","link":"https:\/\/domosistemas.com\/?p=17199","title":{"rendered":"He usado un \u00abaire acondicionado port\u00e1til de 36 euros para intentar refrescarme en la ola de calor. Este es el resultado"},"content":{"rendered":"<div>\n<p>\n      <img decoding=\"async\" src=\"https:\/\/i.blogs.es\/10c554\/ventilador-1\/1024_2000.jpeg\" alt=\"He usado un \" aire acondicionado port de euros para intentar refrescarme en la ola calor. este es el resultado>\n    <\/p>\n<\/p>\n<p>Para <a href=\"https:\/\/www.xatakahome.com\/curiosidades\/como-dormir-verano-morir-calor-cuando-no-tenemos-ventilador-aire-acondicionado\">combatir el calor<\/a>, <strong>he estado probando un aire acondicionado de los llamados port\u00e1tiles<\/strong>. Un modelo que se puede encontrar en Amazon por poco m\u00e1s de 36 euros y que enchufado a un USB (da igual si es desde un dispositivo o un cargador) ofrece varias funciones en un mismo dispositivo.<\/p>\n<p>El modelo en cuesti\u00f3n es <a class=\"js-ecommerce\" href=\"https:\/\/www.xatakahome.com\/redirect?url=https%3A%2F%2Fwww.amazon.es%2Fdp%2FB09D34PLLH%2Fref%3Dcm_sw_r_apa_i_KAR7PF8E5XXRWYB9BVNR_0%3F_encoding%3DUTF8%26psc%3D1&amp;category=analisis\">este<\/a>. Seg\u00fan la marca, este dispositivo es capaz de <strong>enfriar, humidificar, ventilar y servir como luz nocturna<\/strong> gracias a un LED con capacidad para ofrecer siete colores. Y tras unos d\u00edas de uso, este es el resultado.<!--more--><\/p>\n<h2>Aire acondicionado y humidificador, todo en uno<\/h2>\n<\/p>\n<div class=\"article-asset-image article-asset-normal\">\n<div class=\"asset-content\">\n<div class=\"base-wrapper-image\" style=\"padding-top:133.35%;\">\n<p>  <img decoding=\"async\" alt=\"Enfriar\" class=\"centro_sinmarco\" src=\"https:\/\/i.blogs.es\/f0a3f1\/img_0171\/450_1000.webp\"><\/p><\/div>\n<\/p><\/div>\n<\/div>\n<p>De entrada y en referencia a las primeras sensaciones, hay que decir que no rezuma calidad. Acabado en pl\u00e1stico blanco, <strong>se nota que son terminaciones baratas<\/strong>. No enga\u00f1a, eso es cierto y no podemos esperar m\u00e1s por el precio que tiene, pero la primera impresi\u00f3n es que estamos ante un producto de los que venden en los popularmente conocidos como \u00abchinos\u00bb.<\/p>\n<p><!-- BREAK 1 --><\/p>\n<p>Dicho esto del aspecto, hay que entrar a valorar su funcionamiento y si cumple con lo que promete. Y es que <strong>m\u00e1s que llamarlo aire acondicionado<\/strong> (as\u00ed lo venden), <strong>lo correcto ser\u00eda llamarlo ventilador<\/strong>. Este modelo permite tanto enfriar como crear un ambiente algo m\u00e1s h\u00famedo cuando se usa el dep\u00f3sito de agua. Vendr\u00eda ser como una especie de humidificaci\u00f3n, y de hecho, cuando est\u00e1 activada, se nota como de las rejillas sale una especie de nube de agua muy pulverizada.<\/p>\n<p><!-- BREAK 2 --><\/p>\n<div class=\"article-asset article-asset-normal article-asset-center\">\n<div class=\"desvio-container\">\n<div class=\"desvio\">\n<div class=\"desvio-figure js-desvio-figure\">\n    <a href=\"https:\/\/www.xatakahome.com\/tutoriales\/probe-a-usar-campana-cocina-como-aire-acondicionado-low-cost-resultado-me-sorprendio-positivamente\"><br \/>\n     <img decoding=\"async\" alt='Prob\u00e9 a usar la campana de la cocina como aire acondicionado \"low cost\" y el resultado me sorprendi\u00f3 positivamente' src=\"https:\/\/i.blogs.es\/76eac7\/campanasbalay\/375_142.webp\" onerror='this.src=\"https:\/\/i.blogs.es\/76eac7\/campanasbalay\/375_142.jpg\"'><br \/>\n    <\/a>\n   <\/div>\n<div class=\"desvio-summary\">\n<div class=\"desvio-taxonomy js-desvio-taxonomy\">\n     <a href=\"https:\/\/www.xatakahome.com\/tutoriales\/probe-a-usar-campana-cocina-como-aire-acondicionado-low-cost-resultado-me-sorprendio-positivamente\" class=\"desvio-taxonomy-anchor\">En Xataka Smart Home<\/a>\n    <\/div>\n<p>    <a href=\"https:\/\/www.xatakahome.com\/tutoriales\/probe-a-usar-campana-cocina-como-aire-acondicionado-low-cost-resultado-me-sorprendio-positivamente\" class=\"desvio-title js-desvio-title\">Prob\u00e9 a usar la campana de la cocina como aire acondicionado \u00ablow cost\u00bb y el resultado me sorprendi\u00f3 positivamente<\/a>\n   <\/div>\n<\/p><\/div>\n<\/p><\/div>\n<\/div>\n<h2>Funci\u00f3n de humidificaci\u00f3n<\/h2>\n<\/p>\n<div class=\"article-asset-image article-asset-normal\">\n<div class=\"asset-content\">\n<div class=\"base-wrapper-image\" style=\"padding-top:75%;\">\n<p>  <img decoding=\"async\" alt=\"Ventilador Agua\" class=\"centro_sinmarco\" src=\"https:\/\/i.blogs.es\/db9c32\/ventilador-agua\/450_1000.webp\"><\/p><\/div>\n<\/p><\/div>\n<\/div>\n<p>Este \u00abaire acondicionado\u00bb integra un dep\u00f3sito de agua y su uso es accesorio. Para refrescar no es de uso obligatorio, aunque sirve si queremos que el aire que salga sea m\u00e1s fresco y h\u00famedo. <strong>Es verdad que se nota la diferencia<\/strong>. Cuando activamos la funci\u00f3n de <a href=\"https:\/\/www.xatakahome.com\/electrodomesticos-innovadores\/refrigeradores-evaporacion-ventajas-inconvenientes-que-fijarse-al-comprar-uno-modelos-recomendados\">humidificaci\u00f3n<\/a>, el aire es m\u00e1s fresco, sobre todo si usamos agua del frigor\u00edfico. <\/p>\n<p>Como alternativa, <strong>se puede a\u00f1adir agua fr\u00eda acompa\u00f1ada de algunos cubitos de hielo<\/strong>, para mantener el agua fr\u00eda m\u00e1s tiempo y lograr que el aire sea a\u00fan m\u00e1s fresco. Cuando se activa la funci\u00f3n para humidificar, se escucha un ligero susurro, s\u00edntoma que el agua va filtr\u00e1ndose para liberarse con el aire. <\/p>\n<p><!-- BREAK 3 --><\/p>\n<div class=\"article-asset-image article-asset-normal\">\n<div class=\"asset-content\">\n<div class=\"caption-img \">\n<div class=\"base-wrapper-image\" style=\"padding-top:75%;\">\n<p>  <img decoding=\"async\" alt=\"Ventilador Indicador\" class=\"centro_sinmarco\" src=\"https:\/\/i.blogs.es\/1d598e\/ventilador-indicador\/450_1000.webp\"><\/p><\/div>\n<p>         <span>Indicador del nivel del agua<\/span>\n   <\/div>\n<\/p><\/div>\n<\/div>\n<p>Con una capacidad de 700 ml, <strong>en la izquierda hay un indicador de nivel de agua<\/strong> y tras varias horas funcionando, a\u00fan quedaba l\u00edquido elemento en el interior. La parte mala es que tambi\u00e9n hace incluso m\u00e1s ruido al funcionar. <\/p>\n<p><!-- BREAK 4 --><\/p>\n<p>Lo que s\u00ed que tengo que decir es que <strong>habr\u00eda esperado un mejor ajuste en la tapa<\/strong>, con una especie de goma por ejemplo, para mejorar el sellado y que no se salga el agua en caso de transporte, si bien es aconsejable moverlo vac\u00edo, al menos para todo lo que no sea cambiarlo de habitaci\u00f3n.<\/p>\n<p><!-- BREAK 5 --><\/p>\n<h2>\u00bfRealmente enfr\u00eda?<\/h2>\n<\/p>\n<div class=\"article-asset-image article-asset-normal\">\n<div class=\"asset-content\">\n<div class=\"base-wrapper-image\" style=\"padding-top:75%;\">\n<p>  <img decoding=\"async\" alt=\"Dos\" class=\"centro_sinmarco\" src=\"https:\/\/i.blogs.es\/8b18e4\/dos\/450_1000.webp\"><\/p><\/div>\n<\/p><\/div>\n<\/div>\n<p>Toca comprobar si realmente enfr\u00eda el aire y rebaja la temperatura. Lo he usado tanto en modo \u00abseco\u00bb como con la funci\u00f3n humidificaci\u00f3n, he cerrado la puerta y lo he tenido m\u00e1s de dos horas funcionando mientras trabajaba.<\/p>\n<p><!-- BREAK 6 --><\/p>\n<div class=\"article-asset-image article-asset-normal\">\n<div class=\"asset-content\">\n<div class=\"base-wrapper-image\" style=\"padding-top:75%;\">\n<p>  <img decoding=\"async\" alt=\"Uno\" class=\"centro_sinmarco\" src=\"https:\/\/i.blogs.es\/de3efd\/uno\/450_1000.webp\"><\/p><\/div>\n<\/p><\/div>\n<\/div>\n<p>La temperatura al <strong>comienzo de la prueba era de 28,3 grados<\/strong> y una humedad del 33%. <strong>Pasadas dos horas, la temperatura era la misma, de 28,3 grados y la humedad eso s\u00ed, hab\u00eda subido al 49%<\/strong>, con aire acondicionado puesto y el calor del ordenador y mi calor corporal.<\/p>\n<p><!-- BREAK 7 --><\/p>\n<p>En lo que respecta a la difusi\u00f3n del aire, cuenta con unas rejillas que adem\u00e1s <strong>se pueden mover hacia arriba o hacia abajo<\/strong> de forma manual gracias a la palanca que tienen, pero no de forma lateral, por lo que para cambiar la orientaci\u00f3n a izquierda y derecha no queda m\u00e1s que girar el ventilador.<\/p>\n<p><!-- BREAK 8 --><\/p>\n<p>He probado a usar este \u00abaire acondicionado\u00bb junto al ordenador y en la mesita de noche y s\u00f3lo en junto al ordenador lo he visto \u00fatil, ya que la m\u00fasica de los altavoces disimulaba el ruido que hace. En la mesita de noche, <strong>ni para la siesta<\/strong> <a href=\"https:\/\/www.xatakahome.com\/curiosidades\/dormir-calor-verano-posible-establecer-corrientes-aire-casa-puede-ser-clave-para-lograrlo\">ni para dormir me ha servido<\/a>, al menos en mi caso, que me gusta estar en silencio.<\/p>\n<\/p>\n<div class=\"article-asset-image article-asset-normal\">\n<div class=\"asset-content\">\n<div class=\"base-wrapper-image\" style=\"padding-top:75%;\">\n<p>  <img decoding=\"async\" alt=\"Ventilador Ruido\" class=\"centro_sinmarco\" src=\"https:\/\/i.blogs.es\/944cf0\/ventilador-ruido\/450_1000.webp\"><\/p><\/div>\n<\/p><\/div>\n<\/div>\n<p>Para las pruebas y usado el micr\u00f3fono de un iPhone, y lo he hecho sobre una base junto al aparato. Los resultados de esas mediciones los ten\u00e9is bajo esta l\u00edneas, si bien ofrece un problema y es que el micr\u00f3fono no capta todo lo bien que deber\u00eda el sonido que sale del aire acondicionado. De hecho, pese a que los decibelios son casi calcados, <strong>en persona el ruido del humidificador se nota<\/strong> m\u00e1s.<\/p>\n<p><!-- BREAK 9 --><\/p>\n<div class=\"article-asset-image article-asset-normal\">\n<div class=\"asset-content\">\n<div class=\"caption-img \">\n<div class=\"base-wrapper-image\" style=\"padding-top:75%;\">\n<p>  <img decoding=\"async\" alt=\"Aire Seco\" class=\"centro_sinmarco\" src=\"https:\/\/i.blogs.es\/746e3e\/aire-seco\/450_1000.webp\"><\/p><\/div>\n<p>         <span>Aire seco y 31 dB<\/span>\n   <\/div>\n<\/p><\/div>\n<\/div>\n<div class=\"article-asset-image article-asset-normal\">\n<div class=\"asset-content\">\n<div class=\"caption-img \">\n<div class=\"base-wrapper-image\" style=\"padding-top:75%;\">\n<p>  <img decoding=\"async\" alt=\"Humidifica\" class=\"centro_sinmarco\" src=\"https:\/\/i.blogs.es\/05ae01\/humidifica\/450_1000.webp\"><\/p><\/div>\n<p>         <span>Humidificaci\u00f3n y 31 dB<\/span>\n   <\/div>\n<\/p><\/div>\n<\/div>\n<p>Para apreciar el ruido y de forma conjunta, he realizado otras pruebas en las que coloco el tel\u00e9fono justo delante del ventilador y ah\u00ed s\u00ed se aprecia mejor el ruido que hace con un nivel sonoro que <strong>var\u00eda si se usa la funci\u00f3n humidificaci\u00f3n o solo la del \u00abaire seco\u00bb<\/strong>. <\/p>\n<p><!-- BREAK 10 --><\/p>\n<div class=\"article-asset-video article-asset-normal\">\n<div class=\"asset-content\">\n<div class=\"base-asset-video\">\n<div class=\"js-dailymotion\">\n    <script type=\"application\/json\">\n           {\"videoId\":\"x8ca9lr\",\"autoplay\":true,\"title\":\"Ruido y decibelios\", \"tag\":\"Aire Acondicionado\"}\n         <\/script>\n   <\/div>\n<\/p><\/div>\n<\/p><\/div>\n<\/div>\n<p>No obstante he dicho todo esto, lo mejor es un v\u00eddeo en el que <strong>se aprecia el ruido que hace funcionando<\/strong>, tanto en la funci\u00f3n modificaci\u00f3n, la funci\u00f3n ventilaci\u00f3n y a las diferentes velocidades. <\/p>\n<p><!-- BREAK 11 --><\/p>\n<div class=\"article-asset-video article-asset-normal\">\n<div class=\"asset-content\">\n<div class=\"base-asset-video\">\n<div class=\"js-dailymotion\">\n    <script type=\"application\/json\">\n           {\"videoId\":\"x8ca9oi\",\"autoplay\":false,\"title\":\"Ruido\", \"tag\":\"Aire Acondicionado\"}\n         <\/script>\n   <\/div>\n<\/p><\/div>\n<\/p><\/div>\n<\/div>\n<p><strong>En mi caso, dormir con ese ruido es imposible<\/strong> y la opci\u00f3n de alejarlo no sirve porque entonces directamente no se aprecia el poco frescor que ofrece. De hecho, para dormir uso mi ventilador con modo noche que directamente no se oye y ofrece el mismo frescor.<\/p>\n<p><!-- BREAK 12 --><\/p>\n<div class=\"article-asset-summary article-asset-normal\">\n<div class=\"asset-content\">\n<div class=\"sumario\">Nada que ver con el nivel sonoro de un split y un aire acondicionado tradicional de los que podemos usar en casa. Este \u00abcacharro\u00bb se nota demasiado y no ayuda a conciliar el sue\u00f1o<\/div>\n<\/p><\/div>\n<\/div>\n<p><strong>Todo el control se lleva a cabo por medio de unos botones t\u00e1ctiles<\/strong> situados en la zona frontal superior del aparato. El tacto no es todo lo fino que cabr\u00eda esperar, aunque tampoco se puede decir que funcione mal.<\/p>\n<p><!-- BREAK 13 --><\/p>\n<p>Cuenta adem\u00e1s con un sistema de iluminaci\u00f3n LED gracias a eso, a <strong>un \u00fanico LED que es visible al quitar la tapadera del dep\u00f3sito de agua<\/strong>. Los colores van alternando, con siete posibilidades y aunque algo tosco, sirve para dar algo de luz en la oscuridad y poder orientarse&#8230; pero no para crear un sistema de iluminaci\u00f3n ambiental.<\/p>\n<p><!-- BREAK 14 --><\/p>\n<div class=\"article-asset-image article-asset-normal\">\n<div class=\"asset-content\">\n<div class=\"base-wrapper-image\" style=\"padding-top:75%;\">\n<p>  <img decoding=\"async\" alt=\"Ventilador Luz\" class=\"centro_sinmarco\" src=\"https:\/\/i.blogs.es\/7ffbba\/ventilador-luz\/450_1000.webp\"><\/p><\/div>\n<\/p><\/div>\n<\/div>\n<p>Posee un <strong>sistema de programaci\u00f3n con periodos de 2, 4, 6 y 8 horas<\/strong>, de forma que podemos usar el aire acondicionado sin temor a que este se quede encendido m\u00e1s tiempo del deseado. El s\u00f3lo se apaga pasado este tiempo.<\/p>\n<p><!-- BREAK 15 --><\/p>\n<h2>La opini\u00f3n de Xataka Home<\/h2>\n<p>Lo importante es tener claro lo que podemos esperar de este tipo de aparatos. Conectados por USB, de escasa potencia y escaso peso, no podemos exigir grandes prestaciones, sobre todo por el precio que tienen. <\/p>\n<p><!-- BREAK 16 --><\/p>\n<p>Dicho esto, <strong>creo que no es del todo correcto llamar a este tipo de dispositivo aire acondicionado<\/strong>, siendo lo m\u00e1s adecuado ventilador, puesto que como sistema de climatizaci\u00f3n no ofrece frescor m\u00e1s all\u00e1 del radio de cobertura de su rejilla frontal.<\/p>\n<p><!-- BREAK 17 --><\/p>\n<p><!-- PIVOT START -->\n<\/p>\n<div class=\"pivot-ecommerce-container\">\n<div class=\"pivot-ecommerce\">\n<div class=\"pivot-ecommerce-figure\">\n  <a href=\"https:\/\/www.xatakahome.com\/redirect?url=https%3A%2F%2Fwww.amazon.es%2Fdp%2FB09D34PLLH&amp;category=analisis&amp;pivot=1\"><br \/>\n   <img decoding=\"async\" alt=\"Aire Acondicionado Port\u00e1Til 4 en 1 Con Usb Air Conditioner Enfriador de Aire Humidificador Ventilador Con 7 Colores de Luz Nocturna, 4 Niveles Enfriador de Evaporaci\u00f3N, Blanco\" src=\"https:\/\/m.media-amazon.com\/images\/I\/51mnWcCqQQL._SL500_.webp\" onerror='this.src=\"https:\/\/m.media-amazon.com\/images\/I\/51mnWcCqQQL._SL500_.jpg\"'><br \/>\n  <\/a>\n  <\/div>\n<div class=\"pivot-ecommerce-summary\">\n<p class=\"pivot-ecommerce-desc\">Aire Acondicionado Port\u00e1Til 4 en 1 Con Usb Air Conditioner Enfriador de Aire Humidificador Ventilador Con 7 Colores de Luz Nocturna, 4 Niveles Enfriador de Evaporaci\u00f3N, Blanco<\/p>\n<div class=\"pivot-actions js-pivot-actions\">\n<div class=\"pivot-actions-row\">\n <a rel=\"nofollow noopener\" target=\"_blank\" data-asin=\"B09D34PLLH\" data-store=\"Amazon\" href=\"https:\/\/www.xatakahome.com\/redirect?url=https%3A%2F%2Fwww.amazon.es%2Fdp%2FB09D34PLLH&amp;category=analisis&amp;pivot=1\" title=\"Precio actualizado hoy\" class=\"pivot-action-primary js-pivot-action\">Hoy en Amazon por 36,99\u20ac<\/a>\n<\/div>\n<div class=\"pivot-actions-row\">\n <\/div>\n<\/p><\/div>\n<\/p><\/div>\n<\/p><\/div>\n<\/div>\n<p><!-- PIVOT END --><\/p>\n<p><script>\n (function() {\n  window._JS_MODULES = window._JS_MODULES || {};\n  var headElement = document.getElementsByTagName('head')[0];\n  if (_JS_MODULES.instagram) {\n   var instagramScript = document.createElement('script');\n   instagramScript.src = 'https:\/\/platform.instagram.com\/en_US\/embeds.js';\n   instagramScript.async = true;\n   instagramScript.defer = true;\n   headElement.appendChild(instagramScript);\n  }\n })();\n<\/script><\/p>\n<p> &#8211; <br \/> La noticia<br \/>\n      <a href=\"https:\/\/www.xatakahome.com\/analisis\/he-usado-aire-acondicionado-portatil-36-euros-para-intentar-refrescarme-ola-calor-este-resultado?utm_source=feedburner&amp;utm_medium=feed&amp;utm_campaign=15_Jul_2022\"><br \/>\n       <em> He usado un \u00abaire acondicionado port\u00e1til de 36 euros para intentar refrescarme en la ola de calor. Este es el resultado <\/em><br \/>\n      <\/a><br \/>\n      fue publicada originalmente en<br \/>\n      <a href=\"https:\/\/www.xatakahome.com\/?utm_source=feedburner&amp;utm_medium=feed&amp;utm_campaign=15_Jul_2022\"><br \/>\n       <strong> Xataka Smart Home <\/strong><br \/>\n      <\/a><br \/>\n            por <a href=\"https:\/\/www.xatakahome.com\/autor\/jose-antonio-carmona?utm_source=feedburner&amp;utm_medium=feed&amp;utm_campaign=15_Jul_2022\"><br \/>\n       Jose Antonio Carmona<br \/>\n      <\/a><br \/>\n      . <\/p>\n<div class=\"feedflare\">\n<a href=\"http:\/\/feeds.weblogssl.com\/~ff\/Xatakahome?a=IdO0F8VH9Nc:HTlEx137Wf0:yIl2AUoC8zA\"><img decoding=\"async\" src=\"http:\/\/feeds.feedburner.com\/~ff\/Xatakahome?d=yIl2AUoC8zA\" border=\"0\"><\/a>\n<\/div>\n<\/div>\n","protected":false},"excerpt":{"rendered":"<p>Para combatir el calor, he estado probando un aire acondicionado de los llamados port\u00e1tiles. Un modelo que se puede encontrar en Amazon por poco m\u00e1s de 36 euros y que enchufado a un USB (da igual si es desde un dispositivo o un cargador) ofrece varias funciones en un mismo dispositivo. El modelo en cuesti\u00f3n &hellip; <a href=\"https:\/\/domosistemas.com\/?p=17199\" class=\"more-link\">Sigue leyendo <span class=\"screen-reader-text\">He usado un \u00abaire acondicionado port\u00e1til de 36 euros para intentar refrescarme en la ola de calor. Este es el resultado<\/span><\/a><\/p>\n","protected":false},"author":1,"featured_media":0,"comment_status":"closed","ping_status":"closed","sticky":false,"template":"","format":"standard","meta":{"footnotes":""},"categories":[8],"tags":[],"class_list":["post-17199","post","type-post","status-publish","format-standard","hentry","category-xataka"],"_links":{"self":[{"href":"https:\/\/domosistemas.com\/index.php?rest_route=\/wp\/v2\/posts\/17199","targetHints":{"allow":["GET"]}}],"collection":[{"href":"https:\/\/domosistemas.com\/index.php?rest_route=\/wp\/v2\/posts"}],"about":[{"href":"https:\/\/domosistemas.com\/index.php?rest_route=\/wp\/v2\/types\/post"}],"author":[{"embeddable":true,"href":"https:\/\/domosistemas.com\/index.php?rest_route=\/wp\/v2\/users\/1"}],"replies":[{"embeddable":true,"href":"https:\/\/domosistemas.com\/index.php?rest_route=%2Fwp%2Fv2%2Fcomments&post=17199"}],"version-history":[{"count":0,"href":"https:\/\/domosistemas.com\/index.php?rest_route=\/wp\/v2\/posts\/17199\/revisions"}],"wp:attachment":[{"href":"https:\/\/domosistemas.com\/index.php?rest_route=%2Fwp%2Fv2%2Fmedia&parent=17199"}],"wp:term":[{"taxonomy":"category","embeddable":true,"href":"https:\/\/domosistemas.com\/index.php?rest_route=%2Fwp%2Fv2%2Fcategories&post=17199"},{"taxonomy":"post_tag","embeddable":true,"href":"https:\/\/domosistemas.com\/index.php?rest_route=%2Fwp%2Fv2%2Ftags&post=17199"}],"curies":[{"name":"wp","href":"https:\/\/api.w.org\/{rel}","templated":true}]}}