{"id":18106,"date":"2022-10-09T10:08:22","date_gmt":"2022-10-09T10:08:22","guid":{"rendered":"https:\/\/domosistemas.com\/?p=18106"},"modified":"2022-10-09T10:08:22","modified_gmt":"2022-10-09T10:08:22","slug":"he-calculado-cuanto-ahorras-si-siempre-usas-tus-electrodomesticos-en-la-hora-mas-barata-del-dia-este-ha-sido-el-resultado","status":"publish","type":"post","link":"https:\/\/domosistemas.com\/?p=18106","title":{"rendered":"He calculado cu\u00e1nto ahorras si siempre usas tus electrodom\u00e9sticos en la hora m\u00e1s barata del d\u00eda: este ha sido el resultado"},"content":{"rendered":"<div>\n<p>\n      <img decoding=\"async\" src=\"https:\/\/i.blogs.es\/52f6a1\/1366_2000\/1024_2000.jpg\" alt=\"He calculado cu\u00e1nto ahorras si siempre usas tus electrodom\u00e9sticos en la hora m\u00e1s barata del d\u00eda: este ha sido el resultado\">\n    <\/p>\n<\/p>\n<p>El <strong>precio de la electricidad<\/strong> sigue siendo una de las principales preocupaciones de muchos consumidores espa\u00f1oles que ven como <a href=\"https:\/\/www.xatakahome.com\/iluminacion-y-energia\/precio-luz-esta-hoy-disparado-esta-hora-barata-cara-para-encender-tus-electrodomesticos\">contin\u00faa subiendo imparable<\/a> a pesar de las diferentes medidas tomadas en los \u00faltimos meses por el Gobierno como el <a href=\"https:\/\/www.xatakahome.com\/iluminacion-y-energia\/que-tope-al-gas-medida-gobierno-que-entra-vigor-para-rebajar-factura-luz\">tope al gas<\/a> o la <a href=\"https:\/\/www.xatakahome.com\/iluminacion-y-energia\/gobierno-bajara-iva-luz-a-mitad-pasara-10-al-5-a-partir-proximo-sabado\">rebaja del IVA a la mitad<\/a>.<\/p>\n<p>Aunque los famosos <a href=\"https:\/\/www.xatakahome.com\/iluminacion-y-energia\/tramos-horarios-tarifa-luz-no-sirven-como-saber-cuando-barata-electricidad-cada-dia\">tramos horarios<\/a> establecidos el a\u00f1o pasado ya no est\u00e1n tan claros como al principio, lo cierto es que a lo largo del d\u00eda sigue habiendo <strong>variaciones muy importantes entre el precio de la electricidad<\/strong>, con <strong>horas donde sale mucho m\u00e1s cara<\/strong> y otras donde es m\u00e1s econ\u00f3mica.<!--more--><\/p>\n<\/p>\n<div class=\"article-asset article-asset-normal article-asset-center\">\n<div class=\"desvio-container\">\n<div class=\"desvio\">\n<div class=\"desvio-figure js-desvio-figure\">\n    <a href=\"https:\/\/www.xatakahome.com\/a-fondo\/cuales-electrodomesticos-dispositivos-que-consumen-casa-guia-para-ahorrar-nueva-factura-luz\"><br \/>\n     <img decoding=\"async\" alt=\"Cu\u00e1les son los electrodom\u00e9sticos y dispositivos que m\u00e1s energ\u00eda gastan en casa: gu\u00eda para ahorrar con la nueva factura de la luz\" src=\"https:\/\/i.blogs.es\/db5cd9\/ralph-ravi-kayden-jdbvxignfda-unsplash\/375_142.webp\" onerror='this.src=\"https:\/\/i.blogs.es\/db5cd9\/ralph-ravi-kayden-jdbvxignfda-unsplash\/375_142.jpg\"'><br \/>\n    <\/a>\n   <\/div>\n<div class=\"desvio-summary\">\n<div class=\"desvio-taxonomy js-desvio-taxonomy\">\n     <a href=\"https:\/\/www.xatakahome.com\/a-fondo\/cuales-electrodomesticos-dispositivos-que-consumen-casa-guia-para-ahorrar-nueva-factura-luz\" class=\"desvio-taxonomy-anchor\">En Xataka Smart Home<\/a>\n    <\/div>\n<p>    <a href=\"https:\/\/www.xatakahome.com\/a-fondo\/cuales-electrodomesticos-dispositivos-que-consumen-casa-guia-para-ahorrar-nueva-factura-luz\" class=\"desvio-title js-desvio-title\">Cu\u00e1les son los electrodom\u00e9sticos y dispositivos que m\u00e1s energ\u00eda gastan en casa: gu\u00eda para ahorrar con la nueva factura de la luz<\/a>\n   <\/div>\n<\/p><\/div>\n<\/p><\/div>\n<\/div>\n<p>Una situaci\u00f3n que se da tanto si tenemos tarifa regulada (PVPC) como libre <a href=\"https:\/\/www.xatakahome.com\/iluminacion-y-energia\/nuevo-cargo-ha-duplicado-mi-factura-luz-como-cuando-afectara-tope-al-gas-a-mi-tarifa\">gracias a la compensaci\u00f3n al gas<\/a>. De ah\u00ed que siga siendo importante elegir, siempre que sea posible, <strong>en qu\u00e9 horario vamos a conectar nuestros electrodom\u00e9sticos<\/strong>, sobre todo <a href=\"https:\/\/www.xatakahome.com\/a-fondo\/cuales-electrodomesticos-dispositivos-que-consumen-casa-guia-para-ahorrar-nueva-factura-luz\">los que m\u00e1s consumen<\/a> en nuestros hogares modernos.<\/p>\n<p>Es algo que hemos recomendado en otras ocasiones y que sin duda hemos escuchado sin parar en muchas tertulias por televisi\u00f3n, radio, etc. Sin embargo, \u00bf<strong>cu\u00e1nto podemos realmente ahorrar<\/strong> si seguimos este consejo y trasladamos el consumo de los electrodom\u00e9sticos que m\u00e1s gastan <strong>al horario m\u00e1s barato<\/strong> con respecto al m\u00e1s caro?, \u00bfson solo unos c\u00e9ntimos, unos euros al mes, es algo m\u00e1s? Hemos querido calcularlo.<\/p>\n<p><!-- BREAK 1 --><\/p>\n<div class=\"article-asset-video article-asset-normal\">\n<div class=\"asset-content\">\n<div class=\"base-asset-video\">\n<div class=\"js-dailymotion\">\n    <script type=\"application\/json\">\n           {\"videoId\":\"x88tf3k\",\"autoplay\":true,\"title\":\"AHORRA EN TU FACTURA DE LA LUZ: Las MEJORES OPCIONES para conocer los PRECIOS EN TU M\u00d3VIL\", \"tag\":\"webedia-prod\"}\n         <\/script>\n   <\/div>\n<\/p><\/div>\n<\/p><\/div>\n<\/div>\n<h2>Calculando el ahorro mensual<\/h2>\n<p>Para ello hemos ido a la <a href=\"https:\/\/www.esios.ree.es\/es\/pvpc\">web de Red El\u00e9ctrica Espa\u00f1ola<\/a> y buscado para cada d\u00eda del <strong>mes de septiembre de 2022<\/strong> el precio de la luz <strong>en la hora m\u00e1s cara<\/strong> y <strong>en la m\u00e1s barata del d\u00eda<\/strong>, anotando todos estos valores en una tabla.<\/p>\n<\/p>\n<div class=\"article-asset-image article-asset-normal\">\n<div class=\"asset-content\">\n<div class=\"caption-img \">\n<div class=\"base-wrapper-image\" style=\"padding-top:92.016376663255%;\">\n<p>  <img decoding=\"async\" alt=\"Tabla Total\" class=\"centro_sinmarco\" src=\"https:\/\/i.blogs.es\/9ba018\/tabla-total\/450_1000.webp\"><\/p><\/div>\n<p>         <span>Tabla con los horarios de la electricidad m\u00e1s caros y baratos de cada d\u00eda de septiembre de 2022<\/span>\n   <\/div>\n<\/p><\/div>\n<\/div>\n<p>Como podemos observar, las diferencias entre los precios para el peque\u00f1o consumidor suelen variar notablemente entre ambas horas, estando en general <strong>entre dos y tres veces m\u00e1s cara<\/strong> en los horarios punta que adem\u00e1s como vemos en la tabla se suelen situar con mayor frecuencia <strong>a partir de las 21:00<\/strong>.<\/p>\n<p><!-- BREAK 2 --><\/p>\n<p>Por su parte, los horarios m\u00e1s econ\u00f3micos suelen estar situados <strong>a partir de las 14:00 o 16:00 de la tarde<\/strong> y extenderse un par de horas, por lo que resultan adecuados para por ejemplo poner algunos electrodom\u00e9sticos como el lavavajillas despu\u00e9s de comer o la lavadora, que adem\u00e1s es posible dejar programados con anterioridad.<\/p>\n<p><!-- BREAK 3 --><\/p>\n<p>En la siguiente gr\u00e1fica podemos observar las <strong>diferencias de precios<\/strong> entre las horas m\u00e1s caras y m\u00e1s baratas para cada d\u00eda del mes, siendo el espacio entre ambas curvas el <strong>ahorro m\u00e1ximo que tendr\u00edamos<\/strong> cada d\u00eda <strong>eligiendo siempre la hora m\u00e1s econ\u00f3mica<\/strong>. \u00bfEs entonces mucho?<\/p>\n<p><!-- BREAK 4 --><\/p>\n<div class=\"article-asset-image article-asset-large\">\n<div class=\"asset-content\">\n<div class=\"caption-img \">\n<div class=\"base-wrapper-image\" style=\"padding-top:39.554485249849%;\">\n<p>  <img decoding=\"async\" alt=\"Grafica Total\" class=\"centro_sinmarco\" src=\"https:\/\/i.blogs.es\/745f50\/grafica-total\/450_1000.webp\"><\/p><\/div>\n<p>         <span>Gr\u00e1fica de precios con el horario m\u00e1s caro y el m\u00e1s barato de cada d\u00eda de septiembre de 2022<\/span>\n   <\/div>\n<\/p><\/div>\n<\/div>\n<p>Pues podemos calcularlo usando los datos recogidos anteriormente <strong>para cada kilovatio hora que gastemos<\/strong> trasladando dicho consumo al horario m\u00e1s econ\u00f3mico y comparado con respecto al m\u00e1s caro. Esto nos da una interesantes cifras que mostramos en la siguiente tabla:<\/p>\n<p><!-- BREAK 5 --><\/p>\n<div class=\"article-asset-image article-asset-normal\">\n<div class=\"asset-content\">\n<div class=\"base-wrapper-image\" style=\"padding-top:17.010309278351%;\">\n<p>  <img decoding=\"async\" alt=\"Tabla Ahorro\" class=\"centro_sinmarco\" src=\"https:\/\/i.blogs.es\/2a5bff\/tabla-ahorro\/450_1000.webp\"><\/p><\/div>\n<\/p><\/div>\n<\/div>\n<p>Como vemos, si hacemos un <strong>gasto de kilovatios diarios peque\u00f1o<\/strong> (por ejemplo solo poner solo un lavavajillas que suele necesitar alrededor de 1 kWh, una lavadora o algo similar), trasladar el consumo a la hora m\u00e1s barata de cada d\u00eda <strong>nos ahorrar\u00e1 solo unos 6 euros al mes<\/strong>. <\/p>\n<p><!-- BREAK 6 --><\/p>\n<p>Sin embargo, a medida que nuestro consumo aumenta, el ahorro se vuelve m\u00e1s importante <strong>sobrepasando los 25 euros al mes<\/strong> en el caso de usar unos 4 kWh cada d\u00eda en ese horario (por ejemplo para cocinar con vitrocer\u00e1mica, poner una lavadora, el lavavajillas o incluso planchar).<\/p>\n<p><!-- BREAK 7 --><\/p>\n<p>Por supuesto, todos estos c\u00e1lculos est\u00e1n hechos para el mes de septiembre de 2022 y l\u00f3gicamente variar\u00e1n en otros meses, pero sirven para hacernos a la idea de que efectivamente, <strong>si podemos trasladar nuestros picos de consumo<\/strong> a la hora con el precio de la electricidad m\u00e1s barato del d\u00eda, <strong>el ahorro mensual y anual es muy importante<\/strong>.<\/p>\n<p><!-- BREAK 8 --><script>\n (function() {\n  window._JS_MODULES = window._JS_MODULES || {};\n  var headElement = document.getElementsByTagName('head')[0];\n  if (_JS_MODULES.instagram) {\n   var instagramScript = document.createElement('script');\n   instagramScript.src = 'https:\/\/platform.instagram.com\/en_US\/embeds.js';\n   instagramScript.async = true;\n   instagramScript.defer = true;\n   headElement.appendChild(instagramScript);\n  }\n })();\n<\/script><\/p>\n<p> &#8211; <br \/> La noticia<br \/>\n      <a href=\"https:\/\/www.xatakahome.com\/a-fondo\/he-calculado-ahorro-usar-siempre-tus-electrodomesticos-hora-barata-dia-resultado-me-ha-sorprendido?utm_source=feedburner&amp;utm_medium=feed&amp;utm_campaign=09_Oct_2022\"><br \/>\n       <em> He calculado cu\u00e1nto ahorras si siempre usas tus electrodom\u00e9sticos en la hora m\u00e1s barata del d\u00eda: este ha sido el resultado <\/em><br \/>\n      <\/a><br \/>\n      fue publicada originalmente en<br \/>\n      <a href=\"https:\/\/www.xatakahome.com\/?utm_source=feedburner&amp;utm_medium=feed&amp;utm_campaign=09_Oct_2022\"><br \/>\n       <strong> Xataka Smart Home <\/strong><br \/>\n      <\/a><br \/>\n            por <a href=\"https:\/\/www.xatakahome.com\/autor\/paco-rodriguez?utm_source=feedburner&amp;utm_medium=feed&amp;utm_campaign=09_Oct_2022\"><br \/>\n       Paco Rodriguez<br \/>\n      <\/a><br \/>\n      . <\/p>\n<\/div>\n","protected":false},"excerpt":{"rendered":"<p>El precio de la electricidad sigue siendo una de las principales preocupaciones de muchos consumidores espa\u00f1oles que ven como contin\u00faa subiendo imparable a pesar de las diferentes medidas tomadas en los \u00faltimos meses por el Gobierno como el tope al gas o la rebaja del IVA a la mitad. Aunque los famosos tramos horarios establecidos &hellip; <a href=\"https:\/\/domosistemas.com\/?p=18106\" class=\"more-link\">Sigue leyendo <span class=\"screen-reader-text\">He calculado cu\u00e1nto ahorras si siempre usas tus electrodom\u00e9sticos en la hora m\u00e1s barata del d\u00eda: este ha sido el resultado<\/span><\/a><\/p>\n","protected":false},"author":1,"featured_media":0,"comment_status":"closed","ping_status":"closed","sticky":false,"template":"","format":"standard","meta":{"footnotes":""},"categories":[8],"tags":[],"class_list":["post-18106","post","type-post","status-publish","format-standard","hentry","category-xataka"],"_links":{"self":[{"href":"https:\/\/domosistemas.com\/index.php?rest_route=\/wp\/v2\/posts\/18106","targetHints":{"allow":["GET"]}}],"collection":[{"href":"https:\/\/domosistemas.com\/index.php?rest_route=\/wp\/v2\/posts"}],"about":[{"href":"https:\/\/domosistemas.com\/index.php?rest_route=\/wp\/v2\/types\/post"}],"author":[{"embeddable":true,"href":"https:\/\/domosistemas.com\/index.php?rest_route=\/wp\/v2\/users\/1"}],"replies":[{"embeddable":true,"href":"https:\/\/domosistemas.com\/index.php?rest_route=%2Fwp%2Fv2%2Fcomments&post=18106"}],"version-history":[{"count":0,"href":"https:\/\/domosistemas.com\/index.php?rest_route=\/wp\/v2\/posts\/18106\/revisions"}],"wp:attachment":[{"href":"https:\/\/domosistemas.com\/index.php?rest_route=%2Fwp%2Fv2%2Fmedia&parent=18106"}],"wp:term":[{"taxonomy":"category","embeddable":true,"href":"https:\/\/domosistemas.com\/index.php?rest_route=%2Fwp%2Fv2%2Fcategories&post=18106"},{"taxonomy":"post_tag","embeddable":true,"href":"https:\/\/domosistemas.com\/index.php?rest_route=%2Fwp%2Fv2%2Ftags&post=18106"}],"curies":[{"name":"wp","href":"https:\/\/api.w.org\/{rel}","templated":true}]}}