{"id":18109,"date":"2022-10-10T02:00:15","date_gmt":"2022-10-10T02:00:15","guid":{"rendered":"https:\/\/domosistemas.com\/?p=18109"},"modified":"2022-10-10T02:00:15","modified_gmt":"2022-10-10T02:00:15","slug":"abierta-la-inscripcion-para-la-nueva-edicion-de-la-feria-integrated-systems-europe","status":"publish","type":"post","link":"https:\/\/domosistemas.com\/?p=18109","title":{"rendered":"Abierta la inscripci\u00f3n para la nueva edici\u00f3n de la feria Integrated Systems Europe"},"content":{"rendered":"<div>\n<p>El organizador Integrated Systems Events ha anunciado que ya est\u00e1 abierta la inscripci\u00f3n para asistir a la nueva edici\u00f3n de Integrated Systems Europe (<a href=\"https:\/\/www.iseurope.org\/\" target=\"_blank\" rel=\"noopener sponsored\">ISE<\/a>), que se celebrar\u00e1 del 31 de enero al 3 de febrero de 2023 en Fira Barcelona Gran V\u00eda. A poco m\u00e1s de cuatro meses del d\u00eda de su inauguraci\u00f3n, ISE 2023 ya cuenta con m\u00e1s de 52.000 m\u00b2 de superficie reservada, un 30% m\u00e1s que la superficie expositora de 2022.<\/p>\n<figure id=\"attachment_112728\" aria-describedby=\"caption-attachment-112728\" style=\"width: 800px\" class=\"wp-caption aligncenter\"><img decoding=\"async\" loading=\"lazy\" class=\"size-full wp-image-112728\" src=\"https:\/\/static.casadomo.com\/media\/2022\/10\/ise-abiertas-incripciones-nueva-edicion-2023.png\" alt=\"ISE 2022.\" width=\"800\" height=\"343\" srcset=\"https:\/\/static.casadomo.com\/media\/2022\/10\/ise-abiertas-incripciones-nueva-edicion-2023.png 800w, https:\/\/static.casadomo.com\/media\/2022\/10\/ise-abiertas-incripciones-nueva-edicion-2023-300x129.png 300w, https:\/\/static.casadomo.com\/media\/2022\/10\/ise-abiertas-incripciones-nueva-edicion-2023-768x329.png 768w, https:\/\/static.casadomo.com\/media\/2022\/10\/ise-abiertas-incripciones-nueva-edicion-2023-180x77.png 180w\" sizes=\"auto, (max-width: 800px) 100vw, 800px\"><figcaption id=\"caption-attachment-112728\" class=\"wp-caption-text\">La nueva edici\u00f3n de ISE se celebrar\u00e1 del 31 de enero al 3 de febrero de 2023 en Fira Barcelona Gran V\u00eda.<\/figcaption><\/figure>\n<p>El evento ser\u00e1 la plataforma de lanzamiento para una gran cantidad de nuevas tecnolog\u00edas, a la vez que ofrecer\u00e1 un programa de conferencias para la reflexi\u00f3n y contar\u00e1 con sesiones keynote durante toda la semana.<\/p>\n<p><a href=\"https:\/\/www.casadomo.com\/2021\/10\/26\/mike-blackman-integrated-systems-events-managing-director\">Mike Blackman<\/a>, director general de Integrated Systems Events, comenta que \u201cestamos ansiosos por volver a Barcelona con ISE 2023. El show de este a\u00f1o super\u00f3 las expectativas y esperamos un evento m\u00e1s grande e incluso mejor en Fira Barcelona Gran V\u00eda en enero de 2023. La zona expositiva ya est\u00e1 repleta de marcas l\u00edderes en la industria y estamos trabajando duro para garantizar que, una vez m\u00e1s, ISE supere las expectativas\u201d.<\/p>\n<h2>Seis zonas tecnol\u00f3gicas<\/h2>\n<p>ISE re\u00fane a los sectores principales que conforman la industria audiovisual (AV) global. Hasta el momento, m\u00e1s de 700 empresas ya se han comprometido a exhibir y, junto con expositores emblem\u00e1ticos de larga data, ISE 2023 ver\u00e1 a varias marcas nuevas que har\u00e1n su debut en el show.<\/p>\n<p>Respecto a la distribuci\u00f3n de los stands, ISE 2023 contar\u00e1 con seis zonas tecnol\u00f3gicas: Comunicaciones Unificadas y Tecnolog\u00eda Educativa (Pabell\u00f3n 2), Residencial y Edificios Inteligentes (Pabell\u00f3n 2), Multitecnolog\u00eda (Pabellones 3 y 5), Audio (Pabell\u00f3n 7) y nuevas Suites de Demostraci\u00f3n de Audio (Pabell\u00f3n 8), Se\u00f1alizaci\u00f3n Digital y DooH (Pabell\u00f3n 6), e Iluminaci\u00f3n y Staging (Pabell\u00f3n 7).<\/p>\n<h2>Nuevo escenario para las conferencias<\/h2>\n<p>El programa de conferencias de ISE regresa en 2023 en un nuevo escenario. Tendr\u00e1 lugar en las modernas salas de conferencias especialmente dise\u00f1adas en las \u00e1reas CC4 y CC5 en el nivel superior de Fira Gran V\u00eda.<\/p>\n<p>El cronograma incluye un programa informativo de contenido en espa\u00f1ol que cubre todos los aspectos de la industria de integraci\u00f3n de sistemas y AV profesional, as\u00ed como sesiones para cubrir temas que invitan a la reflexi\u00f3n, tendencias del mercado y ponentes inspiradores.<\/p>\n<p>Por otro lado, los visitantes pueden reservar alojamiento de forma r\u00e1pida y sencilla, ya que ISE se ha asociado una vez m\u00e1s con el especialista en viajes <a href=\"https:\/\/isehotels.bnetwork.com\/\" target=\"_blank\" rel=\"nofollow noopener\">bnetwork<\/a> para ofrecer una amplia gama de opciones de alojamiento en Barcelona.<\/p>\n<p>La entrada <a rel=\"nofollow\" href=\"https:\/\/www.casadomo.com\/2022\/10\/10\/abierta-inscripcion-nueva-edicion-feria-integrated-systems-europe\">Abierta la inscripci\u00f3n para la nueva edici\u00f3n de la feria Integrated Systems Europe<\/a> aparece primero en <a rel=\"nofollow\" href=\"https:\/\/www.casadomo.com\/\">CASADOMO<\/a>.<\/p>\n<\/div>\n","protected":false},"excerpt":{"rendered":"<p>El organizador Integrated Systems Events ha anunciado que ya est\u00e1 abierta la inscripci\u00f3n para asistir a la nueva edici\u00f3n de Integrated Systems Europe (ISE), que se celebrar\u00e1 del 31 de enero al 3 de febrero de 2023 en Fira Barcelona Gran V\u00eda. A poco m\u00e1s de cuatro meses del d\u00eda de su inauguraci\u00f3n, ISE 2023 &hellip; <a href=\"https:\/\/domosistemas.com\/?p=18109\" class=\"more-link\">Sigue leyendo <span class=\"screen-reader-text\">Abierta la inscripci\u00f3n para la nueva edici\u00f3n de la feria Integrated Systems Europe<\/span><\/a><\/p>\n","protected":false},"author":1,"featured_media":0,"comment_status":"closed","ping_status":"closed","sticky":false,"template":"","format":"standard","meta":{"footnotes":""},"categories":[3],"tags":[],"class_list":["post-18109","post","type-post","status-publish","format-standard","hentry","category-casadomo-com"],"_links":{"self":[{"href":"https:\/\/domosistemas.com\/index.php?rest_route=\/wp\/v2\/posts\/18109","targetHints":{"allow":["GET"]}}],"collection":[{"href":"https:\/\/domosistemas.com\/index.php?rest_route=\/wp\/v2\/posts"}],"about":[{"href":"https:\/\/domosistemas.com\/index.php?rest_route=\/wp\/v2\/types\/post"}],"author":[{"embeddable":true,"href":"https:\/\/domosistemas.com\/index.php?rest_route=\/wp\/v2\/users\/1"}],"replies":[{"embeddable":true,"href":"https:\/\/domosistemas.com\/index.php?rest_route=%2Fwp%2Fv2%2Fcomments&post=18109"}],"version-history":[{"count":0,"href":"https:\/\/domosistemas.com\/index.php?rest_route=\/wp\/v2\/posts\/18109\/revisions"}],"wp:attachment":[{"href":"https:\/\/domosistemas.com\/index.php?rest_route=%2Fwp%2Fv2%2Fmedia&parent=18109"}],"wp:term":[{"taxonomy":"category","embeddable":true,"href":"https:\/\/domosistemas.com\/index.php?rest_route=%2Fwp%2Fv2%2Fcategories&post=18109"},{"taxonomy":"post_tag","embeddable":true,"href":"https:\/\/domosistemas.com\/index.php?rest_route=%2Fwp%2Fv2%2Ftags&post=18109"}],"curies":[{"name":"wp","href":"https:\/\/api.w.org\/{rel}","templated":true}]}}