{"id":18139,"date":"2022-10-11T10:08:53","date_gmt":"2022-10-11T10:08:53","guid":{"rendered":"https:\/\/domosistemas.com\/?p=18139"},"modified":"2022-10-11T10:08:53","modified_gmt":"2022-10-11T10:08:53","slug":"he-comprobado-cuales-son-realmente-los-horarios-mas-baratos-y-caros-en-el-precio-de-la-luz-este-ha-sido-el-resultado","status":"publish","type":"post","link":"https:\/\/domosistemas.com\/?p=18139","title":{"rendered":"He comprobado cu\u00e1les son realmente los horarios m\u00e1s baratos y caros en el precio de la luz: este ha sido el resultado"},"content":{"rendered":"<div>\n<p>\n      <img decoding=\"async\" src=\"https:\/\/i.blogs.es\/357583\/1366_2000hras-mas-baratas\/1024_2000.jpg\" alt=\"He comprobado cu\u00e1les son realmente los horarios m\u00e1s baratos y caros en el precio de la luz: este ha sido el resultado\">\n    <\/p>\n<\/p>\n<p>Hace unos d\u00edas <a href=\"https:\/\/www.xatakahome.com\/a-fondo\/he-calculado-ahorro-usar-siempre-tus-electrodomesticos-hora-barata-dia-resultado-me-ha-sorprendido\">ve\u00edamos cu\u00e1nto podemos llegar a ahorrar<\/a> si escogemos <strong>encender nuestros electrodom\u00e9sticos<\/strong>, y especialmente los que m\u00e1s consumen, siempre en la hora del d\u00eda en la que <strong>el precio de la luz es el m\u00e1s barato<\/strong>.<\/p>\n<p>El ahorro puede llegar a ser considerable sobre todo si hacemos un <strong>uso diario intensivo de la electricidad<\/strong> porque por ejemplo utilizamos una placa de cocina de tipo <a href=\"https:\/\/www.xatakahome.com\/electrodomesticos-innovadores\/induccion-vitro-gas-que-elegir-para-cambiar-cocina\">vitrocer\u00e1mica o de inducci\u00f3n<\/a>, un horno, tenemos radiadores el\u00e9ctricos, climatizadores, ponemos lavadoras y lavavajillas todos los d\u00edas, etc.<!--more--><\/p>\n<p>El problema es que para poder planificar este encendido en la hora m\u00e1s barata de cada d\u00eda tenemos que conocer precisamente eso, <strong>cu\u00e1l ser\u00e1 la hora m\u00e1s econ\u00f3mica<\/strong> de ese d\u00eda o a ser posible del d\u00eda siguiente, algo que como ya <a href=\"https:\/\/www.xatakahome.com\/a-fondo\/como-saber-que-precio-tendra-luz-manana-tienes-tarifa-mercado-libre-como-regulado\">vimos a fondo en su momento<\/a> es posible saber consultando diferentes p\u00e1ginas y servicios online.<\/p>\n<p>Sin embargo, si no queremos o no podemos estar consultado esta informaci\u00f3n todos los d\u00edas todav\u00eda hay algo que a\u00fan as\u00ed podemos hacer, y es tener en mente <strong>cu\u00e1les son los horarios generalmente m\u00e1s caros y los m\u00e1s econ\u00f3micos<\/strong> para poner en marcha nuestros aparatos. Es algo que en teor\u00eda deber\u00eda estar claro con los <a href=\"https:\/\/www.xatakahome.com\/iluminacion-y-energia\/hoy-entra-vigor-nueva-factura-luz-estas-horas-donde-tu-consumo-electrico-sera-barato\">tramos horarios establecidos por el Gobierno<\/a> el a\u00f1o pasado, pero como hemos visto m\u00e1s en profundidad en <a href=\"https:\/\/www.xatakahome.com\/iluminacion-y-energia\/poner-lavadora-a-doce-para-ahorrar-luz-no-mejor-opcion-tramos-horarios-ahora-confusos-que-nunca\">este art\u00edculo<\/a> ya no son del todo fiables.<\/p>\n<\/p>\n<div class=\"article-asset-video article-asset-normal\">\n<div class=\"asset-content\">\n<div class=\"base-asset-video\">\n<div class=\"js-dailymotion\">\n    <script type=\"application\/json\">\n           {\"videoId\":\"x88tf3k\",\"autoplay\":true,\"title\":\"AHORRA EN TU FACTURA DE LA LUZ: Las MEJORES OPCIONES para conocer los PRECIOS EN TU M\u00d3VIL\", \"tag\":\"webedia-prod\"}\n         <\/script>\n   <\/div>\n<\/p><\/div>\n<\/p><\/div>\n<\/div>\n<h2>Cu\u00e1les suelen ser las horas m\u00e1s caras y baratas del d\u00eda<\/h2>\n<p>Para poder tener una idea de cu\u00e1les suelen ser las horas m\u00e1s caras y las m\u00e1s baratas del d\u00eda vamos a recurrir a <strong>estudiar el mes de septiembre de 2022<\/strong>. Para ello hemos ido a la <a href=\"https:\/\/www.esios.ree.es\/es\/pvpc\">web de Red El\u00e9ctrica Espa\u00f1ola<\/a> y buscado para cada d\u00eda del mes el precio de la luz en la hora m\u00e1s cara y en la m\u00e1s barata del d\u00eda, anotando todos estos valores en una tabla.<\/p>\n<\/p>\n<div class=\"article-asset-image article-asset-normal\">\n<div class=\"asset-content\">\n<div class=\"base-wrapper-image\" style=\"padding-top:92.016376663255%;\">\n<p>  <img decoding=\"async\" alt=\"Tabla Total\" class=\"centro_sinmarco\" src=\"https:\/\/i.blogs.es\/f6465d\/tabla-total\/450_1000.webp\"><\/p><\/div>\n<\/p><\/div>\n<\/div>\n<p>Como podemos observar, en cuanto a la hora m\u00e1s econ\u00f3mica, <strong>se ha repetido durante 10 veces la franja de 16:00 a 17:00<\/strong>, seguida de 8 veces en el caso de la franja de 14:00 a 15:00 horas, lo que coincide con una parte del tramo llano comprendido entre las 14:00 y las 18:00 horas, pero en general <strong>no con las horas \u00abvalle\u00bb<\/strong> que en d\u00edas laborables comenzaban a las 00:00 de la noche hasta las 08:00 de la ma\u00f1ana.<\/p>\n<p><!-- BREAK 1 --><\/p>\n<div class=\"article-asset-image article-asset-normal\">\n<div class=\"asset-content\">\n<div class=\"caption-img \">\n<div class=\"base-wrapper-image\" style=\"padding-top:61.764705882353%;\">\n<p>  <img decoding=\"async\" alt=\"tramos\" class=\"centro_sinmarco\" src=\"https:\/\/i.blogs.es\/44a27e\/1366_2000horarios\/450_1000.webp\"><\/p><\/div>\n<p>         <span>Tramos horarios oficiales punta, llano y valle<\/span>\n   <\/div>\n<\/p><\/div>\n<\/div>\n<p>Si lo que queremos es evitar las horas m\u00e1s caras del d\u00eda, la que m\u00e1s se repite el pasado mes de septiembre es la que se sit\u00faa en la <strong>franja de las 21:00 a las 22:00 horas<\/strong>, con nada menos que 18 veces en todo el mes. Luego le siguen la franja de las 20:00 a las 21:00 otros 6 d\u00edas. Esto nos da en general una franja total m\u00e1s cara la mayor\u00eda de los d\u00edas de <strong>entre las 20:00 y las 22:00<\/strong>, que coincide parcialmente con el horario punta y llano de los tramos oficiales. <\/p>\n<p><!-- BREAK 2 --><\/p>\n<div class=\"article-asset-image article-asset-normal\">\n<div class=\"asset-content\">\n<div class=\"caption-img \">\n<p>  <img decoding=\"async\" alt=\"tramos\" class=\"centro_sinmarco\" src=\"https:\/\/i.blogs.es\/b27132\/1366_2000horarios-precios-luz\/450_1000.webp\"><\/p>\n<p>               <span>Tramos horarios actuales reales<\/span>\n   <\/div>\n<\/p><\/div>\n<\/div>\n<p>En cuanto a los fines de semana y festivos, la teor\u00eda nos dec\u00eda que <strong>eran todos en tarifa valle<\/strong>, es decir, el precio m\u00e1s econ\u00f3mico, algo que se cumpli\u00f3 los primeros meses de entrar en vigor la nueva factura el\u00e9ctrica. Sin embargo, ahora tenemos altibajos que muestran ciertos picos de precios entre las 20:00-21:00 horas algunos d\u00edas y otros donde son en las madrugadas cuando alcanzamos los precios m\u00e1s elevados.<\/p>\n<p><!-- BREAK 3 --><\/p>\n<div class=\"article-asset article-asset-normal article-asset-center\">\n<div class=\"desvio-container\">\n<div class=\"desvio\">\n<div class=\"desvio-figure js-desvio-figure\">\n    <a href=\"https:\/\/www.xatakahome.com\/iluminacion-y-energia\/poner-lavadora-a-doce-para-ahorrar-luz-no-mejor-opcion-tramos-horarios-ahora-confusos-que-nunca\"><br \/>\n     <img decoding=\"async\" alt=\"Poner la lavadora a las doce para ahorrar luz ya no es la mejor opci\u00f3n: los tramos horarios son ahora m\u00e1s confusos que nunca\" src=\"https:\/\/i.blogs.es\/3b7aa8\/1366_2000\/375_142.webp\" onerror='this.src=\"https:\/\/i.blogs.es\/3b7aa8\/1366_2000\/375_142.jpg\"'><br \/>\n    <\/a>\n   <\/div>\n<div class=\"desvio-summary\">\n<div class=\"desvio-taxonomy js-desvio-taxonomy\">\n     <a href=\"https:\/\/www.xatakahome.com\/iluminacion-y-energia\/poner-lavadora-a-doce-para-ahorrar-luz-no-mejor-opcion-tramos-horarios-ahora-confusos-que-nunca\" class=\"desvio-taxonomy-anchor\">En Xataka Smart Home<\/a>\n    <\/div>\n<p>    <a href=\"https:\/\/www.xatakahome.com\/iluminacion-y-energia\/poner-lavadora-a-doce-para-ahorrar-luz-no-mejor-opcion-tramos-horarios-ahora-confusos-que-nunca\" class=\"desvio-title js-desvio-title\">Poner la lavadora a las doce para ahorrar luz ya no es la mejor opci\u00f3n: los tramos horarios son ahora m\u00e1s confusos que nunca<\/a>\n   <\/div>\n<\/p><\/div>\n<\/p><\/div>\n<\/div>\n<p>Es decir, atendiendo a los datos del mes de septiembre de 2022, en general la mayor\u00eda de los d\u00edas las horas con el precio de la electricidad m\u00e1s barato se han situado en la <strong>franja que va de las 14:00 a las 17:00 de la tarde<\/strong>. Por su parte, el horario m\u00e1s caro ha estado en la franja que comprende de las <strong>20:00 a las 22:00<\/strong>.<\/p>\n<p><!-- BREAK 4 --><script>\n (function() {\n  window._JS_MODULES = window._JS_MODULES || {};\n  var headElement = document.getElementsByTagName('head')[0];\n  if (_JS_MODULES.instagram) {\n   var instagramScript = document.createElement('script');\n   instagramScript.src = 'https:\/\/platform.instagram.com\/en_US\/embeds.js';\n   instagramScript.async = true;\n   instagramScript.defer = true;\n   headElement.appendChild(instagramScript);\n  }\n })();\n<\/script><\/p>\n<p> &#8211; <br \/> La noticia<br \/>\n      <a href=\"https:\/\/www.xatakahome.com\/a-fondo\/he-comprobado-cuales-realmente-horarios-baratos-caros-precio-luz-este-ha-sido-resultado?utm_source=feedburner&amp;utm_medium=feed&amp;utm_campaign=11_Oct_2022\"><br \/>\n       <em> He comprobado cu\u00e1les son realmente los horarios m\u00e1s baratos y caros en el precio de la luz: este ha sido el resultado <\/em><br \/>\n      <\/a><br \/>\n      fue publicada originalmente en<br \/>\n      <a href=\"https:\/\/www.xatakahome.com\/?utm_source=feedburner&amp;utm_medium=feed&amp;utm_campaign=11_Oct_2022\"><br \/>\n       <strong> Xataka Smart Home <\/strong><br \/>\n      <\/a><br \/>\n            por <a href=\"https:\/\/www.xatakahome.com\/autor\/paco-rodriguez?utm_source=feedburner&amp;utm_medium=feed&amp;utm_campaign=11_Oct_2022\"><br \/>\n       Paco Rodriguez<br \/>\n      <\/a><br \/>\n      . <\/p>\n<\/div>\n","protected":false},"excerpt":{"rendered":"<p>Hace unos d\u00edas ve\u00edamos cu\u00e1nto podemos llegar a ahorrar si escogemos encender nuestros electrodom\u00e9sticos, y especialmente los que m\u00e1s consumen, siempre en la hora del d\u00eda en la que el precio de la luz es el m\u00e1s barato. El ahorro puede llegar a ser considerable sobre todo si hacemos un uso diario intensivo de la &hellip; <a href=\"https:\/\/domosistemas.com\/?p=18139\" class=\"more-link\">Sigue leyendo <span class=\"screen-reader-text\">He comprobado cu\u00e1les son realmente los horarios m\u00e1s baratos y caros en el precio de la luz: este ha sido el resultado<\/span><\/a><\/p>\n","protected":false},"author":1,"featured_media":0,"comment_status":"closed","ping_status":"closed","sticky":false,"template":"","format":"standard","meta":{"footnotes":""},"categories":[8],"tags":[],"class_list":["post-18139","post","type-post","status-publish","format-standard","hentry","category-xataka"],"_links":{"self":[{"href":"https:\/\/domosistemas.com\/index.php?rest_route=\/wp\/v2\/posts\/18139","targetHints":{"allow":["GET"]}}],"collection":[{"href":"https:\/\/domosistemas.com\/index.php?rest_route=\/wp\/v2\/posts"}],"about":[{"href":"https:\/\/domosistemas.com\/index.php?rest_route=\/wp\/v2\/types\/post"}],"author":[{"embeddable":true,"href":"https:\/\/domosistemas.com\/index.php?rest_route=\/wp\/v2\/users\/1"}],"replies":[{"embeddable":true,"href":"https:\/\/domosistemas.com\/index.php?rest_route=%2Fwp%2Fv2%2Fcomments&post=18139"}],"version-history":[{"count":0,"href":"https:\/\/domosistemas.com\/index.php?rest_route=\/wp\/v2\/posts\/18139\/revisions"}],"wp:attachment":[{"href":"https:\/\/domosistemas.com\/index.php?rest_route=%2Fwp%2Fv2%2Fmedia&parent=18139"}],"wp:term":[{"taxonomy":"category","embeddable":true,"href":"https:\/\/domosistemas.com\/index.php?rest_route=%2Fwp%2Fv2%2Fcategories&post=18139"},{"taxonomy":"post_tag","embeddable":true,"href":"https:\/\/domosistemas.com\/index.php?rest_route=%2Fwp%2Fv2%2Ftags&post=18139"}],"curies":[{"name":"wp","href":"https:\/\/api.w.org\/{rel}","templated":true}]}}