{"id":18153,"date":"2022-10-12T09:28:59","date_gmt":"2022-10-12T09:28:59","guid":{"rendered":"https:\/\/domosistemas.com\/?p=18153"},"modified":"2022-10-12T09:28:59","modified_gmt":"2022-10-12T09:28:59","slug":"pronto-sabras-cuanta-luz-gastan-tus-vecinos-el-gobierno-ha-aprobado-el-plan-se-para-lograr-una-factura-electrica-mas-clara","status":"publish","type":"post","link":"https:\/\/domosistemas.com\/?p=18153","title":{"rendered":"Pronto sabr\u00e1s cu\u00e1nta luz gastan tus vecinos: el Gobierno ha aprobado el \u00abPlan +SE\u00bb para lograr una factura el\u00e9ctrica m\u00e1s clara"},"content":{"rendered":"<div>\n<p>\n      <img decoding=\"async\" src=\"https:\/\/i.blogs.es\/e80e99\/4a330a47-240d-4205-ab9b-b437dc579feb_tcm30-546384\/1024_2000.png\" alt=\"Pronto sabr\u00e1s cu\u00e1nta luz gastan tus vecinos: el Gobierno ha aprobado el \" plan para lograr una factura el m clara>\n    <\/p>\n<\/p>\n<p>A lo largo del \u00faltimo a\u00f1o la imparable <a href=\"https:\/\/www.xataka.com\/energia\/precio-electricidad-caro-historia-manana-tarde-se-pagara-a-700-eur-mwh\">subida en la factura de la luz y del gas<\/a> ha hecho que <strong>pagar estos suministros b\u00e1sicos<\/strong> se convierta en una de las grandes preocupaciones de muchas familias espa\u00f1olas, a pesar de las diferentes medidas del Gobierno y de los <a href=\"https:\/\/www.xatakahome.com\/iluminacion-y-energia\/siete-sencillas-medidas-que-estamos-tomando-casa-para-ahorrar-nueva-factura-luz\">trucos de ahorro que apliquemos en casa<\/a> para tratar de rebajar el importe a final de mes.<\/p>\n<p>De ah\u00ed que el El Consejo de Ministros, a petici\u00f3n del Ministerio para la Transici\u00f3n Energ\u00e9tica y el Reto Demogr\u00e1fico (MITECO), haya aprobado ayer una nueva propuesta para contener estos elevados precios que han bautizado como el <strong>Plan M\u00e1s Seguridad Energ\u00e9tica (+SE)<\/strong>.<!--more--><\/p>\n<p>Seg\u00fan han comentado durante la presentaci\u00f3n del Plan, la idea del Ejecutivo es <strong>\u00abincrementar la protecci\u00f3n de la poblaci\u00f3n\u00bb<\/strong> frente a la crisis de precios logrando tambi\u00e9n una reducci\u00f3n en el consumo de gas del pa\u00eds <strong>entre un 5,1% y un 13,5%<\/strong>, mejorando la autonom\u00eda energ\u00e9tica y al mismo tiempo aumentando las exportaciones energ\u00e9ticas con el resto de la UE.<\/p>\n<p><!-- BREAK 1 --><\/p>\n<div class=\"article-asset article-asset-normal article-asset-center\">\n<div class=\"desvio-container\">\n<div class=\"desvio\">\n<div class=\"desvio-figure js-desvio-figure\">\n    <a href=\"https:\/\/www.xatakahome.com\/a-fondo\/como-saber-que-precio-tendra-luz-manana-tienes-tarifa-mercado-libre-como-regulado\"><br \/>\n     <img decoding=\"async\" alt=\"C\u00f3mo saber qu\u00e9 precio tendr\u00e1 la luz ma\u00f1ana tanto si tienes una tarifa en el mercado libre como en el regulado\" src=\"https:\/\/i.blogs.es\/bad682\/jason-leung-6kb5c7_3cu0-unsplash\/375_142.webp\" onerror='this.src=\"https:\/\/i.blogs.es\/bad682\/jason-leung-6kb5c7_3cu0-unsplash\/375_142.jpg\"'><br \/>\n    <\/a>\n   <\/div>\n<div class=\"desvio-summary\">\n<div class=\"desvio-taxonomy js-desvio-taxonomy\">\n     <a href=\"https:\/\/www.xatakahome.com\/a-fondo\/como-saber-que-precio-tendra-luz-manana-tienes-tarifa-mercado-libre-como-regulado\" class=\"desvio-taxonomy-anchor\">En Xataka Smart Home<\/a>\n    <\/div>\n<p>    <a href=\"https:\/\/www.xatakahome.com\/a-fondo\/como-saber-que-precio-tendra-luz-manana-tienes-tarifa-mercado-libre-como-regulado\" class=\"desvio-title js-desvio-title\">C\u00f3mo saber qu\u00e9 precio tendr\u00e1 la luz ma\u00f1ana tanto si tienes una tarifa en el mercado libre como en el regulado<\/a>\n   <\/div>\n<\/p><\/div>\n<\/p><\/div>\n<\/div>\n<p>El Plan +SE  Contiene <strong>73 medidas<\/strong> complementarias  estructuradas en seis grandes bloques: ahorro y eficiencia energ\u00e9tica, impulso de la transici\u00f3n energ\u00e9tica, protecci\u00f3n de consumidores vulnerables, hogares y empresas, medidas fiscales, autonom\u00eda estrat\u00e9gica y solidaridad con los socios europeos.<\/p>\n<p><!-- BREAK 2 --><\/p>\n<p>Algunas de ellas no son nuevas, y ya se han ido aprobando o lanzando en las \u00faltimas semanas, como por ejemplo la <a href=\"https:\/\/www.xatakahome.com\/iluminacion-y-energia\/iva-gas-baja-21-al-5-a-partir-octubre-habra-que-ver-nuestras-facturas-siguen-aumentando\">rebaja del IVA del gas natural<\/a> <strong>desde el 21% al 5%<\/strong> o la <strong>reforma de la tarifa el\u00e9ctrica regulada (PVPC)<\/strong> con el objeto de reducir su volatilidad que <a href=\"https:\/\/www.xatakahome.com\/iluminacion-y-energia\/gobierno-quiere-tarifa-electrica-regulada-tanta-variacion-precios-diaria-asi-pretenden-conseguirlo\">vimos hace unos d\u00edas<\/a>. Otras medidas requieren revisar la legislaci\u00f3n actual o se enfocan a medio y largo plazo.<\/p>\n<\/p>\n<div class=\"article-asset-video article-asset-normal\">\n<div class=\"asset-content\">\n<div class=\"base-asset-video\">\n<div class=\"js-dailymotion\">\n    <script type=\"application\/json\">\n           {\"videoId\":\"x88tf3k\",\"autoplay\":true,\"title\":\"AHORRA EN TU FACTURA DE LA LUZ: Las MEJORES OPCIONES para conocer los PRECIOS EN TU M\u00d3VIL\", \"tag\":\"webedia-prod\"}\n         <\/script>\n   <\/div>\n<\/p><\/div>\n<\/p><\/div>\n<\/div>\n<h2>Mayor cobertura para el bono social y factura de gas m\u00e1s barata para comunidades<\/h2>\n<p>Uno de los puntos m\u00e1s destacados del Plan +SE es que, seg\u00fan podemos leer <a href=\"https:\/\/www.miteco.gob.es\/es\/prensa\/221011_planse_octubre2022_tcm30-546382.pdf\">en el documento<\/a>,  prev\u00e9 \u00abotorgar una mayor cobertura para el <a href=\"https:\/\/www.xatakahome.com\/iluminacion-y-energia\/bono-social-factura-luz-que-que-descuento-ofrece-requisitos-para-solicitarlo\">bono social el\u00e9ctrico y el bono social t\u00e9rmico<\/a>\u00ab. Aunque no han se\u00f1alado datos concretos, parece ser que la idea es <strong>aumentar el volumen de poblaci\u00f3n protegida<\/strong>, prestando especial atenci\u00f3n a las comunidades de vecinos, hasta ahora grandes olvidadas de las medidas adoptadas.<\/p>\n<\/p>\n<div class=\"article-asset-image article-asset-normal\">\n<div class=\"asset-content\">\n<p>  <img decoding=\"async\" alt=\"gas\" class=\"centro_sinmarco\" src=\"https:\/\/i.blogs.es\/d76d7e\/1366_2000gobierno\/450_1000.webp\"><\/p><\/div>\n<\/div>\n<p>Como ya <a href=\"https:\/\/www.xatakahome.com\/iluminacion-y-energia\/tienes-gas-contratado-mercado-libre-pasar-invierno-te-saldra-muy-caro-4-veces-que-mercado-regulado\">explicamos en su d\u00eda<\/a>, las comunidades de propietarios con calderas comunitarias no pueden actualmente acogerse a la <strong>tarifa regulada de gas o TUR<\/strong>, la m\u00e1s econ\u00f3mica a pesar de las subidas, lo que puede ocasionar grandes gastos el pr\u00f3ximo invierno. El Gobierno no ha explicado c\u00f3mo piensa solucionarlo, si crear\u00e1 una nueva tarifa especial, cambiar\u00e1 los m\u00e1rgenes de las actuales para que entren las comunidades o qu\u00e9 har\u00e1, pero ha se\u00f1alado que \u00abse reducir\u00e1 la factura de 1,6 millones de hogares con calderas comunitarias con vistas a este pr\u00f3ximo invierno\u00bb En concreto, seg\u00fan podemos leer en el documento:<\/p>\n<blockquote>\n<p>Se aprobar\u00e1 un mecanismo de protecci\u00f3n para consumidores dom\u00e9sticos de gas que formen parte de comunidades de propietarios con calderas comunitarias. El Estado adoptar\u00e1 las medidas presupuestarias necesarias para su financiaci\u00f3n.<\/p>\n<\/blockquote>\n<p>Adem\u00e1s, las nuevas facturas de luz y gas de los hogares incluir\u00e1n <strong>informaci\u00f3n sobre el consumo medio en el distrito<\/strong> y nos dar\u00e1n consejos para ahorrar. Tambi\u00e9n han afirmado que <strong>habr\u00e1 m\u00e1s transparencia en las facturas<\/strong> y que se dotar\u00e1 a los consumidores de \u00abherramientas adicionales\u00bb para la toma de decisiones en torno al ahorro.<\/p>\n<p><!-- BREAK 3 --><\/p>\n<p>As\u00ed, los clientes con potencias de <strong>menos de 15 kW<\/strong> en electricidad y <strong>consumo de gas inferior a 50.000 kWh<\/strong> podr\u00e1n ver una comparativa del consumo con respecto a <strong>clientes de su mismo c\u00f3digo postal<\/strong> y adem\u00e1s se mostrar\u00e1 de forma m\u00e1s clara y unificada la tarifa debida al tope del gas.<\/p>\n<p><!-- BREAK 4 --><\/p>\n<p>Por \u00faltimo, el plan afirma que las familias tendr\u00e1n <strong>\u00abapoyo fiscal\u00bb<\/strong> para implantar sistemas de climatizaci\u00f3n renovable, se fomentar\u00e1n los repartidores de costes en calefacciones centralizadas y se instalar\u00e1n contadores inteligentes de gas natural. Tambi\u00e9n han contemplado una partida presupuestaria de 500 millones de euros para impulsar los <strong>tejados solares, las comunidades energ\u00e9ticas y el autoconsumo<\/strong>, aunque por el momento tampoco han explicado ni concretado c\u00f3mo se har\u00e1.<\/p>\n<p><!-- BREAK 5 --><\/p>\n<p>M\u00e1s informaci\u00f3n | <a href=\"https:\/\/www.miteco.gob.es\/es\/prensa\/221011_planse_octubre2022_tcm30-546382.pdf\">MITECO Plan +SE<\/a><\/p>\n<p><script>\n (function() {\n  window._JS_MODULES = window._JS_MODULES || {};\n  var headElement = document.getElementsByTagName('head')[0];\n  if (_JS_MODULES.instagram) {\n   var instagramScript = document.createElement('script');\n   instagramScript.src = 'https:\/\/platform.instagram.com\/en_US\/embeds.js';\n   instagramScript.async = true;\n   instagramScript.defer = true;\n   headElement.appendChild(instagramScript);\n  }\n })();\n<\/script><\/p>\n<p> &#8211; <br \/> La noticia<br \/>\n      <a href=\"https:\/\/www.xatakahome.com\/iluminacion-y-energia\/pronto-sabras-cuanta-luz-gastan-tus-vecinos-gobierno-ha-aprobado-plan-se-para-lograr-factura-electrica-clara?utm_source=feedburner&amp;utm_medium=feed&amp;utm_campaign=12_Oct_2022\"><br \/>\n       <em> Pronto sabr\u00e1s cu\u00e1nta luz gastan tus vecinos: el Gobierno ha aprobado el \u00abPlan +SE\u00bb para lograr una factura el\u00e9ctrica m\u00e1s clara <\/em><br \/>\n      <\/a><br \/>\n      fue publicada originalmente en<br \/>\n      <a href=\"https:\/\/www.xatakahome.com\/?utm_source=feedburner&amp;utm_medium=feed&amp;utm_campaign=12_Oct_2022\"><br \/>\n       <strong> Xataka Smart Home <\/strong><br \/>\n      <\/a><br \/>\n            por <a href=\"https:\/\/www.xatakahome.com\/autor\/paco-rodriguez?utm_source=feedburner&amp;utm_medium=feed&amp;utm_campaign=12_Oct_2022\"><br \/>\n       Paco Rodriguez<br \/>\n      <\/a><br \/>\n      . <\/p>\n<\/div>\n","protected":false},"excerpt":{"rendered":"<p>A lo largo del \u00faltimo a\u00f1o la imparable subida en la factura de la luz y del gas ha hecho que pagar estos suministros b\u00e1sicos se convierta en una de las grandes preocupaciones de muchas familias espa\u00f1olas, a pesar de las diferentes medidas del Gobierno y de los trucos de ahorro que apliquemos en casa &hellip; <a href=\"https:\/\/domosistemas.com\/?p=18153\" class=\"more-link\">Sigue leyendo <span class=\"screen-reader-text\">Pronto sabr\u00e1s cu\u00e1nta luz gastan tus vecinos: el Gobierno ha aprobado el \u00abPlan +SE\u00bb para lograr una factura el\u00e9ctrica m\u00e1s clara<\/span><\/a><\/p>\n","protected":false},"author":1,"featured_media":0,"comment_status":"closed","ping_status":"closed","sticky":false,"template":"","format":"standard","meta":{"footnotes":""},"categories":[8],"tags":[],"class_list":["post-18153","post","type-post","status-publish","format-standard","hentry","category-xataka"],"_links":{"self":[{"href":"https:\/\/domosistemas.com\/index.php?rest_route=\/wp\/v2\/posts\/18153","targetHints":{"allow":["GET"]}}],"collection":[{"href":"https:\/\/domosistemas.com\/index.php?rest_route=\/wp\/v2\/posts"}],"about":[{"href":"https:\/\/domosistemas.com\/index.php?rest_route=\/wp\/v2\/types\/post"}],"author":[{"embeddable":true,"href":"https:\/\/domosistemas.com\/index.php?rest_route=\/wp\/v2\/users\/1"}],"replies":[{"embeddable":true,"href":"https:\/\/domosistemas.com\/index.php?rest_route=%2Fwp%2Fv2%2Fcomments&post=18153"}],"version-history":[{"count":0,"href":"https:\/\/domosistemas.com\/index.php?rest_route=\/wp\/v2\/posts\/18153\/revisions"}],"wp:attachment":[{"href":"https:\/\/domosistemas.com\/index.php?rest_route=%2Fwp%2Fv2%2Fmedia&parent=18153"}],"wp:term":[{"taxonomy":"category","embeddable":true,"href":"https:\/\/domosistemas.com\/index.php?rest_route=%2Fwp%2Fv2%2Fcategories&post=18153"},{"taxonomy":"post_tag","embeddable":true,"href":"https:\/\/domosistemas.com\/index.php?rest_route=%2Fwp%2Fv2%2Ftags&post=18153"}],"curies":[{"name":"wp","href":"https:\/\/api.w.org\/{rel}","templated":true}]}}