{"id":18169,"date":"2022-10-13T09:09:17","date_gmt":"2022-10-13T09:09:17","guid":{"rendered":"https:\/\/domosistemas.com\/?p=18169"},"modified":"2022-10-13T09:09:17","modified_gmt":"2022-10-13T09:09:17","slug":"si-tienes-calefaccion-central-en-casa-las-medidas-que-acaba-de-anunciar-el-gobierno-son-para-ti-nueva-tarifa-con-un-50-de-ahorro","status":"publish","type":"post","link":"https:\/\/domosistemas.com\/?p=18169","title":{"rendered":"Si tienes calefacci\u00f3n central en casa, las medidas que acaba de anunciar el Gobierno son para ti: nueva tarifa con un 50% de ahorro"},"content":{"rendered":"<div>\n<p>\n      <img decoding=\"async\" src=\"https:\/\/i.blogs.es\/9ead96\/1366_2000calefqaccion\/1024_2000.jpg\" alt=\"Si tienes calefacci\u00f3n central en casa, las medidas que acaba de anunciar el Gobierno son para ti: nueva tarifa con un 50% de ahorro\">\n    <\/p>\n<\/p>\n<p>Hace unos d\u00edas <a href=\"https:\/\/www.xatakahome.com\/iluminacion-y-energia\/pronto-sabras-cuanta-luz-gastan-tus-vecinos-gobierno-ha-aprobado-plan-se-para-lograr-factura-electrica-clara\">el Gobierno aprobaba<\/a> el <a href=\"https:\/\/www.miteco.gob.es\/es\/prensa\/221011_planse_octubre2022_tcm30-546382.pdf\">Plan M\u00e1s Seguridad Energ\u00e9tica (+SE)<\/a>, una serie de medidas cuyo objetivo era <strong>\u00abincrementar la protecci\u00f3n de la poblaci\u00f3n\u00bb<\/strong> frente a la crisis de precios logrando al mismo tiempo una reducci\u00f3n en el consumo de gas del pa\u00eds de entre un 5,1% y un 13,5%.<\/p>\n<p>Sin embargo, como ya comentamos entonces <strong>no dieron muchos m\u00e1s detalles<\/strong> sobre c\u00f3mo se implementar\u00eda o qu\u00e9 medidas concretas se iban a tomar de cara al ciudadano final, algo que ha desvelado hoy parcialmente el presidente del Gobierno, Pedro S\u00e1nchez, en el Congreso.<!--more--><\/p>\n<\/p>\n<div class=\"article-asset article-asset-normal article-asset-center\">\n<div class=\"desvio-container\">\n<div class=\"desvio\">\n<div class=\"desvio-figure js-desvio-figure\">\n    <a href=\"https:\/\/www.xatakahome.com\/iluminacion-y-energia\/pronto-sabras-cuanta-luz-gastan-tus-vecinos-gobierno-ha-aprobado-plan-se-para-lograr-factura-electrica-clara\"><br \/>\n     <img decoding=\"async\" alt='Pronto sabr\u00e1s cu\u00e1nta luz gastan tus vecinos: el Gobierno ha aprobado el \"Plan +SE\" para lograr una factura el\u00e9ctrica m\u00e1s clara' src=\"https:\/\/i.blogs.es\/e80e99\/4a330a47-240d-4205-ab9b-b437dc579feb_tcm30-546384\/375_142.webp\" onerror='this.src=\"https:\/\/i.blogs.es\/e80e99\/4a330a47-240d-4205-ab9b-b437dc579feb_tcm30-546384\/375_142.png\"'><br \/>\n    <\/a>\n   <\/div>\n<div class=\"desvio-summary\">\n<div class=\"desvio-taxonomy js-desvio-taxonomy\">\n     <a href=\"https:\/\/www.xatakahome.com\/iluminacion-y-energia\/pronto-sabras-cuanta-luz-gastan-tus-vecinos-gobierno-ha-aprobado-plan-se-para-lograr-factura-electrica-clara\" class=\"desvio-taxonomy-anchor\">En Xataka Smart Home<\/a>\n    <\/div>\n<p>    <a href=\"https:\/\/www.xatakahome.com\/iluminacion-y-energia\/pronto-sabras-cuanta-luz-gastan-tus-vecinos-gobierno-ha-aprobado-plan-se-para-lograr-factura-electrica-clara\" class=\"desvio-title js-desvio-title\">Pronto sabr\u00e1s cu\u00e1nta luz gastan tus vecinos: el Gobierno ha aprobado el \u00abPlan +SE\u00bb para lograr una factura el\u00e9ctrica m\u00e1s clara<\/a>\n   <\/div>\n<\/p><\/div>\n<\/p><\/div>\n<\/div>\n<h2>Por fin se tendr\u00e1 en cuenta a las calderas comunitarias<\/h2>\n<\/p>\n<div class=\"article-asset-image article-asset-normal\">\n<div class=\"asset-content\">\n<div class=\"base-wrapper-image\" style=\"padding-top:80.505415162455%;\">\n<p>  <img decoding=\"async\" alt=\"Image\" class=\"centro_sinmarco\" src=\"https:\/\/i.blogs.es\/f97bd4\/image\/450_1000.webp\"><\/p><\/div>\n<\/p><\/div>\n<\/div>\n<p>Uno de los principales problemas para muchos consumidores el pr\u00f3ximo invierno est\u00e1 relacionado con la utilizaci\u00f3n de <strong>calderas comunitarias<\/strong>, que como ya <a href=\"https:\/\/www.xatakahome.com\/iluminacion-y-energia\/tienes-gas-contratado-mercado-libre-pasar-invierno-te-saldra-muy-caro-4-veces-que-mercado-regulado\">explicamos en su d\u00eda<\/a> no pueden actualmente acogerse a la <strong>tarifa regulada de gas o TUR<\/strong>, la m\u00e1s econ\u00f3mica a pesar de las subidas por tener limitado el porcentaje m\u00e1ximo de incremento trimestral, lo que obligaba hasta ahora a tener que contratar una tarifa en el mercado libre, mucho m\u00e1s caro.<\/p>\n<p>S\u00e1nchez ha se\u00f1alado que <strong>se crear\u00e1 una nueva tarifa regulada<\/strong> para estos consumidores que estar\u00e1 en vigor <strong>hasta finales de 2023<\/strong> y donde <strong>se limitar\u00e1 el incremento trimestral de precios<\/strong>. Es decir, de forma similar a como sucede actualmente con la tarifa TUR, <strong>se pondr\u00e1 un tope al incremento m\u00e1ximo<\/strong> que puede tener la subida en el precio del gas para este tipo de usuarios en comunidades de vecinos que gastan <strong>m\u00e1s de 50.000 kWh al a\u00f1o<\/strong>.<\/p>\n<p><!-- BREAK 1 --><\/p>\n<p>Seg\u00fan ha se\u00f1alado, con esta medida alrededor de <strong>1,7 millones de hogares<\/strong> se beneficiar\u00e1n de una <strong>reducci\u00f3n de m\u00e1s del 50% en sus recibos<\/strong> con respecto a lo que pagar\u00edan en el mercado libre con las ofertas actuales.<\/p>\n<p><!-- BREAK 2 --><\/p>\n<div class=\"article-asset-video article-asset-normal\">\n<div class=\"asset-content\">\n<div class=\"base-asset-video\">\n<div class=\"js-dailymotion\">\n    <script type=\"application\/json\">\n           {\"videoId\":\"x88tf3k\",\"autoplay\":true,\"title\":\"AHORRA EN TU FACTURA DE LA LUZ: Las MEJORES OPCIONES para conocer los PRECIOS EN TU M\u00d3VIL\", \"tag\":\"webedia-prod\"}\n         <\/script>\n   <\/div>\n<\/p><\/div>\n<\/p><\/div>\n<\/div>\n<h2>M\u00e1s bono social y nueva categor\u00eda de consumidores vulnerables<\/h2>\n<\/p>\n<div class=\"article-asset-image article-asset-normal\">\n<div class=\"asset-content\">\n<div class=\"base-wrapper-image\" style=\"padding-top:54.860716316089%;\">\n<p>  <img decoding=\"async\" alt=\"calefacci\u00f3n\" class=\"centro_sinmarco\" src=\"https:\/\/i.blogs.es\/fa75b0\/1366_2000-sanchez\/450_1000.webp\"><\/p><\/div>\n<\/p><\/div>\n<\/div>\n<p>Adem\u00e1s, se crear\u00e1 una <strong>nueva categor\u00eda de consumidores vulnerables<\/strong> que tendr\u00e1n derecho a un <strong>descuento del 40%<\/strong> en sus facturas el\u00e9ctricas. Ser\u00e1 una medida de car\u00e1cter temporal y enfocada a hogares con trabajadores que tengan ingresos reducidos (aunque no han concretado qu\u00e9 ingresos en concreto).<\/p>\n<p><!-- BREAK 3 --><\/p>\n<p>Tambi\u00e9n se reforzar\u00e1 el <a href=\"https:\/\/www.xatakahome.com\/iluminacion-y-energia\/bono-social-factura-luz-que-que-descuento-ofrece-requisitos-para-solicitarlo\">bono social el\u00e9ctrico<\/a> para los m\u00e1s de un mill\u00f3n de hogares que ya lo perciben, incrementando el descuento aplicado en la factura que pasar\u00e1 <strong>hasta el 65%<\/strong> para los consumidores considerados como vulnerables y <strong>hasta el 80%<\/strong> en los vulnerables severos. Adem\u00e1s, <strong>se elevar\u00e1 un 15%<\/strong> la cantidad de energ\u00eda con derecho a descuento en las facturas.<\/p>\n<p>El bono social t\u00e9rmico duplicar\u00e1 su presupuesto, ofreciendo una ayuda media que ascender\u00e1 hasta los <strong>375 euros por hogar<\/strong> y elevando la ayuda m\u00ednima hasta los 40 euros. <\/p>\n<p><!-- BREAK 4 --><\/p>\n<p>Foto portada | <a href=\"https:\/\/unsplash.com\/@hessamnbv\">hessam nabavi<\/a><\/p>\n<p><script>\n (function() {\n  window._JS_MODULES = window._JS_MODULES || {};\n  var headElement = document.getElementsByTagName('head')[0];\n  if (_JS_MODULES.instagram) {\n   var instagramScript = document.createElement('script');\n   instagramScript.src = 'https:\/\/platform.instagram.com\/en_US\/embeds.js';\n   instagramScript.async = true;\n   instagramScript.defer = true;\n   headElement.appendChild(instagramScript);\n  }\n })();\n<\/script><\/p>\n<p> &#8211; <br \/> La noticia<br \/>\n      <a href=\"https:\/\/www.xatakahome.com\/iluminacion-y-energia\/tienes-calefaccion-central-casa-medidas-que-acaba-anunciar-gobierno-para-ti-nueva-tarifa-50-ahorro?utm_source=feedburner&amp;utm_medium=feed&amp;utm_campaign=13_Oct_2022\"><br \/>\n       <em> Si tienes calefacci\u00f3n central en casa, las medidas que acaba de anunciar el Gobierno son para ti: nueva tarifa con un 50% de ahorro <\/em><br \/>\n      <\/a><br \/>\n      fue publicada originalmente en<br \/>\n      <a href=\"https:\/\/www.xatakahome.com\/?utm_source=feedburner&amp;utm_medium=feed&amp;utm_campaign=13_Oct_2022\"><br \/>\n       <strong> Xataka Smart Home <\/strong><br \/>\n      <\/a><br \/>\n            por <a href=\"https:\/\/www.xatakahome.com\/autor\/paco-rodriguez?utm_source=feedburner&amp;utm_medium=feed&amp;utm_campaign=13_Oct_2022\"><br \/>\n       Paco Rodriguez<br \/>\n      <\/a><br \/>\n      . <\/p>\n<\/div>\n","protected":false},"excerpt":{"rendered":"<p>Hace unos d\u00edas el Gobierno aprobaba el Plan M\u00e1s Seguridad Energ\u00e9tica (+SE), una serie de medidas cuyo objetivo era \u00abincrementar la protecci\u00f3n de la poblaci\u00f3n\u00bb frente a la crisis de precios logrando al mismo tiempo una reducci\u00f3n en el consumo de gas del pa\u00eds de entre un 5,1% y un 13,5%. Sin embargo, como ya &hellip; <a href=\"https:\/\/domosistemas.com\/?p=18169\" class=\"more-link\">Sigue leyendo <span class=\"screen-reader-text\">Si tienes calefacci\u00f3n central en casa, las medidas que acaba de anunciar el Gobierno son para ti: nueva tarifa con un 50% de ahorro<\/span><\/a><\/p>\n","protected":false},"author":1,"featured_media":0,"comment_status":"closed","ping_status":"closed","sticky":false,"template":"","format":"standard","meta":{"footnotes":""},"categories":[8],"tags":[],"class_list":["post-18169","post","type-post","status-publish","format-standard","hentry","category-xataka"],"_links":{"self":[{"href":"https:\/\/domosistemas.com\/index.php?rest_route=\/wp\/v2\/posts\/18169","targetHints":{"allow":["GET"]}}],"collection":[{"href":"https:\/\/domosistemas.com\/index.php?rest_route=\/wp\/v2\/posts"}],"about":[{"href":"https:\/\/domosistemas.com\/index.php?rest_route=\/wp\/v2\/types\/post"}],"author":[{"embeddable":true,"href":"https:\/\/domosistemas.com\/index.php?rest_route=\/wp\/v2\/users\/1"}],"replies":[{"embeddable":true,"href":"https:\/\/domosistemas.com\/index.php?rest_route=%2Fwp%2Fv2%2Fcomments&post=18169"}],"version-history":[{"count":0,"href":"https:\/\/domosistemas.com\/index.php?rest_route=\/wp\/v2\/posts\/18169\/revisions"}],"wp:attachment":[{"href":"https:\/\/domosistemas.com\/index.php?rest_route=%2Fwp%2Fv2%2Fmedia&parent=18169"}],"wp:term":[{"taxonomy":"category","embeddable":true,"href":"https:\/\/domosistemas.com\/index.php?rest_route=%2Fwp%2Fv2%2Fcategories&post=18169"},{"taxonomy":"post_tag","embeddable":true,"href":"https:\/\/domosistemas.com\/index.php?rest_route=%2Fwp%2Fv2%2Ftags&post=18169"}],"curies":[{"name":"wp","href":"https:\/\/api.w.org\/{rel}","templated":true}]}}