{"id":18174,"date":"2022-10-13T13:03:02","date_gmt":"2022-10-13T13:03:02","guid":{"rendered":"https:\/\/domosistemas.com\/?p=18174"},"modified":"2022-10-13T13:03:02","modified_gmt":"2022-10-13T13:03:02","slug":"el-bono-social-de-la-factura-de-la-luz-cambia-mas-beneficiarios-mas-descuentos-y-mas-cantidad-de-energia-bonificada","status":"publish","type":"post","link":"https:\/\/domosistemas.com\/?p=18174","title":{"rendered":"El bono social de la factura de la luz cambia: m\u00e1s beneficiarios, m\u00e1s descuentos y m\u00e1s cantidad de energ\u00eda bonificada"},"content":{"rendered":"<div>\n<p>\n      <img decoding=\"async\" src=\"https:\/\/i.blogs.es\/45a5c1\/1366_2000bono\/1024_2000.jpg\" alt=\"El bono social de la factura de la luz cambia: m\u00e1s beneficiarios, m\u00e1s descuentos y m\u00e1s cantidad de energ\u00eda bonificada\">\n    <\/p>\n<\/p>\n<p>Hace unas horas <a href=\"https:\/\/www.xatakahome.com\/iluminacion-y-energia\/tienes-calefaccion-central-casa-medidas-que-acaba-anunciar-gobierno-para-ti-nueva-tarifa-50-ahorro\">coment\u00e1bamos las nuevas medidas<\/a> del <a href=\"https:\/\/www.miteco.gob.es\/es\/prensa\/221011_planse_octubre2022_tcm30-546382.pdf\">Plan M\u00e1s Seguridad Energ\u00e9tica (+SE)<\/a> que el Gobierno ha aprobado esta semana de cara a enfocar el pr\u00f3ximo invierno con unos <strong>costes de la electricidad y gas m\u00e1s contenidos<\/strong> que con las tarifas actuales.<\/p>\n<p>Entre estas medidas, y aparte de las novedades ya vistas para consumidores que tengan sistemas de calefacci\u00f3n a gas comunitario, se han anunciado cambios en lo que respecta a los <strong>bonos sociales para electricidad y gas<\/strong>.<!--more--><\/p>\n<\/p>\n<div class=\"article-asset article-asset-normal article-asset-center\">\n<div class=\"desvio-container\">\n<div class=\"desvio\">\n<div class=\"desvio-figure js-desvio-figure\">\n    <a href=\"https:\/\/www.xatakahome.com\/iluminacion-y-energia\/bono-social-factura-luz-que-que-descuento-ofrece-requisitos-para-solicitarlo\"><br \/>\n     <img decoding=\"async\" alt=\"El Bono Social en la factura de la luz: qu\u00e9 es, qu\u00e9 descuento ofrece y requisitos para solicitarlo\" src=\"https:\/\/i.blogs.es\/8d9117\/imagen2\/375_142.webp\" onerror='this.src=\"https:\/\/i.blogs.es\/8d9117\/imagen2\/375_142.jpg\"'><br \/>\n    <\/a>\n   <\/div>\n<div class=\"desvio-summary\">\n<div class=\"desvio-taxonomy js-desvio-taxonomy\">\n     <a href=\"https:\/\/www.xatakahome.com\/iluminacion-y-energia\/bono-social-factura-luz-que-que-descuento-ofrece-requisitos-para-solicitarlo\" class=\"desvio-taxonomy-anchor\">En Xataka Smart Home<\/a>\n    <\/div>\n<p>    <a href=\"https:\/\/www.xatakahome.com\/iluminacion-y-energia\/bono-social-factura-luz-que-que-descuento-ofrece-requisitos-para-solicitarlo\" class=\"desvio-title js-desvio-title\">El Bono Social en la factura de la luz: qu\u00e9 es, qu\u00e9 descuento ofrece y requisitos para solicitarlo<\/a>\n   <\/div>\n<\/p><\/div>\n<\/p><\/div>\n<\/div>\n<h2>M\u00e1s usuarios dentro de un bono social ampliado<\/h2>\n<\/p>\n<div class=\"article-asset-image article-asset-normal\">\n<div class=\"asset-content\">\n<div class=\"base-wrapper-image\" style=\"padding-top:100%;\">\n<p>  <img decoding=\"async\" alt=\"Fe7xkrcxoaa798n\" class=\"centro_sinmarco\" src=\"https:\/\/i.blogs.es\/356588\/fe7xkrcxoaa798n\/450_1000.webp\"><\/p><\/div>\n<\/p><\/div>\n<\/div>\n<p>La idea del Ejecutivo consiste b\u00e1sicamente en <strong>ampliar las ayudas sociales<\/strong> que otorga el <a href=\"https:\/\/www.xatakahome.com\/iluminacion-y-energia\/bono-social-factura-luz-que-que-descuento-ofrece-requisitos-para-solicitarlo\">actual bono social el\u00e9ctrico<\/a> (y tambi\u00e9n el t\u00e9rmico como veremos al final), a\u00f1adiendo en primer lugar una <strong>nueva categor\u00eda de consumidores vulnerables<\/strong> que tendr\u00e1n derecho a un <strong>descuento del 40% en sus facturas el\u00e9ctricas<\/strong>. <\/p>\n<p>Ser\u00e1 una medida de car\u00e1cter temporal y estar\u00e1 enfocada a hogares con <strong>trabajadores que tengan ingresos reducidos<\/strong>. El plazo que se han propuesto para esta nueva categor\u00eda durar\u00e1 <strong>hasta finales de 2023<\/strong> y afirman beneficiar\u00e1 a 1,5 millones de familias.<\/p>\n<p><!-- BREAK 1 --><\/p>\n<div class=\"article-asset-image article-asset-normal\">\n<div class=\"asset-content\">\n<div class=\"base-wrapper-image\" style=\"padding-top:100%;\">\n<p>  <img decoding=\"async\" alt=\"Fe7xliewyaefa1p\" class=\"centro_sinmarco\" src=\"https:\/\/i.blogs.es\/d7616f\/fe7xliewyaefa1p\/450_1000.webp\"><\/p><\/div>\n<\/p><\/div>\n<\/div>\n<p>Si ya somos uno de los cerca de un mill\u00f3n de hogares que perciben actualmente los beneficios este bono social el\u00e9ctrico, veremos incrementado el descuento aplicado en la factura. As\u00ed, se pasar\u00e1 <strong>del 60% actual a un 65%<\/strong> en el caso de los consumidores considerados como vulnerables y <strong>del 70% hasta el 80%<\/strong> en los considerados como vulnerables severos (en <a href=\"https:\/\/www.xatakahome.com\/iluminacion-y-energia\/bono-social-factura-luz-que-que-descuento-ofrece-requisitos-para-solicitarlo\">este art\u00edculo<\/a> habl\u00e1bamos de los requisitos a cumplir en ambos casos).<\/p>\n<\/p>\n<div class=\"article-asset-video article-asset-normal\">\n<div class=\"asset-content\">\n<div class=\"base-asset-video\">\n<div class=\"js-dailymotion\">\n    <script type=\"application\/json\">\n           {\"videoId\":\"x88tf3k\",\"autoplay\":true,\"title\":\"AHORRA EN TU FACTURA DE LA LUZ: Las MEJORES OPCIONES para conocer los PRECIOS EN TU M\u00d3VIL\", \"tag\":\"webedia-prod\"}\n         <\/script>\n   <\/div>\n<\/p><\/div>\n<\/p><\/div>\n<\/div>\n<p>Adem\u00e1s <strong>se elevar\u00e1 en un 15% la cantidad de energ\u00eda con derecho a descuento<\/strong> en las facturas. Esto implica que podremos gastar m\u00e1s electricidad que estar\u00e1 bonificada dentro del bono social, dependiendo del tipo de unidad familiar en la que vivamos:<\/p>\n<p><!-- BREAK 2 --><\/p>\n<ul>\n<li>\n   <strong>Unidad familiar sin menores<\/strong> o demandantes individuales: pasamos de los 1.380 KWh anteriores a <strong>1.587 KWh<\/strong>.\n  <\/li>\n<li>\n   <strong>Unidad familiar con un menor<\/strong>: pasamos de los 1.932 kWh a <strong>2.221,8 KWh<\/strong>\n  <\/li>\n<li>\n   <strong>Unidad familiar con dos menores<\/strong>: pasamos de los 2.346 KWh a <strong>2.697,9 KWh<\/strong>\n  <\/li>\n<li>\n   <strong>Familias numerosas<\/strong>: pasamos de los 4140 KWh a <strong>4.761 KWh<\/strong>\n  <\/li>\n<li>\n   <strong>Unidad familiar demandante individual o pensionistas<\/strong> de cuant\u00eda m\u00ednima: pasamos de los 1.932 KWh a <strong>2.221,8 KWh<\/strong>\n  <\/li>\n<\/ul>\n<p>El bono social t\u00e9rmico tambi\u00e9n sufrir\u00e1 cambios este oto\u00f1o. El Gobierno ha anunciado que <strong>duplicar\u00e1 la partida presupuestaria<\/strong> enfocada a esta ayuda, alcanzando as\u00ed un aporte medio de hasta <strong>375 euros por hogar<\/strong>. Adem\u00e1s, tambi\u00e9n han se\u00f1alado que elevar\u00e1n la ayuda m\u00ednima hasta los <strong>40 euros<\/strong> frente a los 35 actuales.<\/p>\n<p><!-- BREAK 3 --><\/p>\n<p>Imagen portada | <a href=\"https:\/\/unsplash.com\/es\/@aindraus\">Anthony Indraus<\/a><\/p>\n<p><script>\n (function() {\n  window._JS_MODULES = window._JS_MODULES || {};\n  var headElement = document.getElementsByTagName('head')[0];\n  if (_JS_MODULES.instagram) {\n   var instagramScript = document.createElement('script');\n   instagramScript.src = 'https:\/\/platform.instagram.com\/en_US\/embeds.js';\n   instagramScript.async = true;\n   instagramScript.defer = true;\n   headElement.appendChild(instagramScript);\n  }\n })();\n<\/script><\/p>\n<p> &#8211; <br \/> La noticia<br \/>\n      <a href=\"https:\/\/www.xatakahome.com\/iluminacion-y-energia\/bono-social-factura-luz-cambia-beneficiarios-descuentos-cantidad-energia-bonificada?utm_source=feedburner&amp;utm_medium=feed&amp;utm_campaign=13_Oct_2022\"><br \/>\n       <em> El bono social de la factura de la luz cambia: m\u00e1s beneficiarios, m\u00e1s descuentos y m\u00e1s cantidad de energ\u00eda bonificada <\/em><br \/>\n      <\/a><br \/>\n      fue publicada originalmente en<br \/>\n      <a href=\"https:\/\/www.xatakahome.com\/?utm_source=feedburner&amp;utm_medium=feed&amp;utm_campaign=13_Oct_2022\"><br \/>\n       <strong> Xataka Smart Home <\/strong><br \/>\n      <\/a><br \/>\n            por <a href=\"https:\/\/www.xatakahome.com\/autor\/paco-rodriguez?utm_source=feedburner&amp;utm_medium=feed&amp;utm_campaign=13_Oct_2022\"><br \/>\n       Paco Rodriguez<br \/>\n      <\/a><br \/>\n      . <\/p>\n<\/div>\n","protected":false},"excerpt":{"rendered":"<p>Hace unas horas coment\u00e1bamos las nuevas medidas del Plan M\u00e1s Seguridad Energ\u00e9tica (+SE) que el Gobierno ha aprobado esta semana de cara a enfocar el pr\u00f3ximo invierno con unos costes de la electricidad y gas m\u00e1s contenidos que con las tarifas actuales. Entre estas medidas, y aparte de las novedades ya vistas para consumidores que &hellip; <a href=\"https:\/\/domosistemas.com\/?p=18174\" class=\"more-link\">Sigue leyendo <span class=\"screen-reader-text\">El bono social de la factura de la luz cambia: m\u00e1s beneficiarios, m\u00e1s descuentos y m\u00e1s cantidad de energ\u00eda bonificada<\/span><\/a><\/p>\n","protected":false},"author":1,"featured_media":0,"comment_status":"closed","ping_status":"closed","sticky":false,"template":"","format":"standard","meta":{"footnotes":""},"categories":[8],"tags":[],"class_list":["post-18174","post","type-post","status-publish","format-standard","hentry","category-xataka"],"_links":{"self":[{"href":"https:\/\/domosistemas.com\/index.php?rest_route=\/wp\/v2\/posts\/18174","targetHints":{"allow":["GET"]}}],"collection":[{"href":"https:\/\/domosistemas.com\/index.php?rest_route=\/wp\/v2\/posts"}],"about":[{"href":"https:\/\/domosistemas.com\/index.php?rest_route=\/wp\/v2\/types\/post"}],"author":[{"embeddable":true,"href":"https:\/\/domosistemas.com\/index.php?rest_route=\/wp\/v2\/users\/1"}],"replies":[{"embeddable":true,"href":"https:\/\/domosistemas.com\/index.php?rest_route=%2Fwp%2Fv2%2Fcomments&post=18174"}],"version-history":[{"count":0,"href":"https:\/\/domosistemas.com\/index.php?rest_route=\/wp\/v2\/posts\/18174\/revisions"}],"wp:attachment":[{"href":"https:\/\/domosistemas.com\/index.php?rest_route=%2Fwp%2Fv2%2Fmedia&parent=18174"}],"wp:term":[{"taxonomy":"category","embeddable":true,"href":"https:\/\/domosistemas.com\/index.php?rest_route=%2Fwp%2Fv2%2Fcategories&post=18174"},{"taxonomy":"post_tag","embeddable":true,"href":"https:\/\/domosistemas.com\/index.php?rest_route=%2Fwp%2Fv2%2Ftags&post=18174"}],"curies":[{"name":"wp","href":"https:\/\/api.w.org\/{rel}","templated":true}]}}