{"id":18191,"date":"2022-10-16T11:03:31","date_gmt":"2022-10-16T11:03:31","guid":{"rendered":"https:\/\/domosistemas.com\/?p=18191"},"modified":"2022-10-16T11:03:31","modified_gmt":"2022-10-16T11:03:31","slug":"cargar-el-movil-con-cable-o-de-forma-inalambrica-esto-es-lo-que-pagas-de-mas-cuando-usas-uno-de-estos-metodos","status":"publish","type":"post","link":"https:\/\/domosistemas.com\/?p=18191","title":{"rendered":"Cargar el m\u00f3vil con cable o de forma inal\u00e1mbrica: esto es lo que pagas de m\u00e1s cuando usas uno de estos m\u00e9todos"},"content":{"rendered":"<div>\n<p>\n      <img decoding=\"async\" src=\"https:\/\/i.blogs.es\/411d9a\/20221011_151333\/1024_2000.jpg\" alt=\"Cargar el m\u00f3vil con cable o de forma inal\u00e1mbrica: esto es lo que pagas de m\u00e1s cuando usas uno de estos m\u00e9todos\">\n    <\/p>\n<p>\nEs un gesto de lo m\u00e1s habitual. Son muchas las personas que optan por dejar cargando el m\u00f3vil sobre una <a href=\"https:\/\/www.xatakamovil.com\/desarrollo\/que-es-y-como-funciona-la-carga-inalambrica-en-los-telefonos-moviles\">base inal\u00e1mbrica<\/a> y de esta forma, <strong>no depender de un cable y una conexi\u00f3n f\u00edsica<\/strong>. Usar la clavija combinada con la ranura no es f\u00e1cil cuando hay poca luz y para personas con problemas de vista.<\/p>\n<p>A cambio, la carga sin cables ofrece una mayor facilidad de uso (s\u00f3lo hay que poner el m\u00f3vil sobre la base) y de paso, cuida la bater\u00eda del tel\u00e9fono, al evitar la carga r\u00e1pida de forma prolongada y continuada. Sin embargo, y aunque todo parecen ventajas, nos hemos preguntado <strong>c\u00f3mo repercute una y otra en el consumo el\u00e9ctrico<\/strong>, con un resultado que puede que te sorprenda.<!--more--><\/p>\n<h2>Cable si o no \u00bftu factura decide?<\/h2>\n<\/p>\n<div class=\"article-asset-image article-asset-normal\">\n<div class=\"asset-content\">\n<div class=\"base-wrapper-image\" style=\"padding-top:85.781990521327%;\">\n<p>  <img decoding=\"async\" alt=\"Carga\" class=\"centro_sinmarco\" src=\"https:\/\/i.blogs.es\/a3a954\/carga\/450_1000.webp\"><\/p><\/div>\n<\/p><\/div>\n<\/div>\n<p>Son <strong>las dos formas de carga m\u00e1s habituales<\/strong>. Por cable, ahora en muchas ocasiones con carga r\u00e1pida, o con base inal\u00e1mbrica usando el mismo cargador en muchas ocasiones. En este caso todo es tan f\u00e1cil como colocar tu tel\u00e9fono sobre la base, sin cables, sin enredos&#8230; aunque durante m\u00e1s tiempo, pues la capacidad de carga suele ser menor.<\/p>\n<p><!-- BREAK 1 --><\/p>\n<div class=\"article-asset-video article-asset-normal\">\n<div class=\"asset-content\">\n<div class=\"base-asset-video\">\n<div class=\"js-dailymotion\">\n    <script type=\"application\/json\">\n           {\"videoId\":\"x88tf3k\",\"autoplay\":true,\"title\":\"AHORRA EN TU FACTURA DE LA LUZ: Las MEJORES OPCIONES para conocer los PRECIOS EN TU M\u00d3VIL\", \"tag\":\"webedia-prod\"}\n         <\/script>\n   <\/div>\n<\/p><\/div>\n<\/p><\/div>\n<\/div>\n<p>En la actualidad existen muchos cargadores inal\u00e1mbricos disponibles que suministran cargas de hasta 15 W sin despeinarse. Y pese a las ventajas que parece ofrecer, esconden un fallo importante, m\u00e1xime con los precios de la luz. <strong>Al usar la carga sin cables<\/strong> <a href=\"https:\/\/www.xataka.com\/moviles\/carga-inalambrica-moviles-tiene-problema-gordo-necesita-casi-50-energia-que-cargar-movil-cable-1\">se desperdicia mucha m\u00e1s energ\u00eda<\/a>, en concreto casi un 50% m\u00e1s de energ\u00eda respecto de la que se emplea con el cargador con cable convencional.<\/p>\n<p>Por eso <strong>me he dispuesto a realizar la comparativa<\/strong> y para ello he usado el cargador inal\u00e1mbrico que tengo en casa. Es un <a href=\"https:\/\/www.apple.com\/es\/shop\/product\/MHXH3ZM\/A\/cargador-magsafe\">cargador MagSafe<\/a> de Apple combinado con un cargador de 20W original y un <a href=\"https:\/\/www.xataka.com\/analisis\/apple-iphone-14-pro-analisis-caracteristicas-precio-especificaciones\">iPhone 14 Pro<\/a>. El rival era el mismo cargador pero con la conexi\u00f3n por cable. Y estos son los resultados obtenidos.<\/p>\n<h2>Carga completa con y sin cable<\/h2>\n<p>Y es que toca ver cu\u00e1nto supone cargar el m\u00f3vil con cable y de forma inal\u00e1mbrica. Para el proceso, he dejado la bater\u00eda al 10%. y he iniciado la carga con los dos m\u00e9todos realizando las correspondientes mediciones empezando por la carga con cable. Como observaciones, <strong>el m\u00f3vil ha permanecido con el Wi-Fi y los datos activados, sin usarse y con la pantalla apagada<\/strong>.<\/p>\n<p><!-- BREAK 2 --><\/p>\n<div class=\"article-asset-image article-asset-normal\">\n<div class=\"asset-content\">\n<div class=\"caption-img \">\n<div class=\"base-wrapper-image\" style=\"padding-top:107.2%;\">\n<p>  <img decoding=\"async\" alt=\"Con Cable Final\" class=\"centro_sinmarco\" src=\"https:\/\/i.blogs.es\/4bb5f9\/con-cable-final\/450_1000.webp\"><\/p><\/div>\n<p>         <span>Carga con cable, tiempo y energ\u00eda empleados<\/span>\n   <\/div>\n<\/p><\/div>\n<\/div>\n<p>En este caso y como se puede ver en la imagen superior, el proceso total para alcanzar el 100% partiendo del 10% <strong>me ha llevado 1.78 horas<\/strong> y ha consumido 0,02 kWh.<\/p>\n<p><!-- BREAK 3 --><\/p>\n<div class=\"article-asset-image article-asset-normal\">\n<div class=\"asset-content\">\n<div class=\"caption-img \">\n<div class=\"base-wrapper-image\" style=\"padding-top:97.9%;\">\n<p>  <img decoding=\"async\" alt=\"Sin Cable\" class=\"centro_sinmarco\" src=\"https:\/\/i.blogs.es\/ac5cd9\/sin-cable\/450_1000.webp\"><\/p><\/div>\n<p>         <span>Inicio de la carga sin cable<\/span>\n   <\/div>\n<\/p><\/div>\n<\/div>\n<p>Y llega el momento de iniciar la <strong>carga del m\u00f3vil<\/strong> (la foto sobre estas l\u00edneas) <strong>de forma inal\u00e1mbrica<\/strong>. Con la bater\u00eda de nuevo al 10%, conecto el cargador (el mismo que antes) al enchufe inteligente y comienzo las mediciones. En la imagen inferior, se puede comprobar como pese a ser inal\u00e1mbrica, la carga se inicia r\u00e1pidamente pasando al 11% en un minuto y elevando la potencia de una media de 9 W a 16,2 W. Ahora queda ver cuanto tarda en alcanzar el 100%.<\/p>\n<p><!-- BREAK 4 --><\/p>\n<p>Con algo menos de una hora de carga, la bater\u00eda ya va al 67% y la potencia de carga ha bajado, con una media de 10 W. Ten\u00e9is la muestra bajo estas l\u00edneas.<\/p>\n<p><!-- BREAK 5 --><\/p>\n<div class=\"article-asset-image article-asset-normal\">\n<div class=\"asset-content\">\n<div class=\"base-wrapper-image\" style=\"padding-top:97.9%;\">\n<p>  <img decoding=\"async\" alt=\"Media Carga\" class=\"centro_sinmarco\" src=\"https:\/\/i.blogs.es\/ee5d19\/media-carga\/450_1000.webp\"><\/p><\/div>\n<\/p><\/div>\n<\/div>\n<p>Un proceso que <strong>ha necesitado al final de 2.02 horas<\/strong> para cargar hasta el 100% de la bater\u00eda, como se puede ver bajo estas l\u00edneas, empleando de nuevo 0,02 kWh para completar el proceso.<\/p>\n<p><!-- BREAK 6 --><\/p>\n<div class=\"article-asset-image article-asset-normal\">\n<div class=\"asset-content\">\n<div class=\"caption-img \">\n<p>  <img decoding=\"async\" alt=\"Sin Cable Carga\" class=\"centro_sinmarco\" src=\"https:\/\/i.blogs.es\/8ca984\/sin-cable-carga-final\/450_1000.webp\"><\/p>\n<p>               <span>Carga completa sin cable<\/span>\n   <\/div>\n<\/p><\/div>\n<\/div>\n<p>Todos estos n\u00fameros y datos quedan muy bien, pero <strong>las cifras hay que pasarlas a euros<\/strong> y conocer en qu\u00e9 se traducen a lo largo de todo el a\u00f1o. Vamos a ver el consumo en vatios que supone cargar el m\u00f3vil cada d\u00eda. Para eso, basta con multiplicar esos 0,02 kWh por 365 d\u00edas. Y esto <strong>\u00bfcu\u00e1nto dinero supone al cabo de un a\u00f1o de uso?<\/strong> Pues si consideramos un valor medio de la electricidad actual de unos 0,30 \u20ac\/kWh y multiplicamos los kWh resultantes, estas son las cantidades que obtenemos.<\/p>\n<p><!-- BREAK 7 --><\/p>\n<div class=\"article-asset article-asset-normal article-asset-center\">\n<div class=\"desvio-container\">\n<div class=\"desvio\">\n<div class=\"desvio-figure js-desvio-figure\">\n    <a href=\"https:\/\/www.xataka.com\/seleccion\/que-cargador-inalambrico-comprar-para-cargar-mi-movil-estandares-velocidad-carga-modelos-destacados\" target='\"_blank\"' rel=\"noopener\"><br \/>\n     <img decoding=\"async\" alt=\"Qu\u00e9 cargador inal\u00e1mbrico comprar para cargar mi tel\u00e9fono m\u00f3vil: est\u00e1ndares, velocidad de carga y modelos destacados\" src=\"https:\/\/i.blogs.es\/c7498f\/cargador-\/375_142.webp\" onerror='this.src=\"https:\/\/i.blogs.es\/c7498f\/cargador-\/375_142.jpg\"'><br \/>\n    <\/a>\n   <\/div>\n<div class=\"desvio-summary\">\n<div class=\"desvio-taxonomy js-desvio-taxonomy\">\n     <a href=\"https:\/\/www.xataka.com\/seleccion\/que-cargador-inalambrico-comprar-para-cargar-mi-movil-estandares-velocidad-carga-modelos-destacados\" class=\"desvio-taxonomy-anchor m-crosspost\" target='\"_blank\"' rel=\"noopener\">En Xataka<\/a>\n    <\/div>\n<p>    <a href=\"https:\/\/www.xataka.com\/seleccion\/que-cargador-inalambrico-comprar-para-cargar-mi-movil-estandares-velocidad-carga-modelos-destacados\" class=\"desvio-title js-desvio-title\" target='\"_blank\"' rel=\"noopener\">Qu\u00e9 cargador inal\u00e1mbrico comprar para cargar mi tel\u00e9fono m\u00f3vil: est\u00e1ndares, velocidad de carga y modelos destacados<\/a>\n   <\/div>\n<\/p><\/div>\n<\/p><\/div>\n<\/div>\n<p>En el caso de cargar el m\u00f3vil con cable, al cabo de un a\u00f1o <strong>pagaremos 2,19 euros<\/strong>, lo mismo que al usar la carga inal\u00e1mbrica. Puede existir una peque\u00f1a variaci\u00f3n de decimales de una a otra, pues la segunda requiere unos minutos m\u00e1s de uso, pero la app del enchufe no la muestra, as\u00ed que estimaremos el mismo consumo en ambas.<\/p>\n<p><!-- BREAK 8 --><\/p>\n<h2>Algunas curiosidades<\/h2>\n<\/p>\n<div class=\"article-asset-image article-asset-normal\">\n<div class=\"asset-content\">\n<div class=\"caption-img \">\n<div class=\"base-wrapper-image\" style=\"padding-top:97.9%;\">\n<p>  <img decoding=\"async\" alt=\"Con Cable\" class=\"centro_sinmarco\" src=\"https:\/\/i.blogs.es\/85703a\/con-cable\/450_1000.webp\"><\/p><\/div>\n<p>         <span>Cargar el m\u00f3vil con cable<\/span>\n   <\/div>\n<\/p><\/div>\n<\/div>\n<p>En la imagen superior se puede observar el consumo que se lleva acabo cuando se carga el tel\u00e9fono con el cable y el cargador de 20 W si la carga se efect\u00faa cuando la bater\u00eda est\u00e1 en porcentajes altos, m\u00e1s all\u00e1 del 80%. Los valores siempre me <strong>han oscilado entre los 8,60 W y los 8,79 W<\/strong>. Por su parte, bajo estas l\u00edneas aparecen los n\u00fameros logrados al usar la carga inal\u00e1mbrica. <\/p>\n<p><!-- BREAK 9 --><\/p>\n<div class=\"article-asset-image article-asset-normal\">\n<div class=\"asset-content\">\n<div class=\"caption-img \">\n<div class=\"base-wrapper-image\" style=\"padding-top:97.9%;\">\n<p>  <img decoding=\"async\" alt=\"Inalambrica\" class=\"centro_sinmarco\" src=\"https:\/\/i.blogs.es\/5ed133\/inalambrica\/450_1000.webp\"><\/p><\/div>\n<p>         <span>Cargar el m\u00f3vil de forma inal\u00e1mbrica<\/span>\n   <\/div>\n<\/p><\/div>\n<\/div>\n<p>Como se puede apreciar, hay un incremento de la potencia empleada, y as\u00ed el valor m\u00e1s bajo que me ha dado se queda en <strong>9,91 W con topes de algo m\u00e1s de 10 W<\/strong>. De esta forma, se desperdicia m\u00e1s energ\u00eda para obtener la misma capacidad de carga con la inal\u00e1mbrica frente a la carga con cable.<\/p>\n<p><!-- BREAK 10 --><\/p>\n<h2>S\u00ed, el m\u00f3vil no est\u00e1 cargando 24\/7 \u00bfo s\u00ed?<\/h2>\n<\/p>\n<div class=\"article-asset-image article-asset-normal\">\n<div class=\"asset-content\">\n<div class=\"base-wrapper-image\" style=\"padding-top:75%;\">\n<p>  <img decoding=\"async\" alt=\"Con carga inal\u00e1mbrica\" class=\"centro_sinmarco\" src=\"https:\/\/i.blogs.es\/b4ac6d\/20221011_151223\/450_1000.webp\"><\/p><\/div>\n<\/p><\/div>\n<\/div>\n<p>Llegados a este punto, lo m\u00e1s seguro es que muchos me digan, oye Jose, <strong>el m\u00f3vil no est\u00e1 cargando todo el d\u00eda<\/strong>. Y es cierto, he medido el consumo, y cuando el m\u00f3vil est\u00e1 totalmente cargado, la cifra que indica el enchufe es menor, pero a\u00fan hay diferencias.<\/p>\n<p><!-- BREAK 11 --><\/p>\n<div class=\"article-asset-image article-asset-normal\">\n<div class=\"asset-content\">\n<div class=\"caption-img \">\n<div class=\"base-wrapper-image\" style=\"padding-top:104.35%;\">\n<p>  <img decoding=\"async\" alt=\"Con Cable\" class=\"centro_sinmarco\" src=\"https:\/\/i.blogs.es\/ad9042\/con-cable\/450_1000.webp\"><\/p><\/div>\n<p>         <span>Con cable, ya cargado al 100% y la pantalla apagada<\/span>\n   <\/div>\n<\/p><\/div>\n<\/div>\n<p>Y es que las diferencias tambi\u00e9n existe seg\u00fan el m\u00e9todo de carga usado <strong>aunque el m\u00f3vil ya ten\u00eda la bater\u00eda al 100% y la pantalla apagada<\/strong>, En el caso de la carga con cable el consumo oscilaba entre 0,40 y 0,61 W, mientras que sin cable este se incrementa de forma notable llegando a los 1,53 W de m\u00ednimo y 1,83 W de m\u00e1ximo.<\/p>\n<p><!-- BREAK 12 --><\/p>\n<div class=\"article-asset-image article-asset-normal\">\n<div class=\"asset-content\">\n<div class=\"caption-img \">\n<div class=\"base-wrapper-image\" style=\"padding-top:103.75%;\">\n<p>  <img decoding=\"async\" alt=\"Sin Cable\" class=\"centro_sinmarco\" src=\"https:\/\/i.blogs.es\/1f8afc\/sin-cable\/450_1000.webp\"><\/p><\/div>\n<p>         <span>Inal\u00e1mbrica, ya cargado al 100% y la pantalla apagada<\/span>\n   <\/div>\n<\/p><\/div>\n<\/div>\n<p>S\u00f3lo hay que volver a repetir la cuenta de antes para ver las cifras. Con estos n\u00fameros y ahora tomando el m\u00e1s bajo, dejar el m\u00f3vil cargando todo el d\u00eda, sin usarlo y con la bater\u00eda al 100% de capacidad nos saldr\u00eda por <strong>1,05 euros al a\u00f1o mientras que usando la carga inal\u00e1mbrica se ir\u00eda a los 6,23 euros<\/strong>. Una diferencia notable.<\/p>\n<p><!-- BREAK 13 --><\/p>\n<p>As\u00ed que no, no ten\u00e9is vamos en el m\u00f3vil cargando las 24 horas del d\u00eda, pero <strong>s\u00ed que se puede apreciar un mayor consumo el\u00e9ctrico<\/strong> cuando usamos la carga sin cables frente al cargador convencional con el cable de toda la vida.<\/p>\n<p><!-- BREAK 14 --><script>\n (function() {\n  window._JS_MODULES = window._JS_MODULES || {};\n  var headElement = document.getElementsByTagName('head')[0];\n  if (_JS_MODULES.instagram) {\n   var instagramScript = document.createElement('script');\n   instagramScript.src = 'https:\/\/platform.instagram.com\/en_US\/embeds.js';\n   instagramScript.async = true;\n   instagramScript.defer = true;\n   headElement.appendChild(instagramScript);\n  }\n })();\n<\/script><\/p>\n<p> &#8211; <br \/> La noticia<br \/>\n      <a href=\"https:\/\/www.xatakahome.com\/a-fondo\/cargar-movil-cable-forma-inalambrica-esto-que-pagas-cuando-usas-uno-estos-metodos?utm_source=feedburner&amp;utm_medium=feed&amp;utm_campaign=16_Oct_2022\"><br \/>\n       <em> Cargar el m\u00f3vil con cable o de forma inal\u00e1mbrica: esto es lo que pagas de m\u00e1s cuando usas uno de estos m\u00e9todos <\/em><br \/>\n      <\/a><br \/>\n      fue publicada originalmente en<br \/>\n      <a href=\"https:\/\/www.xatakahome.com\/?utm_source=feedburner&amp;utm_medium=feed&amp;utm_campaign=16_Oct_2022\"><br \/>\n       <strong> Xataka Smart Home <\/strong><br \/>\n      <\/a><br \/>\n            por <a href=\"https:\/\/www.xatakahome.com\/autor\/jose-antonio-carmona?utm_source=feedburner&amp;utm_medium=feed&amp;utm_campaign=16_Oct_2022\"><br \/>\n       Jose Antonio Carmona<br \/>\n      <\/a><br \/>\n      . <\/p>\n<\/div>\n","protected":false},"excerpt":{"rendered":"<p>Es un gesto de lo m\u00e1s habitual. Son muchas las personas que optan por dejar cargando el m\u00f3vil sobre una base inal\u00e1mbrica y de esta forma, no depender de un cable y una conexi\u00f3n f\u00edsica. Usar la clavija combinada con la ranura no es f\u00e1cil cuando hay poca luz y para personas con problemas de &hellip; <a href=\"https:\/\/domosistemas.com\/?p=18191\" class=\"more-link\">Sigue leyendo <span class=\"screen-reader-text\">Cargar el m\u00f3vil con cable o de forma inal\u00e1mbrica: esto es lo que pagas de m\u00e1s cuando usas uno de estos m\u00e9todos<\/span><\/a><\/p>\n","protected":false},"author":1,"featured_media":0,"comment_status":"closed","ping_status":"closed","sticky":false,"template":"","format":"standard","meta":{"footnotes":""},"categories":[8],"tags":[],"class_list":["post-18191","post","type-post","status-publish","format-standard","hentry","category-xataka"],"_links":{"self":[{"href":"https:\/\/domosistemas.com\/index.php?rest_route=\/wp\/v2\/posts\/18191","targetHints":{"allow":["GET"]}}],"collection":[{"href":"https:\/\/domosistemas.com\/index.php?rest_route=\/wp\/v2\/posts"}],"about":[{"href":"https:\/\/domosistemas.com\/index.php?rest_route=\/wp\/v2\/types\/post"}],"author":[{"embeddable":true,"href":"https:\/\/domosistemas.com\/index.php?rest_route=\/wp\/v2\/users\/1"}],"replies":[{"embeddable":true,"href":"https:\/\/domosistemas.com\/index.php?rest_route=%2Fwp%2Fv2%2Fcomments&post=18191"}],"version-history":[{"count":0,"href":"https:\/\/domosistemas.com\/index.php?rest_route=\/wp\/v2\/posts\/18191\/revisions"}],"wp:attachment":[{"href":"https:\/\/domosistemas.com\/index.php?rest_route=%2Fwp%2Fv2%2Fmedia&parent=18191"}],"wp:term":[{"taxonomy":"category","embeddable":true,"href":"https:\/\/domosistemas.com\/index.php?rest_route=%2Fwp%2Fv2%2Fcategories&post=18191"},{"taxonomy":"post_tag","embeddable":true,"href":"https:\/\/domosistemas.com\/index.php?rest_route=%2Fwp%2Fv2%2Ftags&post=18191"}],"curies":[{"name":"wp","href":"https:\/\/api.w.org\/{rel}","templated":true}]}}