{"id":18214,"date":"2022-10-18T02:00:24","date_gmt":"2022-10-18T02:00:24","guid":{"rendered":"https:\/\/domosistemas.com\/?p=18214"},"modified":"2022-10-18T02:00:24","modified_gmt":"2022-10-18T02:00:24","slug":"hager-anuncia-su-participacion-en-la-feria-efintec-para-mostrar-sus-novedades-a-los-profesionales","status":"publish","type":"post","link":"https:\/\/domosistemas.com\/?p=18214","title":{"rendered":"Hager anuncia su participaci\u00f3n en la feria Efintec para mostrar sus novedades a los profesionales"},"content":{"rendered":"<div>\n<p>El fabricante de material el\u00e9ctrico para el sector residencial, terciario e industrial <a href=\"https:\/\/hager.com\/es\" target=\"_blank\" rel=\"noopener sponsored\">Hager<\/a> ha anunciado su presencia en la feria de la Exposici\u00f3n y F\u00f3rum de la Empresas Instaladoras y Nuevas Tecnolog\u00edas (Efintec), que se celebrar\u00e1 los pr\u00f3ximos d\u00edas 20 y 21 de octubre de 2022 en Fira Barcelona, en el recinto Montjuic (Barcelona).<\/p>\n<figure id=\"attachment_113021\" aria-describedby=\"caption-attachment-113021\" style=\"width: 800px\" class=\"wp-caption aligncenter\"><img decoding=\"async\" loading=\"lazy\" class=\"size-full wp-image-113021\" src=\"https:\/\/static.casadomo.com\/media\/2022\/10\/hager-efintec-presentacion-aplicacion-ready.png\" alt=\"Hager en Efintec.\" width=\"800\" height=\"548\" srcset=\"https:\/\/static.casadomo.com\/media\/2022\/10\/hager-efintec-presentacion-aplicacion-ready.png 800w, https:\/\/static.casadomo.com\/media\/2022\/10\/hager-efintec-presentacion-aplicacion-ready-300x206.png 300w, https:\/\/static.casadomo.com\/media\/2022\/10\/hager-efintec-presentacion-aplicacion-ready-768x526.png 768w, https:\/\/static.casadomo.com\/media\/2022\/10\/hager-efintec-presentacion-aplicacion-ready-180x123.png 180w\" sizes=\"auto, (max-width: 800px) 100vw, 800px\"><figcaption id=\"caption-attachment-113021\" class=\"wp-caption-text\">La compa\u00f1\u00eda presentar\u00e1 sus aplicaciones centradas en los profesionales del sector y expondr\u00e1 diversas soluciones el\u00e9ctricas.<\/figcaption><\/figure>\n<p>En esta nueva edici\u00f3n de la feria, organizada por la Federaci\u00f3n de Gremios de Instaladores de Catalu\u00f1a (Fegicat), ser\u00e1 la tercera edici\u00f3n en la que participar\u00e1 <a href=\"https:\/\/www.casadomo.com\/empresas\/hager\">Hager<\/a> para mostrar sus soluciones a los profesionales del sector.<\/p>\n<p>Los visitantes que se acerquen a su stand (n\u00ba24) podr\u00e1n conocer de primera mano las soluciones de la compa\u00f1\u00eda, as\u00ed como las herramientas que ayudan en el trabajo diario. Como es el caso de la aplicaci\u00f3n Hager Ready, un asistente personal que ahorra tiempo a los profesionales durante la gesti\u00f3n de sus proyectos.<\/p>\n<p>La aplicaci\u00f3n Hager Ready cuenta con una interfaz de usuario sencilla, cuya p\u00e1gina principal permite buscar los productos de manera m\u00e1s r\u00e1pida, as\u00ed como volver a consultar los productos vistos recientemente.<\/p>\n<h2>Interfaz intuitiva<\/h2>\n<p>Los usuarios tienen la posibilidad de navegar con mayor rapidez entre sus proyectos recientes o descubrir los nuevos documentos o formaciones que ofrece la compa\u00f1\u00eda. Por otro lado, dispondr\u00e1n en todo momento del cat\u00e1logo electr\u00f3nico actualizado, con b\u00fasquedas m\u00e1s r\u00e1pidas de las \u00faltimas tecnolog\u00edas, e incluso podr\u00e1n descargarse los folletos en su tel\u00e9fono m\u00f3vil.<\/p>\n<p>Otras funciones de la aplicaci\u00f3n Hager Ready son la posibilidad de almacenar las im\u00e1genes de los proyectos para compartirlas con los clientes, acceder al servicio t\u00e9cnico en cualquier momento, navegar por todos los proyectos r\u00e1pidamente y trabajar en un mismo proyecto varios usuarios a la vez, entre otras opciones.<\/p>\n<p>En el stand de Hager, los profesionales tendr\u00e1n la oportunidad de ver una gama de productos de la compa\u00f1\u00eda, entre los que se encuentran las envolventes o las nuevas <a href=\"https:\/\/www.casadomo.com\/2022\/07\/06\/nuevas-tomas-schuko-puertos-usb-a-c-hager-disponibles-acabado-serie-berker\">tomas Schuko<\/a> con puertos USB A y C, entre otros.<\/p>\n<p>Los interesados en asistir a Efintec pueden obtener un acceso gratuito registr\u00e1ndose con el c\u00f3digo promocional HAGER2022.<\/p>\n<p>La entrada <a rel=\"nofollow\" href=\"https:\/\/www.casadomo.com\/2022\/10\/18\/hager-anuncia-participacion-feria-efintec-mostrar-novedades-profesionales\">Hager anuncia su participaci\u00f3n en la feria Efintec para mostrar sus novedades a los profesionales<\/a> aparece primero en <a rel=\"nofollow\" href=\"https:\/\/www.casadomo.com\/\">CASADOMO<\/a>.<\/p>\n<\/div>\n","protected":false},"excerpt":{"rendered":"<p>El fabricante de material el\u00e9ctrico para el sector residencial, terciario e industrial Hager ha anunciado su presencia en la feria de la Exposici\u00f3n y F\u00f3rum de la Empresas Instaladoras y Nuevas Tecnolog\u00edas (Efintec), que se celebrar\u00e1 los pr\u00f3ximos d\u00edas 20 y 21 de octubre de 2022 en Fira Barcelona, en el recinto Montjuic (Barcelona). La &hellip; <a href=\"https:\/\/domosistemas.com\/?p=18214\" class=\"more-link\">Sigue leyendo <span class=\"screen-reader-text\">Hager anuncia su participaci\u00f3n en la feria Efintec para mostrar sus novedades a los profesionales<\/span><\/a><\/p>\n","protected":false},"author":1,"featured_media":0,"comment_status":"closed","ping_status":"closed","sticky":false,"template":"","format":"standard","meta":{"footnotes":""},"categories":[3],"tags":[],"class_list":["post-18214","post","type-post","status-publish","format-standard","hentry","category-casadomo-com"],"_links":{"self":[{"href":"https:\/\/domosistemas.com\/index.php?rest_route=\/wp\/v2\/posts\/18214","targetHints":{"allow":["GET"]}}],"collection":[{"href":"https:\/\/domosistemas.com\/index.php?rest_route=\/wp\/v2\/posts"}],"about":[{"href":"https:\/\/domosistemas.com\/index.php?rest_route=\/wp\/v2\/types\/post"}],"author":[{"embeddable":true,"href":"https:\/\/domosistemas.com\/index.php?rest_route=\/wp\/v2\/users\/1"}],"replies":[{"embeddable":true,"href":"https:\/\/domosistemas.com\/index.php?rest_route=%2Fwp%2Fv2%2Fcomments&post=18214"}],"version-history":[{"count":0,"href":"https:\/\/domosistemas.com\/index.php?rest_route=\/wp\/v2\/posts\/18214\/revisions"}],"wp:attachment":[{"href":"https:\/\/domosistemas.com\/index.php?rest_route=%2Fwp%2Fv2%2Fmedia&parent=18214"}],"wp:term":[{"taxonomy":"category","embeddable":true,"href":"https:\/\/domosistemas.com\/index.php?rest_route=%2Fwp%2Fv2%2Fcategories&post=18214"},{"taxonomy":"post_tag","embeddable":true,"href":"https:\/\/domosistemas.com\/index.php?rest_route=%2Fwp%2Fv2%2Ftags&post=18214"}],"curies":[{"name":"wp","href":"https:\/\/api.w.org\/{rel}","templated":true}]}}