{"id":18227,"date":"2022-10-18T19:32:18","date_gmt":"2022-10-18T19:32:18","guid":{"rendered":"https:\/\/domosistemas.com\/?p=18227"},"modified":"2022-10-18T19:32:18","modified_gmt":"2022-10-18T19:32:18","slug":"el-precio-de-la-luz-se-desploma-este-miercoles-19-de-octubre-el-mas-bajo-del-ano-y-un-gran-momento-para-usar-tus-electrodomesticos","status":"publish","type":"post","link":"https:\/\/domosistemas.com\/?p=18227","title":{"rendered":"El precio de la luz se desploma este mi\u00e9rcoles 19 de octubre: el m\u00e1s bajo del a\u00f1o y un gran momento para usar tus electrodom\u00e9sticos"},"content":{"rendered":"<div>\n<p>\n      <img decoding=\"async\" src=\"https:\/\/i.blogs.es\/51d480\/johannes-plenio-voq97kezcx0-unsplash\/1024_2000.jpg\" alt=\"El precio de la luz se desploma este mi\u00e9rcoles 19 de octubre: el m\u00e1s bajo del a\u00f1o y un gran momento para usar tus electrodom\u00e9sticos\">\n    <\/p>\n<\/p>\n<p>El <strong>precio de la luz<\/strong> sigue siendo una de las principales preocupaciones de muchos hogares espa\u00f1oles, a pesar de la llegada de medidas como el <a href=\"https:\/\/www.xatakahome.com\/iluminacion-y-energia\/que-tope-al-gas-medida-gobierno-que-entra-vigor-para-rebajar-factura-luz\">tope al gas<\/a> o los famosos <a href=\"https:\/\/www.xatakahome.com\/iluminacion-y-energia\/vuelven-tramos-horarios-factura-luz-estas-horas-donde-tu-consumo-electrico-sera-barato\">tramos horarios<\/a> establecidos el pasado verano que <a href=\"https:\/\/www.xatakahome.com\/iluminacion-y-energia\/poner-lavadora-a-doce-para-ahorrar-luz-no-mejor-opcion-tramos-horarios-ahora-confusos-que-nunca\">como hemos visto<\/a> ya no funcionan todo lo bien que nos gustar\u00eda. <\/p>\n<p>Para poder <strong>ahorrar en la factura el\u00e9ctrica<\/strong> cada final de mes es conveniente conocer <a href=\"https:\/\/www.xatakahome.com\/a-fondo\/como-saber-que-precio-tendra-luz-manana-tienes-tarifa-mercado-libre-como-regulado\">qu\u00e9 precio tendr\u00e1 la luz en cada hora del d\u00eda<\/a>, y a<br \/>\nser posible con la mayor antelaci\u00f3n posible. De este modo podemos tomar diferentes <a href=\"https:\/\/www.xatakahome.com\/iluminacion-y-energia\/siete-sencillas-medidas-que-estamos-tomando-casa-para-ahorrar-nueva-factura-luz\">medidas para ahorrar<\/a> haciendo un uso m\u00e1s eficiente de nuestros electrodom\u00e9sticos.<!--more--><\/p>\n<p>Es algo que podemos hacer especialmente en d\u00edas como hoy, <strong>19 de octubre de 2022<\/strong>, cuando seg\u00fan hemos podido conocer por la  <a href=\"https:\/\/www.esios.ree.es\/es\/pvpc\">web de Red El\u00e9ctrica Espa\u00f1ola<\/a> el precio de la electricidad va a sufrir una <strong>important\u00edsima bajada<\/strong> con m\u00ednimos que hace aproximadamente un a\u00f1o no ve\u00edamos.<\/p>\n<p>El motivo est\u00e1 en el <strong>descenso notable de la compensaci\u00f3n al gas<\/strong> que como veremos m\u00e1s adelante est\u00e1 en n\u00fameros medios negativos gracias a la entrada en el mix energ\u00e9tico de <strong>energ\u00edas renovables como la e\u00f3lica<\/strong>, que estos d\u00edas est\u00e1 cobrando especial importancia.<\/p>\n<p><!-- BREAK 1 --><\/p>\n<div class=\"article-asset article-asset-normal article-asset-center\">\n<div class=\"desvio-container\">\n<div class=\"desvio\">\n<div class=\"desvio-figure js-desvio-figure\">\n    <a href=\"https:\/\/www.xatakahome.com\/iluminacion-y-energia\/poner-lavadora-a-doce-para-ahorrar-luz-no-mejor-opcion-tramos-horarios-ahora-confusos-que-nunca\"><br \/>\n     <img decoding=\"async\" alt=\"Poner la lavadora a las doce para ahorrar luz ya no es la mejor opci\u00f3n: los tramos horarios son ahora m\u00e1s confusos que nunca\" src=\"https:\/\/i.blogs.es\/3b7aa8\/1366_2000\/375_142.webp\" onerror='this.src=\"https:\/\/i.blogs.es\/3b7aa8\/1366_2000\/375_142.jpg\"'><br \/>\n    <\/a>\n   <\/div>\n<div class=\"desvio-summary\">\n<div class=\"desvio-taxonomy js-desvio-taxonomy\">\n     <a href=\"https:\/\/www.xatakahome.com\/iluminacion-y-energia\/poner-lavadora-a-doce-para-ahorrar-luz-no-mejor-opcion-tramos-horarios-ahora-confusos-que-nunca\" class=\"desvio-taxonomy-anchor\">En Xataka Smart Home<\/a>\n    <\/div>\n<p>    <a href=\"https:\/\/www.xatakahome.com\/iluminacion-y-energia\/poner-lavadora-a-doce-para-ahorrar-luz-no-mejor-opcion-tramos-horarios-ahora-confusos-que-nunca\" class=\"desvio-title js-desvio-title\">Poner la lavadora a las doce para ahorrar luz ya no es la mejor opci\u00f3n: los tramos horarios son ahora m\u00e1s confusos que nunca<\/a>\n   <\/div>\n<\/p><\/div>\n<\/p><\/div>\n<\/div>\n<h2>El precio de la luz el 19 de octubre de 2022<\/h2>\n<\/p>\n<div class=\"article-asset-image article-asset-normal\">\n<div class=\"asset-content\">\n<div class=\"base-wrapper-image\" style=\"padding-top:41.176470588235%;\">\n<p>  <img decoding=\"async\" alt=\"Minoristatabla\" class=\"centro_sinmarco\" src=\"https:\/\/i.blogs.es\/2bc0fc\/minoristatabla\/450_1000.webp\"><\/p><\/div>\n<\/p><\/div>\n<\/div>\n<p>Si lo que queremos es saber cu\u00e1l es el precio en el mercado minorista para conocer el <strong>importe a pagar en casa por cada kilovatio hora consumido<\/strong>, entonces acudimos a la p\u00e1gina de Red El\u00e9ctrica Espa\u00f1ola donde podemos averiguar el valor del T\u00e9rmino de facturaci\u00f3n de energ\u00eda activa del PVPC para cada hora.<\/p>\n<p><!-- BREAK 2 --><\/p>\n<p>Seg\u00fan estos datos, el precio medio de la luz para este 19 de octubre es de <strong>0,142 \u20ac\/kWh<\/strong>, siendo el horario m\u00e1s barato  <strong>de 06:00 a 07:00 horas<\/strong> con un precio de <strong>0,078 \u20ac\/kWh<\/strong>. Por su parte, el horario m\u00e1s caro ser\u00e1  de 20:00 a 21:00 horas, cuando tendremos que pagar <strong>0,248 \u20ac\/kWh<\/strong>.<\/p>\n<p><!-- BREAK 3 --><\/p>\n<div class=\"article-asset-image article-asset-large\">\n<div class=\"asset-content\">\n<div class=\"base-wrapper-image\" style=\"padding-top:46.217331499312%;\">\n<p>  <img decoding=\"async\" alt=\"Minorista\" class=\"centro_sinmarco\" src=\"https:\/\/i.blogs.es\/47d7b8\/minorista\/450_1000.webp\"><\/p><\/div>\n<\/p><\/div>\n<\/div>\n<div class=\"article-asset-video article-asset-normal\">\n<div class=\"asset-content\">\n<div class=\"base-asset-video\">\n<div class=\"js-dailymotion\">\n    <script type=\"application\/json\">\n           {\"videoId\":\"x88tf3k\",\"autoplay\":true,\"title\":\"AHORRA EN TU FACTURA DE LA LUZ: Las MEJORES OPCIONES para conocer los PRECIOS EN TU M\u00d3VIL\", \"tag\":\"webedia-prod\"}\n         <\/script>\n   <\/div>\n<\/p><\/div>\n<\/p><\/div>\n<\/div>\n<p>En cuanto a los precios del mercado mayorista, seg\u00fan podemos consultar en la <a href=\"https:\/\/www.omie.es\/es\">p\u00e1gina web<\/a> del Operador del Mercado Ib\u00e9rico de Energ\u00eda (OMIE), el precio medio de la electricidad para hoy es de <strong>81,71 \u20ac\/MWh<\/strong> con un m\u00e1ximo de 136,74 \u20ac\/MWh que se producir\u00e1 de 20:00 a 21:00 horas  y un m\u00ednimo de 48,37 \u20ac\/MWh que se producir\u00e1 entre las 14:00 y las 15:00 horas.<\/p>\n<\/p>\n<div class=\"article-asset-image article-asset-normal\">\n<div class=\"asset-content\">\n<div class=\"base-wrapper-image\" style=\"padding-top:44.020037570445%;\">\n<p>  <img decoding=\"async\" alt=\"Mayorista\" class=\"centro_sinmarco\" src=\"https:\/\/i.blogs.es\/8c50a6\/mayorista\/450_1000.webp\"><\/p><\/div>\n<\/p><\/div>\n<\/div>\n<p>A este precio medio hay que sumar la compensaci\u00f3n del <strong>tope al gas<\/strong> que hay que pagar a las empresas gasistas y que <a href=\"https:\/\/www.omie.es\/es\/market-results\/daily\/average-final-prices\/hourly-price-consumers?\">seg\u00fan OMIE<\/a> para hoy es en media de <strong>-1,27 \u20ac\/MWh<\/strong>, lo que sumado al precio base del mercado mayorista de 81,71 \u20ac\/MWh nos da un precio final total medio de <strong>80,44 \u20ac\/MWh<\/strong>.<\/p>\n<p>Imagen portada | <a href=\"https:\/\/www.xatakahome.com\/\">Johannes Plenio<\/a><\/p>\n<p><script>\n (function() {\n  window._JS_MODULES = window._JS_MODULES || {};\n  var headElement = document.getElementsByTagName('head')[0];\n  if (_JS_MODULES.instagram) {\n   var instagramScript = document.createElement('script');\n   instagramScript.src = 'https:\/\/platform.instagram.com\/en_US\/embeds.js';\n   instagramScript.async = true;\n   instagramScript.defer = true;\n   headElement.appendChild(instagramScript);\n  }\n })();\n<\/script><\/p>\n<p> &#8211; <br \/> La noticia<br \/>\n      <a href=\"https:\/\/www.xatakahome.com\/iluminacion-y-energia\/precio-luz-se-desploma-este-miercoles-19-octubre-ano-gran-momento-para-usar-tus-electrodomesticos?utm_source=feedburner&amp;utm_medium=feed&amp;utm_campaign=18_Oct_2022\"><br \/>\n       <em> El precio de la luz se desploma este mi\u00e9rcoles 19 de octubre: el m\u00e1s bajo del a\u00f1o y un gran momento para usar tus electrodom\u00e9sticos <\/em><br \/>\n      <\/a><br \/>\n      fue publicada originalmente en<br \/>\n      <a href=\"https:\/\/www.xatakahome.com\/?utm_source=feedburner&amp;utm_medium=feed&amp;utm_campaign=18_Oct_2022\"><br \/>\n       <strong> Xataka Smart Home <\/strong><br \/>\n      <\/a><br \/>\n            por <a href=\"https:\/\/www.xatakahome.com\/autor\/paco-rodriguez?utm_source=feedburner&amp;utm_medium=feed&amp;utm_campaign=18_Oct_2022\"><br \/>\n       Paco Rodriguez<br \/>\n      <\/a><br \/>\n      . <\/p>\n<\/div>\n","protected":false},"excerpt":{"rendered":"<p>El precio de la luz sigue siendo una de las principales preocupaciones de muchos hogares espa\u00f1oles, a pesar de la llegada de medidas como el tope al gas o los famosos tramos horarios establecidos el pasado verano que como hemos visto ya no funcionan todo lo bien que nos gustar\u00eda. Para poder ahorrar en la &hellip; <a href=\"https:\/\/domosistemas.com\/?p=18227\" class=\"more-link\">Sigue leyendo <span class=\"screen-reader-text\">El precio de la luz se desploma este mi\u00e9rcoles 19 de octubre: el m\u00e1s bajo del a\u00f1o y un gran momento para usar tus electrodom\u00e9sticos<\/span><\/a><\/p>\n","protected":false},"author":1,"featured_media":0,"comment_status":"closed","ping_status":"closed","sticky":false,"template":"","format":"standard","meta":{"footnotes":""},"categories":[8],"tags":[],"class_list":["post-18227","post","type-post","status-publish","format-standard","hentry","category-xataka"],"_links":{"self":[{"href":"https:\/\/domosistemas.com\/index.php?rest_route=\/wp\/v2\/posts\/18227","targetHints":{"allow":["GET"]}}],"collection":[{"href":"https:\/\/domosistemas.com\/index.php?rest_route=\/wp\/v2\/posts"}],"about":[{"href":"https:\/\/domosistemas.com\/index.php?rest_route=\/wp\/v2\/types\/post"}],"author":[{"embeddable":true,"href":"https:\/\/domosistemas.com\/index.php?rest_route=\/wp\/v2\/users\/1"}],"replies":[{"embeddable":true,"href":"https:\/\/domosistemas.com\/index.php?rest_route=%2Fwp%2Fv2%2Fcomments&post=18227"}],"version-history":[{"count":0,"href":"https:\/\/domosistemas.com\/index.php?rest_route=\/wp\/v2\/posts\/18227\/revisions"}],"wp:attachment":[{"href":"https:\/\/domosistemas.com\/index.php?rest_route=%2Fwp%2Fv2%2Fmedia&parent=18227"}],"wp:term":[{"taxonomy":"category","embeddable":true,"href":"https:\/\/domosistemas.com\/index.php?rest_route=%2Fwp%2Fv2%2Fcategories&post=18227"},{"taxonomy":"post_tag","embeddable":true,"href":"https:\/\/domosistemas.com\/index.php?rest_route=%2Fwp%2Fv2%2Ftags&post=18227"}],"curies":[{"name":"wp","href":"https:\/\/api.w.org\/{rel}","templated":true}]}}