{"id":18398,"date":"2022-11-15T03:00:39","date_gmt":"2022-11-15T03:00:39","guid":{"rendered":"https:\/\/domosistemas.com\/?p=18398"},"modified":"2022-11-15T03:00:39","modified_gmt":"2022-11-15T03:00:39","slug":"la-casa-de-la-luz-de-simon-celebra-eventos-durante-matelec-para-los-profesionales-del-sector","status":"publish","type":"post","link":"https:\/\/domosistemas.com\/?p=18398","title":{"rendered":"La Casa de la Luz de Simon celebra eventos durante Matelec para los profesionales del sector"},"content":{"rendered":"<div>\n<p>El espacio comercial y de exposiciones La Casa de la Luz de <a href=\"https:\/\/www.simonelectric.com\/\" target=\"_blank\" rel=\"noopener sponsored\">Simon<\/a>, ubicado en el centro de Madrid, est\u00e1 abierto durante el desarrollo de la feria Matelec, que se celebra del 15 al 18 de noviembre en Ifema de Madrid, para los profesionales del sector.<\/p>\n<figure id=\"attachment_114252\" aria-describedby=\"caption-attachment-114252\" style=\"width: 500px\" class=\"wp-caption aligncenter\"><img decoding=\"async\" loading=\"lazy\" class=\"size-full wp-image-114252\" src=\"https:\/\/static.casadomo.com\/media\/2022\/11\/simon-casa-luz-matelec-exposicion-dispositivos-inteligentes-1.png\" alt=\"Casa de la Luz de Simon.\" width=\"500\" height=\"644\" srcset=\"https:\/\/static.casadomo.com\/media\/2022\/11\/simon-casa-luz-matelec-exposicion-dispositivos-inteligentes-1.png 500w, https:\/\/static.casadomo.com\/media\/2022\/11\/simon-casa-luz-matelec-exposicion-dispositivos-inteligentes-1-233x300.png 233w, https:\/\/static.casadomo.com\/media\/2022\/11\/simon-casa-luz-matelec-exposicion-dispositivos-inteligentes-1-180x232.png 180w\" sizes=\"auto, (max-width: 500px) 100vw, 500px\"><figcaption id=\"caption-attachment-114252\" class=\"wp-caption-text\">La Casa de la Luz realiza eventos con motivo de la celebraci\u00f3n de la feria Matelec.<\/figcaption><\/figure>\n<p>Durante estos d\u00edas, <a href=\"https:\/\/www.casadomo.com\/empresas\/simon\">Simon<\/a> realiza diferentes eventos en La Casa de la Luz. Los d\u00edas 15 y 16 de noviembre, a las 9:00 horas, la compa\u00f1\u00eda ofrece un desayuno para las asociaciones, los gremios y los profesionales del sector, bajo invitaci\u00f3n. Posteriormente, a las 10:00 horas se trasladar\u00e1n a Ifema para visitar el espacio de Simon en Matelec.<\/p>\n<p>Asimismo, durante los d\u00edas 15 y 16, de 9:00 a 21:00 horas, y los d\u00edas 17 y 18, de 9:00 a 14:00 horas, La Casa de la Luz est\u00e1 abierta para que los profesionales del sector la visiten y tengan la oportunidad de conocer la gama de productos conectados y los servicios de Simon para las viviendas inteligentes.<\/p>\n<p>Adem\u00e1s, la compa\u00f1\u00eda celebrar\u00e1 el jueves 17, a partir de las 19:30 horas hasta las 22:30 horas, la Fiesta El\u00e9ctrica en <a href=\"https:\/\/www.casadomo.com\/2022\/03\/28\/casa-luz-nuevo-espacio-comercial-exposicion-simon-centro-madrid\">La Casa de la Luz<\/a>. Este evento tiene aforo limitado, por lo que se requiere invitaci\u00f3n.<\/p>\n<h2>Dispositivos inteligentes de Simon en Matelec<\/h2>\n<p>Respecto a la presencia de Simon en la feria de Matelec, la compa\u00f1\u00eda dispone de un stand (6C01), ubicado en el pabell\u00f3n 6, donde muestra la sostenibilidad al alcance de los hogares y los usuarios con sus soluciones conectivas y la revoluci\u00f3n iO, al tiempo que comparte su visi\u00f3n en tres pilares fundamentales para la empresa: la sostenibilidad, la innovaci\u00f3n y la tecnolog\u00eda, materializada con su portafolio de soluciones innovadoras dise\u00f1adas para el bienestar de las personas.<\/p>\n<p>En el marco de la feria, Simon presenta el que ha sido su \u00faltimo gran lanzamiento, Simon 270, al que se incorporan nuevas funciones como el termostato para calefacci\u00f3n, la botonera iO con display y alarmas t\u00e9cnicas. Otra novedad que se presentar\u00e1 es el nuevo\u00a0configurador MiO, que permite crear, dise\u00f1ar y personalizar el hogar de forma intuitiva para el usuario.<\/p>\n<p>En el stand tambi\u00e9n pueden verse las soluciones de iluminaci\u00f3n para los espacios de trabajo, como el sistema de iluminaci\u00f3n lineal Simon 860, que destaca por su eficiencia lum\u00ednica, control del deslumbramiento y su flexibilidad y facilidad de instalaci\u00f3n. La gran versatilidad de esta gama permite hacer instalaciones individuales o crear composiciones que se adaptan a la arquitectura del espacio.<\/p>\n<p>Tambi\u00e9n est\u00e1 la nueva familia de downlights t\u00e9cnicos Simon 800 disponible en distintos tama\u00f1os y potencias que se adaptan a las necesidades del espacio, y se complementa con accesorios que ayudan al control del deslumbramiento. Gracias a un premarco circular opcional, facilita la integraci\u00f3n en los techos, proporcionando una iluminaci\u00f3n homog\u00e9nea y uniforme de alta calidad en entornos exigentes.<\/p>\n<h2>Puntos de recarga para los veh\u00edculos el\u00e9ctricos<\/h2>\n<p>En Matelec, Simon presenta el <a href=\"https:\/\/www.casadomo.com\/2022\/04\/20\/simon-presenta-nueva-gama-cargadores-vehiculos-electricos-viviendas-comercios-hoteles\">portafolio de punto de recarga<\/a> de veh\u00edculos el\u00e9ctricos renovado con tres familias: Simon Neon Street, para aparcamientos exteriores en la v\u00eda p\u00fablica; Simon SM20 Business, para empresas, hoteles y centros comerciales; y Simon SM34 Residential, para viviendas unifamiliares.<\/p>\n<p>Los profesionales pueden disfrutar de c\u00e1psulas formativas en la mesa de demostraciones de producto en relaci\u00f3n al hogar conectado de Simon, que se desarrollan durante Matelec. Las tem\u00e1ticas que abordan son smart home, mecanismos, iluminaci\u00f3n y control de luz, y gesti\u00f3n de recarga de veh\u00edculo el\u00e9ctrico.<\/p>\n<p>La entrada <a rel=\"nofollow\" href=\"https:\/\/www.casadomo.com\/2022\/11\/15\/casa-luz-simon-celebra-eventos-durante-matelec-profesionales-sector\">La Casa de la Luz de Simon celebra eventos durante Matelec para los profesionales del sector<\/a> aparece primero en <a rel=\"nofollow\" href=\"https:\/\/www.casadomo.com\/\">CASADOMO<\/a>.<\/p>\n<\/div>\n","protected":false},"excerpt":{"rendered":"<p>El espacio comercial y de exposiciones La Casa de la Luz de Simon, ubicado en el centro de Madrid, est\u00e1 abierto durante el desarrollo de la feria Matelec, que se celebra del 15 al 18 de noviembre en Ifema de Madrid, para los profesionales del sector. La Casa de la Luz realiza eventos con motivo &hellip; <a href=\"https:\/\/domosistemas.com\/?p=18398\" class=\"more-link\">Sigue leyendo <span class=\"screen-reader-text\">La Casa de la Luz de Simon celebra eventos durante Matelec para los profesionales del sector<\/span><\/a><\/p>\n","protected":false},"author":1,"featured_media":0,"comment_status":"closed","ping_status":"closed","sticky":false,"template":"","format":"standard","meta":{"footnotes":""},"categories":[3],"tags":[],"class_list":["post-18398","post","type-post","status-publish","format-standard","hentry","category-casadomo-com"],"_links":{"self":[{"href":"https:\/\/domosistemas.com\/index.php?rest_route=\/wp\/v2\/posts\/18398","targetHints":{"allow":["GET"]}}],"collection":[{"href":"https:\/\/domosistemas.com\/index.php?rest_route=\/wp\/v2\/posts"}],"about":[{"href":"https:\/\/domosistemas.com\/index.php?rest_route=\/wp\/v2\/types\/post"}],"author":[{"embeddable":true,"href":"https:\/\/domosistemas.com\/index.php?rest_route=\/wp\/v2\/users\/1"}],"replies":[{"embeddable":true,"href":"https:\/\/domosistemas.com\/index.php?rest_route=%2Fwp%2Fv2%2Fcomments&post=18398"}],"version-history":[{"count":0,"href":"https:\/\/domosistemas.com\/index.php?rest_route=\/wp\/v2\/posts\/18398\/revisions"}],"wp:attachment":[{"href":"https:\/\/domosistemas.com\/index.php?rest_route=%2Fwp%2Fv2%2Fmedia&parent=18398"}],"wp:term":[{"taxonomy":"category","embeddable":true,"href":"https:\/\/domosistemas.com\/index.php?rest_route=%2Fwp%2Fv2%2Fcategories&post=18398"},{"taxonomy":"post_tag","embeddable":true,"href":"https:\/\/domosistemas.com\/index.php?rest_route=%2Fwp%2Fv2%2Ftags&post=18398"}],"curies":[{"name":"wp","href":"https:\/\/api.w.org\/{rel}","templated":true}]}}