{"id":18501,"date":"2022-11-23T09:21:48","date_gmt":"2022-11-23T09:21:48","guid":{"rendered":"https:\/\/domosistemas.com\/?p=18501"},"modified":"2022-11-23T09:21:48","modified_gmt":"2022-11-23T09:21:48","slug":"jeff-bezos-recomienda-no-hacer-compras-innecesarias-en-el-black-friday-que-esconden-las-declaraciones-del-dueno-de-amazon","status":"publish","type":"post","link":"https:\/\/domosistemas.com\/?p=18501","title":{"rendered":"Jeff Bezos recomienda no hacer compras innecesarias en el Black Friday \u00bfQu\u00e9 esconden las declaraciones del due\u00f1o de Amazon?"},"content":{"rendered":"<div>\n<p>\n      <img decoding=\"async\" src=\"https:\/\/i.blogs.es\/494be0\/bezos\/1024_2000.jpeg\" alt=\"Jeff Bezos recomienda no hacer compras innecesarias en el Black Friday \u00bfQu\u00e9 esconden las declaraciones del due\u00f1o de Amazon?\">\n    <\/p>\n<p>\nInmersos en el [Black Friday 2022(https:\/\/www.xataka.com\/black-friday) como estamos, el pistoletazo de salida para la \u00e9poca de compras masivas de final de a\u00f1o, <strong>no dejan de llamar la atenci\u00f3n las<\/strong> <a href=\"https:\/\/edition.cnn.com\/2022\/11\/14\/economy\/jeff-bezos-economy\/index.html\">declaraciones de Jeff Bezos<\/a>, que por si alguien no lo sabe, es la cabeza visible de Amazon y uno de los hombres m\u00e1s ricos del mundo.<\/p>\n<p>El empresario multimillonario, propietario de Amazon, una de las empresas que m\u00e1s volumen de negocio tiene en estas fechas, se ha desmarcado advirtiendo que <strong>no se hagan compras de productos innecesarios en estas fechas<\/strong>. Por la salud del planeta y para evitar problemas econ\u00f3micos en un futuro pr\u00f3ximo.<!--more--><\/p>\n<h2>No le importa no ganar tanto<\/h2>\n<\/p>\n<div class=\"article-asset-image article-asset-normal\">\n<div class=\"asset-content\">\n<div class=\"base-wrapper-image\" style=\"padding-top:57.467057101025%;\">\n<p>  <img decoding=\"async\" alt=\"Bezos\" class=\"centro_sinmarco\" src=\"https:\/\/i.blogs.es\/6716b1\/bezos\/450_1000.webp\"><\/p><\/div>\n<\/p><\/div>\n<\/div>\n<p>Una opini\u00f3n que <strong>llama mucho la atenci\u00f3n viniendo de uno de los hombres m\u00e1s ricos del mundo<\/strong> gracias a un patrimonio que supera holgadamente los 120.000 millones de d\u00f3lares y siendo adem\u00e1s due\u00f1o de una de las empresas que m\u00e1s <a href=\"https:\/\/www.xataka.com\/empresas-y-economia\/asi-como-gana-dinero-amazon-cada-vez-nube-futuro-producciones-audiovisuales-1\">negocio genera en estas fechas<\/a>.<\/p>\n<\/p>\n<div class=\"article-asset-video article-asset-normal\">\n<div class=\"asset-content\">\n<div class=\"base-asset-video\">\n<div class=\"js-dailymotion\">\n    <script type=\"application\/json\">\n           {\"videoId\":\"x87r6er\",\"autoplay\":true,\"title\":\"\u00bfC\u00d3MO GANA DINERO AMAZON? LA MAYOR FUENTE DE INGRESOS NO ES EL COMERCIO ONLINE\", \"tag\":\"webedia-prod\"}\n         <\/script>\n   <\/div>\n<\/p><\/div>\n<\/p><\/div>\n<\/div>\n<p>Y Bezos o tiene claro. El multimillonario ha asegurado que no efectuar\u00e1 gastos innecesarios en estas fechas, y adem\u00e1s aconseja a todo el mundo a que siga su ejemplo. El objetivo es <strong>eliminar riesgos y mantener los ahorros a salvo<\/strong> ante una posible recesi\u00f3n.<\/p>\n<p><!-- BREAK 1 --><\/p>\n<p>Seg\u00fan Bezos, si est\u00e1s pensando en hacerte con un televisor de gran tama\u00f1o, un nuevo equipo inform\u00e1tico o cualquier compra que suponga un desembolso importante y que no te sea realmente necesaria, lo m\u00e1s inteligente es posponerla. Habl\u00f3 en la entrevista de televisores, pero tambi\u00e9n de <strong>coches u otro tipo de gasto que pueda socavar nuestra econom\u00eda<\/strong> de forma importante.<\/p>\n<p><!-- BREAK 2 --><\/p>\n<div class=\"article-asset article-asset-normal article-asset-center\">\n<div class=\"desvio-container\">\n<div class=\"desvio\">\n<div class=\"desvio-figure js-desvio-figure\">\n    <a href=\"https:\/\/www.xataka.com\/empresas-y-economia\/asi-como-gana-dinero-amazon-cada-vez-nube-futuro-producciones-audiovisuales-1\" target='\"_blank\"' rel=\"noopener\"><br \/>\n     <img decoding=\"async\" alt=\"As\u00ed es como gana dinero Amazon: cada vez m\u00e1s nube y un futuro de producciones audiovisuales\" src=\"https:\/\/i.blogs.es\/af027a\/bezos-1.001\/375_142.webp\" onerror='this.src=\"https:\/\/i.blogs.es\/af027a\/bezos-1.001\/375_142.jpeg\"'><br \/>\n    <\/a>\n   <\/div>\n<div class=\"desvio-summary\">\n<div class=\"desvio-taxonomy js-desvio-taxonomy\">\n     <a href=\"https:\/\/www.xataka.com\/empresas-y-economia\/asi-como-gana-dinero-amazon-cada-vez-nube-futuro-producciones-audiovisuales-1\" class=\"desvio-taxonomy-anchor m-crosspost\" target='\"_blank\"' rel=\"noopener\">En Xataka<\/a>\n    <\/div>\n<p>    <a href=\"https:\/\/www.xataka.com\/empresas-y-economia\/asi-como-gana-dinero-amazon-cada-vez-nube-futuro-producciones-audiovisuales-1\" class=\"desvio-title js-desvio-title\" target='\"_blank\"' rel=\"noopener\">As\u00ed es como gana dinero Amazon: cada vez m\u00e1s nube y un futuro de producciones audiovisuales<\/a>\n   <\/div>\n<\/p><\/div>\n<\/p><\/div>\n<\/div>\n<p>Estos consejos del due\u00f1o de Amazon <strong>no est\u00e1n destinados s\u00f3lo a consumidores finales<\/strong>, sino que tambi\u00e9n afectar\u00eda a las peque\u00f1as empresas. Y la idea es la misma, minimizar el impacto de una posible recesi\u00f3n.<\/p>\n<p><!-- BREAK 3 --><\/p>\n<div class=\"article-asset-summary article-asset-normal\">\n<div class=\"asset-content\">\n<div class=\"sumario\">Bezos asegur\u00f3 que la opci\u00f3n m\u00e1s l\u00f3gica es \u201cesperar y ver qu\u00e9 pasa\u201d en los pr\u00f3ximos meses.<\/div>\n<\/p><\/div>\n<\/div>\n<p>Llama la atenci\u00f3n esta opini\u00f3n por la persona de la que proviene, propietario de una empresa, que adem\u00e1s fue noticia, hace unos d\u00edas al plantear el <a href=\"https:\/\/www.xataka.com\/empresas-y-economia\/amazon-planea-despedir-a-10-000-trabajadores-the-new-york-times-invierno-laboral-sigue-azotando-a-big-tech\">despido de unos 10.000 empleados<\/a>.<\/p>\n<p>Pero junto con una posible recesi\u00f3n econ\u00f3mica que afecta a nuestras econom\u00edas, <strong>a Bezos tambi\u00e9n le preocupa el medio ambiente y el futuro del planeta.<\/strong><\/p>\n<p><!-- BREAK 4 --><\/p>\n<p>Es al menos lo que se desprende en la entrevista, d\u00f3nde afirma que <strong>donar\u00e1 la mayor parte de su patrimonio<\/strong> con el objetivo de solventar distintas causas que le preocupan. Crisis sociales con diferencias de clases, el creciente impacto del cambio clim\u00e1tico&#8230; dos factores que le preocupan y a cuya soluci\u00f3n quiere colaborar.<\/p>\n<p><!-- BREAK 5 --><\/p>\n<p>V\u00eda |\u00a0<a href=\"https:\/\/edition.cnn.com\/2022\/11\/14\/business\/jeff-bezos-charity\/index.html\">CNN<\/a><\/p>\n<p><script>\n (function() {\n  window._JS_MODULES = window._JS_MODULES || {};\n  var headElement = document.getElementsByTagName('head')[0];\n  if (_JS_MODULES.instagram) {\n   var instagramScript = document.createElement('script');\n   instagramScript.src = 'https:\/\/platform.instagram.com\/en_US\/embeds.js';\n   instagramScript.async = true;\n   instagramScript.defer = true;\n   headElement.appendChild(instagramScript);\n  }\n })();\n<\/script><\/p>\n<p> &#8211; <br \/> La noticia<br \/>\n      <a href=\"https:\/\/www.xatakahome.com\/curiosidades\/jeff-bezos-recomienda-no-hacer-compras-innecesarias-black-friday-que-esconden-declaraciones-dueno-amazon?utm_source=feedburner&amp;utm_medium=feed&amp;utm_campaign=23_Nov_2022\"><br \/>\n       <em> Jeff Bezos recomienda no hacer compras innecesarias en el Black Friday \u00bfQu\u00e9 esconden las declaraciones del due\u00f1o de Amazon? <\/em><br \/>\n      <\/a><br \/>\n      fue publicada originalmente en<br \/>\n      <a href=\"https:\/\/www.xatakahome.com\/?utm_source=feedburner&amp;utm_medium=feed&amp;utm_campaign=23_Nov_2022\"><br \/>\n       <strong> Xataka Smart Home <\/strong><br \/>\n      <\/a><br \/>\n            por <a href=\"https:\/\/www.xatakahome.com\/autor\/jose-antonio-carmona?utm_source=feedburner&amp;utm_medium=feed&amp;utm_campaign=23_Nov_2022\"><br \/>\n       Jose Antonio Carmona<br \/>\n      <\/a><br \/>\n      . <\/p>\n<\/div>\n","protected":false},"excerpt":{"rendered":"<p>Inmersos en el [Black Friday 2022(https:\/\/www.xataka.com\/black-friday) como estamos, el pistoletazo de salida para la \u00e9poca de compras masivas de final de a\u00f1o, no dejan de llamar la atenci\u00f3n las declaraciones de Jeff Bezos, que por si alguien no lo sabe, es la cabeza visible de Amazon y uno de los hombres m\u00e1s ricos del mundo. &hellip; <a href=\"https:\/\/domosistemas.com\/?p=18501\" class=\"more-link\">Sigue leyendo <span class=\"screen-reader-text\">Jeff Bezos recomienda no hacer compras innecesarias en el Black Friday \u00bfQu\u00e9 esconden las declaraciones del due\u00f1o de Amazon?<\/span><\/a><\/p>\n","protected":false},"author":1,"featured_media":0,"comment_status":"closed","ping_status":"closed","sticky":false,"template":"","format":"standard","meta":{"footnotes":""},"categories":[8],"tags":[],"class_list":["post-18501","post","type-post","status-publish","format-standard","hentry","category-xataka"],"_links":{"self":[{"href":"https:\/\/domosistemas.com\/index.php?rest_route=\/wp\/v2\/posts\/18501","targetHints":{"allow":["GET"]}}],"collection":[{"href":"https:\/\/domosistemas.com\/index.php?rest_route=\/wp\/v2\/posts"}],"about":[{"href":"https:\/\/domosistemas.com\/index.php?rest_route=\/wp\/v2\/types\/post"}],"author":[{"embeddable":true,"href":"https:\/\/domosistemas.com\/index.php?rest_route=\/wp\/v2\/users\/1"}],"replies":[{"embeddable":true,"href":"https:\/\/domosistemas.com\/index.php?rest_route=%2Fwp%2Fv2%2Fcomments&post=18501"}],"version-history":[{"count":0,"href":"https:\/\/domosistemas.com\/index.php?rest_route=\/wp\/v2\/posts\/18501\/revisions"}],"wp:attachment":[{"href":"https:\/\/domosistemas.com\/index.php?rest_route=%2Fwp%2Fv2%2Fmedia&parent=18501"}],"wp:term":[{"taxonomy":"category","embeddable":true,"href":"https:\/\/domosistemas.com\/index.php?rest_route=%2Fwp%2Fv2%2Fcategories&post=18501"},{"taxonomy":"post_tag","embeddable":true,"href":"https:\/\/domosistemas.com\/index.php?rest_route=%2Fwp%2Fv2%2Ftags&post=18501"}],"curies":[{"name":"wp","href":"https:\/\/api.w.org\/{rel}","templated":true}]}}