{"id":18524,"date":"2022-11-24T11:44:05","date_gmt":"2022-11-24T11:44:05","guid":{"rendered":"https:\/\/domosistemas.com\/?p=18524"},"modified":"2022-11-24T11:44:05","modified_gmt":"2022-11-24T11:44:05","slug":"si-no-eres-capaz-de-sintonizar-tve-uhd-para-ver-el-mundial-de-qatar-2022-en-4k-no-eres-tu-es-tu-antena-que-no-esta-preparada","status":"publish","type":"post","link":"https:\/\/domosistemas.com\/?p=18524","title":{"rendered":"Si no eres capaz de sintonizar TVE UHD para ver el Mundial de Qatar 2022 en 4K, no eres t\u00fa, es tu antena que no est\u00e1 preparada"},"content":{"rendered":"<div>\n<p>\n      <img decoding=\"async\" src=\"https:\/\/i.blogs.es\/1398e8\/antena\/1024_2000.jpeg\" alt=\"Si no eres capaz de sintonizar TVE UHD para ver el Mundial de Qatar 2022 en 4K, no eres t\u00fa, es tu antena que no est\u00e1 preparada\">\n    <\/p>\n<p>\nHace unos d\u00edas vimos <a href=\"https:\/\/www.xatakahome.com\/servicios-de-smart-tv\/rtve-emitira-mundial-catar-2022-4k-hdr-tdt-veinte-partidos-para-disfrutar-como-nunca-futbol\">c\u00f3mo RTVE daba el bombazo<\/a>. Iba a retransmitir el Mundial de Qatar en 4K con HDR a trav\u00e9s de la TDT. Esto se traduce en <strong>una calidad nunca antes vista en la Televisi\u00f3n Digital Terrestre<\/strong> para un evento de este tipo y adem\u00e1s de forma gratuita.<\/p>\n<p>Ya explicamos <a href=\"https:\/\/www.xatakahome.com\/tutoriales\/como-sintonizar-tdt-tve-uhd-canal-para-ver-mundial-qatar-4k-hdr-gratis\">c\u00f3mo se pod\u00eda sintonizar TVE UHD<\/a>, hasta ese momento UHD Spain, para ver todos los partidos que TVE UHD emite en abierto. Hace falta muy poco, pero <strong>si a\u00fan as\u00ed no consigues verlo no te preocupes, porque no es culpa tuya<\/strong>. La responsable es tu antena.<!--more--><\/p>\n<h2>Cumples con todo pero no ves TVE UHD<\/h2>\n<\/p>\n<div class=\"article-asset-image article-asset-normal\">\n<div class=\"asset-content\">\n<div class=\"base-wrapper-image\" style=\"padding-top:68.160597572362%;\">\n<p>  <img decoding=\"async\" alt=\"Tve\" class=\"centro_sinmarco\" src=\"https:\/\/i.blogs.es\/471175\/tve\/450_1000.webp\"><\/p><\/div>\n<\/p><\/div>\n<\/div>\n<p>Pese a que RTVE <a href=\"https:\/\/www.xatakahome.com\/a-fondo\/rtve-nos-resuelve-todas-dudas-para-sintonizar-correctamente-mundial-qatar-4k-hdr\">ya nos hab\u00eda aclarado algunas dudas<\/a> respecto a la sintonizaci\u00f3n, no queda de m\u00e1s explicar algunos puntos. <a href=\"https:\/\/www.xatakahome.com\/servicios-de-smart-tv\/que-necesitas-para-ver-tdt-gratis-mundial-futbol-qatar-4k-hdr\">Entre los requisitos necesarios<\/a> para ver el f\u00fatbol del Mundial en 4K, el televisor debe ser compatible resoluci\u00f3n 4K y montar un sintonizador DVB-T2, <strong>componente que est\u00e1 presente en todos los televisores desde 2016<\/strong>.<\/p>\n<\/p>\n<div class=\"article-asset-video article-asset-normal\">\n<div class=\"asset-content\">\n<div class=\"base-asset-video\">\n<div class=\"js-dailymotion\">\n    <script type=\"application\/json\">\n           {\"videoId\":\"x7zjl07\",\"autoplay\":true,\"title\":\"VER TDT ONLINE_ CIENTOS DE CANALES EN TU PC\", \"tag\":\"TDT\"}\n         <\/script>\n   <\/div>\n<\/p><\/div>\n<\/p><\/div>\n<\/div>\n<p>Adem\u00e1s, si no tienes el canal UHD Spain localizado, has de sintonizarlo, apareciendo ahora bajo el nombre TVE UHD. Basta con iniciar la <strong>sintonizaci\u00f3n autom\u00e1tica o manual en tu televisor<\/strong>, para encontrar estos canales. Si quieres una mayor practicidad, te recomiendo que hagas la sintonizaci\u00f3n manual, buscando el canal que se corresponde a tu provincia (en la m\u00eda es el 48).<\/p>\n<p><!-- BREAK 1 --><\/p>\n<div class=\"article-asset article-asset-normal article-asset-center\">\n<div class=\"desvio-container\">\n<div class=\"desvio\">\n<div class=\"desvio-figure js-desvio-figure\">\n    <a href=\"https:\/\/www.xatakahome.com\/servicios-de-smart-tv\/como-ver-gratis-mundial-catar-2022-tele-movil-no-tienes-antena-tdt-cerca\"><br \/>\n     <img decoding=\"async\" alt=\"C\u00f3mo ver gratis el Mundial de Qatar 2022 en la tele o m\u00f3vil si no tienes una antena de TDT cerca\" src=\"https:\/\/i.blogs.es\/b26e9f\/1366_2000mundia4489\/375_142.webp\" onerror='this.src=\"https:\/\/i.blogs.es\/b26e9f\/1366_2000mundia4489\/375_142.jpg\"'><br \/>\n    <\/a>\n   <\/div>\n<div class=\"desvio-summary\">\n<div class=\"desvio-taxonomy js-desvio-taxonomy\">\n     <a href=\"https:\/\/www.xatakahome.com\/servicios-de-smart-tv\/como-ver-gratis-mundial-catar-2022-tele-movil-no-tienes-antena-tdt-cerca\" class=\"desvio-taxonomy-anchor\">En Xataka Smart Home<\/a>\n    <\/div>\n<p>    <a href=\"https:\/\/www.xatakahome.com\/servicios-de-smart-tv\/como-ver-gratis-mundial-catar-2022-tele-movil-no-tienes-antena-tdt-cerca\" class=\"desvio-title js-desvio-title\">C\u00f3mo ver gratis el Mundial de Qatar 2022 en la tele o m\u00f3vil si no tienes una antena de TDT cerca<\/a>\n   <\/div>\n<\/p><\/div>\n<\/p><\/div>\n<\/div>\n<p><strong>Seg\u00fan la ubicaci\u00f3n en la que te encuentres el canal varia<\/strong> y por eso <a href=\"https:\/\/www.uhdspain.com\/web\/wp-content\/uploads\/2021\/06\/LISTADO-CANALES-TDT-UHD-SPAIN.pdf\">hay un listado<\/a> con <strong>el dial en el que tendr\u00e1s que buscar UHD Spain<\/strong>:<\/p>\n<div class=\"article-asset-table article-asset-normal\">\n<div class=\"asset-content\">\n<table class=\"tabla-datos\">\n<thead>\n<tr>\n<th>\n<p>Comunidad<\/p>\n<\/th>\n<th>\n<p>Provincia<\/p>\n<\/th>\n<th>\n<p>Centro Emisor<\/p>\n<\/th>\n<th>\n<p>Capital con cobertura<\/p>\n<\/th>\n<th>\n<p>Canal<\/p>\n<\/th>\n<\/tr>\n<\/thead>\n<tr>\n<td>\n<p>Andaluc\u00eda<\/p>\n<\/td>\n<td>\n<p>M\u00e1laga<\/p>\n<\/td>\n<td>\n<p>Mijas<\/p>\n<\/td>\n<td>\n<p>M\u00e1laga<\/p>\n<\/td>\n<td>\n<p>26<\/p>\n<\/td>\n<\/tr>\n<tr>\n<td>\n<p>Andaluc\u00eda<\/p>\n<\/td>\n<td>\n<p>Sevilla<\/p>\n<\/td>\n<td>\n<p>Valencina<\/p>\n<\/td>\n<td>\n<p>Sevilla<\/p>\n<\/td>\n<td>\n<p>36<\/p>\n<\/td>\n<\/tr>\n<tr>\n<td>\n<p>Andaluc\u00eda<\/p>\n<\/td>\n<td>\n<p>Huelva<\/p>\n<\/td>\n<td>\n<p>Punta Umbr\u00eda<\/p>\n<\/td>\n<td>\n<p>Huelva<\/p>\n<\/td>\n<td>\n<p>38<\/p>\n<\/td>\n<\/tr>\n<tr>\n<td>\n<p>Andaluc\u00eda<\/p>\n<\/td>\n<td>\n<p>Ja\u00e9n<\/p>\n<\/td>\n<td>\n<p>Sierra Almad\u00e9n<\/p>\n<\/td>\n<td>\n<p>Ja\u00e9n<\/p>\n<\/td>\n<td>\n<p>43<\/p>\n<\/td>\n<\/tr>\n<tr>\n<td>\n<p>Andaluc\u00eda<\/p>\n<\/td>\n<td>\n<p>C\u00f3rdoba<\/p>\n<\/td>\n<td>\n<p>C\u00f3rdoba<\/p>\n<\/td>\n<td>\n<p>C\u00f3rdoba<\/p>\n<\/td>\n<td>\n<p>43<\/p>\n<\/td>\n<\/tr>\n<tr>\n<td>\n<p>Andaluc\u00eda<\/p>\n<\/td>\n<td>\n<p>C\u00e1diz<\/p>\n<\/td>\n<td>\n<p>Jerez de la Frontera<\/p>\n<\/td>\n<td>\n<p>C\u00e1diz<\/p>\n<\/td>\n<td>\n<p>44<\/p>\n<\/td>\n<\/tr>\n<tr>\n<td>\n<p>Andaluc\u00eda<\/p>\n<\/td>\n<td>\n<p>Granada<\/p>\n<\/td>\n<td>\n<p>Parapanda<\/p>\n<\/td>\n<td>\n<p>Granada<\/p>\n<\/td>\n<td>\n<p>48<\/p>\n<\/td>\n<\/tr>\n<tr>\n<td>\n<p>Arag\u00f3n<\/p>\n<\/td>\n<td>\n<p>Zaragoza<\/p>\n<\/td>\n<td>\n<p>Muela<\/p>\n<\/td>\n<td>\n<p>Zaragoza<\/p>\n<\/td>\n<td>\n<p>23<\/p>\n<\/td>\n<\/tr>\n<tr>\n<td>\n<p>Arag\u00f3n<\/p>\n<\/td>\n<td>\n<p>Huesca<\/p>\n<\/td>\n<td>\n<p>Arguis<\/p>\n<\/td>\n<td>\n<p>Huesca<\/p>\n<\/td>\n<td>\n<p>37<\/p>\n<\/td>\n<\/tr>\n<tr>\n<td>\n<p>Arag\u00f3n<\/p>\n<\/td>\n<td>\n<p>Teruel<\/p>\n<\/td>\n<td>\n<p>Teruel<\/p>\n<\/td>\n<td>\n<p>Teruel<\/p>\n<\/td>\n<td>\n<p>43<\/p>\n<\/td>\n<\/tr>\n<tr>\n<td>\n<p>Asturias<\/p>\n<\/td>\n<td>\n<p>Asturias<\/p>\n<\/td>\n<td>\n<p>Oviedo &#8211; Naranco<\/p>\n<\/td>\n<td>\n<p>Oviedo<\/p>\n<\/td>\n<td>\n<p>48<\/p>\n<\/td>\n<\/tr>\n<tr>\n<td>\n<p>Islas Baleares<\/p>\n<\/td>\n<td>\n<p>Islas Baleares<\/p>\n<\/td>\n<td>\n<p>Alfabia<\/p>\n<\/td>\n<td>\n<p>Palma de Mallorca<\/p>\n<\/td>\n<td>\n<p>22<\/p>\n<\/td>\n<\/tr>\n<tr>\n<td>\n<p>Islas Canarias<\/p>\n<\/td>\n<td>\n<p>Santa Cruz de Tenerife<\/p>\n<\/td>\n<td>\n<p>Iza\u00f1a<\/p>\n<\/td>\n<td>\n<p>Santa Cruz de Tenerife<\/p>\n<\/td>\n<td>\n<p>37<\/p>\n<\/td>\n<\/tr>\n<tr>\n<td>\n<p>Islas Canarias<\/p>\n<\/td>\n<td>\n<p>Las Palmas<\/p>\n<\/td>\n<td>\n<p>La Isleta<\/p>\n<\/td>\n<td>\n<p>Las Palmas de Gran Canaria<\/p>\n<\/td>\n<td>\n<p>41<\/p>\n<\/td>\n<\/tr>\n<tr>\n<td>\n<p>Cantabria<\/p>\n<\/td>\n<td>\n<p>Cantabria<\/p>\n<\/td>\n<td>\n<p>Pe\u00f1a Cabarga<\/p>\n<\/td>\n<td>\n<p>Santander<\/p>\n<\/td>\n<td>\n<p>43<\/p>\n<\/td>\n<\/tr>\n<tr>\n<td>\n<p>Castilla la Mancha<\/p>\n<\/td>\n<td>\n<p>Albacete<\/p>\n<\/td>\n<td>\n<p>Chinchilla<\/p>\n<p>Hell\u00edn <\/p>\n<p>Almansa<\/p>\n<\/td>\n<td>\n<p>Albacete<\/p>\n<p>Hell\u00edn<\/p>\n<p>Almansa<\/p>\n<\/td>\n<td>\n<p>26<\/p>\n<\/td>\n<\/tr>\n<tr>\n<td>\n<p>Castilla la Mancha<\/p>\n<\/td>\n<td>\n<p>Ciudad Real<\/p>\n<\/td>\n<td>\n<p>La Atalaya <\/p>\n<p>La Mancha <\/p>\n<p>Puertollano<\/p>\n<\/td>\n<td>\n<p>Ciudad Real <\/p>\n<p>Alcazar de San Juan<\/p>\n<p>Puertollano<\/p>\n<\/td>\n<td>\n<p>26<\/p>\n<\/td>\n<\/tr>\n<tr>\n<td>\n<p>Castilla la Mancha<\/p>\n<\/td>\n<td>\n<p>Cuenca<\/p>\n<\/td>\n<td>\n<p>Cuenca 1<\/p>\n<p>Cuenca 2<\/p>\n<\/td>\n<td>\n<p>Cuenca <\/p>\n<p>Cuenca<\/p>\n<\/td>\n<td>\n<p>26<\/p>\n<\/td>\n<\/tr>\n<tr>\n<td>\n<p>Castilla la Mancha<\/p>\n<\/td>\n<td>\n<p>Toledo<\/p>\n<\/td>\n<td>\n<p>Cerro Palos <\/p>\n<p>Toledo II <\/p>\n<p>Valle Ti\u00e9tar<\/p>\n<\/td>\n<td>\n<p>Toledo<\/p>\n<p>Toledo<\/p>\n<p>Talavera de la Reina<\/p>\n<\/td>\n<td>\n<p>33<\/p>\n<\/td>\n<\/tr>\n<tr>\n<td>\n<p>Castilla la Mancha<\/p>\n<\/td>\n<td>\n<p>Guadalajara<\/p>\n<\/td>\n<td>\n<p>Iriepal<\/p>\n<\/td>\n<td>\n<p>Guadalajara<\/p>\n<\/td>\n<td>\n<p>33<\/p>\n<\/td>\n<\/tr>\n<tr>\n<td>\n<p>Castilla y Le\u00f3n<\/p>\n<\/td>\n<td>\n<p>Valladolid<\/p>\n<\/td>\n<td>\n<p>Valladolid II<\/p>\n<\/td>\n<td>\n<p>Valladolid<\/p>\n<\/td>\n<td>\n<p>33<\/p>\n<\/td>\n<\/tr>\n<tr>\n<td>\n<p>Castilla y Le\u00f3n<\/p>\n<\/td>\n<td>\n<p>Salamanca<\/p>\n<\/td>\n<td>\n<p>Salamanca<\/p>\n<\/td>\n<td>\n<p>Salamanca<\/p>\n<\/td>\n<td>\n<p>35<\/p>\n<\/td>\n<\/tr>\n<tr>\n<td>\n<p>Castilla y Le\u00f3n<\/p>\n<\/td>\n<td>\n<p>Segovia<\/p>\n<\/td>\n<td>\n<p>Segovia<\/p>\n<\/td>\n<td>\n<p>Segovia<\/p>\n<\/td>\n<td>\n<p>35<\/p>\n<\/td>\n<\/tr>\n<tr>\n<td>\n<p>Castilla y Le\u00f3n<\/p>\n<\/td>\n<td>\n<p>\u00c1vila<\/p>\n<\/td>\n<td>\n<p>\u00c1vila<\/p>\n<\/td>\n<td> <\/td>\n<td>\n<p>35<\/p>\n<\/td>\n<\/tr>\n<tr>\n<td>\n<p>Castilla y Le\u00f3n<\/p>\n<\/td>\n<td>\n<p>Burgos<\/p>\n<\/td>\n<td>\n<p>Burgos<\/p>\n<\/td>\n<td>\n<p>Burgos<\/p>\n<\/td>\n<td>\n<p>35<\/p>\n<\/td>\n<\/tr>\n<tr>\n<td>\n<p>Castilla y Le\u00f3n<\/p>\n<\/td>\n<td>\n<p>Le\u00f3n<\/p>\n<\/td>\n<td>\n<p>El Portillo<\/p>\n<\/td>\n<td>\n<p>Le\u00f3n<\/p>\n<\/td>\n<td>\n<p>35<\/p>\n<\/td>\n<\/tr>\n<tr>\n<td>\n<p>Castilla y Le\u00f3n<\/p>\n<\/td>\n<td>\n<p>Palencia<\/p>\n<\/td>\n<td>\n<p>Villamuriel de Cerrato<\/p>\n<\/td>\n<td>\n<p>Palencia<\/p>\n<\/td>\n<td>\n<p>35<\/p>\n<\/td>\n<\/tr>\n<tr>\n<td>\n<p>Castilla y Le\u00f3n<\/p>\n<\/td>\n<td>\n<p>Soria<\/p>\n<\/td>\n<td>\n<p>Soria<\/p>\n<\/td>\n<td>\n<p>Soria<\/p>\n<\/td>\n<td>\n<p>27<\/p>\n<\/td>\n<\/tr>\n<tr>\n<td>\n<p>Castilla y Le\u00f3n<\/p>\n<\/td>\n<td>\n<p>Zamora<\/p>\n<\/td>\n<td>\n<p>Zamora<\/p>\n<\/td>\n<td>\n<p>Zamora<\/p>\n<\/td>\n<td>\n<p>33<\/p>\n<\/td>\n<\/tr>\n<tr>\n<td>\n<p>Catalu\u00f1a<\/p>\n<\/td>\n<td>\n<p>L\u00e9rida<\/p>\n<\/td>\n<td>\n<p>Alpicat<\/p>\n<\/td>\n<td>\n<p>L\u00e9rida<\/p>\n<\/td>\n<td>\n<p>41<\/p>\n<\/td>\n<\/tr>\n<tr>\n<td>\n<p>Catalu\u00f1a<\/p>\n<\/td>\n<td>\n<p>Gerona<\/p>\n<\/td>\n<td>\n<p>Rocacorba<\/p>\n<\/td>\n<td>\n<p>Gerona<\/p>\n<\/td>\n<td>\n<p>41<\/p>\n<\/td>\n<\/tr>\n<tr>\n<td>\n<p>Catalu\u00f1a<\/p>\n<\/td>\n<td>\n<p>Tarragona<\/p>\n<\/td>\n<td>\n<p>Mussara<\/p>\n<\/td>\n<td>\n<p>Tarragona<\/p>\n<\/td>\n<td>\n<p>42<\/p>\n<\/td>\n<\/tr>\n<tr>\n<td>\n<p>Catalu\u00f1a<\/p>\n<\/td>\n<td>\n<p>Barcelona<\/p>\n<\/td>\n<td>\n<p>Baix Llobregat <\/p>\n<p>Collserola<\/p>\n<\/td>\n<td>\n<p>Torrelles de Llobregat<\/p>\n<p>Barcelona<\/p>\n<\/td>\n<td>\n<p>42<\/p>\n<\/td>\n<\/tr>\n<tr>\n<td>\n<p>Valencia<\/p>\n<\/td>\n<td>\n<p>Alicante<\/p>\n<\/td>\n<td>\n<p>Aitana<\/p>\n<\/td>\n<td>\n<p>Alicante<\/p>\n<\/td>\n<td>\n<p>42<\/p>\n<\/td>\n<\/tr>\n<tr>\n<td>\n<p>Valencia<\/p>\n<\/td>\n<td>\n<p>Castell\u00f3n<\/p>\n<\/td>\n<td>\n<p>Desert<\/p>\n<\/td>\n<td>\n<p>Castell\u00f3n<\/p>\n<\/td>\n<td>\n<p>46<\/p>\n<\/td>\n<\/tr>\n<tr>\n<td>\n<p>Valencia<\/p>\n<\/td>\n<td>\n<p>Valencia<\/p>\n<\/td>\n<td>\n<p>Torrent<\/p>\n<\/td>\n<td>\n<p>Valencia<\/p>\n<\/td>\n<td>\n<p>48<\/p>\n<\/td>\n<\/tr>\n<tr>\n<td>\n<p>Extremadura<\/p>\n<\/td>\n<td>\n<p>Badajoz<\/p>\n<\/td>\n<td>\n<p>Badajoz<\/p>\n<\/td>\n<td>\n<p>Badajoz<\/p>\n<\/td>\n<td>\n<p>21<\/p>\n<\/td>\n<\/tr>\n<tr>\n<td>\n<p>Extremadura<\/p>\n<\/td>\n<td>\n<p>C\u00e1ceres<\/p>\n<\/td>\n<td>\n<p>C\u00e1ceres<\/p>\n<p>M\u00e9rida II<\/p>\n<\/td>\n<td>\n<p>C\u00e1ceres<\/p>\n<p>M\u00e9rida<\/p>\n<\/td>\n<td>\n<p>40<\/p>\n<\/td>\n<\/tr>\n<tr>\n<td>\n<p>Galicia<\/p>\n<\/td>\n<td>\n<p>La Coru\u00f1a<\/p>\n<\/td>\n<td>\n<p>Ares<\/p>\n<p>Santiago<\/p>\n<\/td>\n<td>\n<p>La Coru\u00f1a<\/p>\n<p>Santiago de Compostela<\/p>\n<\/td>\n<td>\n<p>42<\/p>\n<\/td>\n<\/tr>\n<tr>\n<td>\n<p>Galicia<\/p>\n<\/td>\n<td>\n<p>Lugo<\/p>\n<\/td>\n<td>\n<p>P\u00e1ramo<\/p>\n<\/td>\n<td>\n<p>Lugo<\/p>\n<\/td>\n<td>\n<p>43<\/p>\n<\/td>\n<\/tr>\n<tr>\n<td>\n<p>Galicia<\/p>\n<\/td>\n<td>\n<p>Orense<\/p>\n<\/td>\n<td>\n<p>Orense<\/p>\n<\/td>\n<td>\n<p>Orense<\/p>\n<\/td>\n<td>\n<p>43<\/p>\n<\/td>\n<\/tr>\n<tr>\n<td>\n<p>Galicia<\/p>\n<\/td>\n<td>\n<p>Pontevedra<\/p>\n<\/td>\n<td>\n<p>Pontevedra<\/p>\n<\/td>\n<td>\n<p>Pontevedra<\/p>\n<\/td>\n<td>\n<p>34<\/p>\n<\/td>\n<\/tr>\n<tr>\n<td>\n<p>Madrid<\/p>\n<\/td>\n<td>\n<p>Madrid<\/p>\n<\/td>\n<td>\n<p>San Fernando de Henares <\/p>\n<p>Torrespa\u00f1a<\/p>\n<\/td>\n<td>\n<p>San Fernando de Henares <\/p>\n<p>Madrid<\/p>\n<\/td>\n<td>\n<p>39<\/p>\n<\/td>\n<\/tr>\n<tr>\n<td>\n<p>Murcia<\/p>\n<\/td>\n<td>\n<p>Murcia<\/p>\n<\/td>\n<td>\n<p>Carrascoy<\/p>\n<\/td>\n<td>\n<p>Murcia<\/p>\n<\/td>\n<td>\n<p>41<\/p>\n<\/td>\n<\/tr>\n<tr>\n<td>\n<p>Navarra<\/p>\n<\/td>\n<td>\n<p>Navarra<\/p>\n<\/td>\n<td>\n<p>Monreal<\/p>\n<\/td>\n<td>\n<p>Pamplona<\/p>\n<\/td>\n<td>\n<p>22<\/p>\n<\/td>\n<\/tr>\n<tr>\n<td>\n<p>Pa\u00eds Vasco<\/p>\n<\/td>\n<td>\n<p>Vizcaya<\/p>\n<\/td>\n<td>\n<p>Archanda<\/p>\n<\/td>\n<td>\n<p>Bilbao<\/p>\n<\/td>\n<td>\n<p>27<\/p>\n<\/td>\n<\/tr>\n<tr>\n<td>\n<p>Pa\u00eds Vasco<\/p>\n<\/td>\n<td>\n<p>Guip\u00fazcoa<\/p>\n<\/td>\n<td>\n<p>Jaizkibel<\/p>\n<\/td>\n<td>\n<p>San Sebasti\u00e1n<\/p>\n<\/td>\n<td>\n<p>27<\/p>\n<\/td>\n<\/tr>\n<tr>\n<td>\n<p>Pa\u00eds Vasco<\/p>\n<\/td>\n<td>\n<p>\u00c1lava<\/p>\n<\/td>\n<td>\n<p>Vitoria<\/p>\n<\/td>\n<td>\n<p>Vitoria &#8211; Gasteiz<\/p>\n<\/td>\n<td>\n<p>21<\/p>\n<\/td>\n<\/tr>\n<tr>\n<td>\n<p>La Rioja<\/p>\n<\/td>\n<td>\n<p>Logro\u00f1o<\/p>\n<\/td>\n<td>\n<p>Logro\u00f1o<\/p>\n<\/td>\n<td>\n<p>Logro\u00f1o<\/p>\n<\/td>\n<td>\n<p>33<\/p>\n<\/td>\n<\/tr>\n<\/table><\/div>\n<\/div>\n<p>El problema es que <strong>a usuarios que cumplen con todos estos requisitos les es imposible ver el nuevo canal<\/strong> en UHD de TVE. Por eso, y ante la duda, he contactado con un <a href=\"https:\/\/www.aginstalacioneselectricas.es\/\">t\u00e9cnico de antenas e instalaciones el\u00e9ctricas<\/a> que ha aclarado las dudas sobre porqu\u00e9 est\u00e1 ocurriendo esto.<\/p>\n<p>Alejandro, que ese es su nombre, me ha indicado <strong>d\u00f3nde puede radicar el problema<\/strong>. <em>\u00abEl canal UHD entraba en el en el m\u00f3dulo 48. Un m\u00f3dulo que es local, no es un m\u00f3dulo nacional con lo cual, si la comunidad no lo tiene, ver\u00e1 \u00fanicamente los canales de la TDT nacionales, mientras que los que entran por el m\u00f3dulo local no los ver\u00e1n\u00bb<\/em>.<\/p>\n<p><!-- BREAK 2 --><\/p>\n<p>Queda entonces en el aire, la pregunta de <strong>cu\u00e1l puede ser la soluci\u00f3n para poder recibir los canales en Ultra Alta Definici\u00f3n<\/strong> (UHD) y esto es lo que nos ha indicado. <em>\u00abLas antenas que no pueden verlo tienen dos opciones: o poner un ancho de banda que es una cabecera que lo que hace es que lo abarca todo y mete todos los canales para la TDT ya sean los nacionales locales o auton\u00f3micos o si no hay que mirar en qu\u00e9 m\u00f3dulo entraban, que si mal no recuerdo era el 48 y ponerle o bien el m\u00f3dulo del 48 o a la cabecera programable el m\u00f3dulo 48\u00bb<\/em>. <\/p>\n<p><!-- BREAK 3 --><\/p>\n<p>No obstante recordar, que <strong>este canal que se puede sintonizar de forma manual cambia<\/strong>, seg\u00fan la tabla de antes, en funci\u00f3n de la ubicaci\u00f3n y provincia en la que nos encontremos.<\/p>\n<p><!-- BREAK 4 --><\/p>\n<div class=\"article-asset-image article-asset-normal\">\n<div class=\"asset-content\">\n<div class=\"base-wrapper-image\" style=\"padding-top:54.831625183016%;\">\n<p>  <img decoding=\"async\" alt=\"Mundial\" class=\"centro_sinmarco\" src=\"https:\/\/i.blogs.es\/7f8257\/mundial\/450_1000.webp\"><\/p><\/div>\n<\/p><\/div>\n<\/div>\n<p>Con estas respuestas, la pregunta inevitable es <strong>cu\u00e1l puede ser el coste de adaptar una antena para poder ver estos canales<\/strong>. Y de nuevo, hay varias opciones. <em>\u00abPuede variar mucho y si se trata de poner un m\u00f3dulo m\u00e1s o menos el precio es de unos 110 o 115 euros m\u00e1s mano de obra que ser\u00e1n unos 30 euros. Si se trata de programar una cabecera programable, pues vienen a ser unos 60 euros. Si se trata de poner un ancho de banda superior el precio es de unos 300 euros. Pero todo depende un poco de lo que haya que hacer en la instalaci\u00f3n\u00bb<\/em>.<\/p>\n<p><!-- BREAK 5 --><\/p>\n<p>Por lo tanto y pese a que formemos parte de ese 60% de la poblaci\u00f3n que tiene cobertura de la se\u00f1al del mux donde emite TVE 4K, <strong>s\u00f3lo los que tienen una antena preparada y adaptada<\/strong>, tanto comunitaria como particular, podr\u00e1n seguir el Mundial de Qatar a trav\u00e9s del canal de TVE en 4K.<\/p>\n<p><!-- BREAK 6 --><script>\n (function() {\n  window._JS_MODULES = window._JS_MODULES || {};\n  var headElement = document.getElementsByTagName('head')[0];\n  if (_JS_MODULES.instagram) {\n   var instagramScript = document.createElement('script');\n   instagramScript.src = 'https:\/\/platform.instagram.com\/en_US\/embeds.js';\n   instagramScript.async = true;\n   instagramScript.defer = true;\n   headElement.appendChild(instagramScript);\n  }\n })();\n<\/script><\/p>\n<p> &#8211; <br \/> La noticia<br \/>\n      <a href=\"https:\/\/www.xatakahome.com\/a-fondo\/no-eres-capaz-sintonizar-tve-uhd-para-ver-mundial-qatar-2022-4k-no-eres-tu-tu-antena-que-no-esta-preparada?utm_source=feedburner&amp;utm_medium=feed&amp;utm_campaign=24_Nov_2022\"><br \/>\n       <em> Si no eres capaz de sintonizar TVE UHD para ver el Mundial de Qatar 2022 en 4K, no eres t\u00fa, es tu antena que no est\u00e1 preparada <\/em><br \/>\n      <\/a><br \/>\n      fue publicada originalmente en<br \/>\n      <a href=\"https:\/\/www.xatakahome.com\/?utm_source=feedburner&amp;utm_medium=feed&amp;utm_campaign=24_Nov_2022\"><br \/>\n       <strong> Xataka Smart Home <\/strong><br \/>\n      <\/a><br \/>\n            por <a href=\"https:\/\/www.xatakahome.com\/autor\/jose-antonio-carmona?utm_source=feedburner&amp;utm_medium=feed&amp;utm_campaign=24_Nov_2022\"><br \/>\n       Jose Antonio Carmona<br \/>\n      <\/a><br \/>\n      . <\/p>\n<\/div>\n","protected":false},"excerpt":{"rendered":"<p>Hace unos d\u00edas vimos c\u00f3mo RTVE daba el bombazo. Iba a retransmitir el Mundial de Qatar en 4K con HDR a trav\u00e9s de la TDT. Esto se traduce en una calidad nunca antes vista en la Televisi\u00f3n Digital Terrestre para un evento de este tipo y adem\u00e1s de forma gratuita. Ya explicamos c\u00f3mo se pod\u00eda &hellip; <a href=\"https:\/\/domosistemas.com\/?p=18524\" class=\"more-link\">Sigue leyendo <span class=\"screen-reader-text\">Si no eres capaz de sintonizar TVE UHD para ver el Mundial de Qatar 2022 en 4K, no eres t\u00fa, es tu antena que no est\u00e1 preparada<\/span><\/a><\/p>\n","protected":false},"author":1,"featured_media":0,"comment_status":"closed","ping_status":"closed","sticky":false,"template":"","format":"standard","meta":{"footnotes":""},"categories":[8],"tags":[],"class_list":["post-18524","post","type-post","status-publish","format-standard","hentry","category-xataka"],"_links":{"self":[{"href":"https:\/\/domosistemas.com\/index.php?rest_route=\/wp\/v2\/posts\/18524","targetHints":{"allow":["GET"]}}],"collection":[{"href":"https:\/\/domosistemas.com\/index.php?rest_route=\/wp\/v2\/posts"}],"about":[{"href":"https:\/\/domosistemas.com\/index.php?rest_route=\/wp\/v2\/types\/post"}],"author":[{"embeddable":true,"href":"https:\/\/domosistemas.com\/index.php?rest_route=\/wp\/v2\/users\/1"}],"replies":[{"embeddable":true,"href":"https:\/\/domosistemas.com\/index.php?rest_route=%2Fwp%2Fv2%2Fcomments&post=18524"}],"version-history":[{"count":0,"href":"https:\/\/domosistemas.com\/index.php?rest_route=\/wp\/v2\/posts\/18524\/revisions"}],"wp:attachment":[{"href":"https:\/\/domosistemas.com\/index.php?rest_route=%2Fwp%2Fv2%2Fmedia&parent=18524"}],"wp:term":[{"taxonomy":"category","embeddable":true,"href":"https:\/\/domosistemas.com\/index.php?rest_route=%2Fwp%2Fv2%2Fcategories&post=18524"},{"taxonomy":"post_tag","embeddable":true,"href":"https:\/\/domosistemas.com\/index.php?rest_route=%2Fwp%2Fv2%2Ftags&post=18524"}],"curies":[{"name":"wp","href":"https:\/\/api.w.org\/{rel}","templated":true}]}}