{"id":18709,"date":"2022-12-14T03:00:06","date_gmt":"2022-12-14T03:00:06","guid":{"rendered":"https:\/\/domosistemas.com\/?p=18709"},"modified":"2022-12-14T03:00:06","modified_gmt":"2022-12-14T03:00:06","slug":"edificios-inteligentes-ia-y-senalizacion-digital-entre-los-temas-del-programa-de-conferencias-de-ise","status":"publish","type":"post","link":"https:\/\/domosistemas.com\/?p=18709","title":{"rendered":"Edificios inteligentes, IA y se\u00f1alizaci\u00f3n digital, entre los temas del programa de conferencias de ISE"},"content":{"rendered":"<div>\n<p>La feria internacional de sistemas audiovisuales Integrated Systems Europe (<a href=\"https:\/\/www.iseurope.org\/\" target=\"_blank\" rel=\"noopener sponsored\">ISE<\/a>), que se celebrar\u00e1 en Fira Barcelona del 31 de enero al 3 de febrero de 2023, ha anunciado el programa de conferencias para <a href=\"https:\/\/www.casadomo.com\/2022\/11\/21\/feria-ise-2023-potenciara-tecnologias-produccion-distribucion-contenido\">ISE 2023<\/a>. Estas conferencias abordar\u00e1n las tendencias del mercado y se debatir\u00e1n sobre algunos de los temas m\u00e1s candentes del sector del AV y la integraci\u00f3n de sistemas, invitando a la reflexi\u00f3n.<\/p>\n<figure id=\"attachment_115394\" aria-describedby=\"caption-attachment-115394\" style=\"width: 800px\" class=\"wp-caption aligncenter\"><img decoding=\"async\" loading=\"lazy\" class=\"size-full wp-image-115394\" src=\"https:\/\/static.casadomo.com\/media\/2022\/12\/ise-programas-conferencias-sector-av-integracion-sistemas.png\" alt=\"Conferencias ISE. \" width=\"800\" height=\"419\" srcset=\"https:\/\/static.casadomo.com\/media\/2022\/12\/ise-programas-conferencias-sector-av-integracion-sistemas.png 800w, https:\/\/static.casadomo.com\/media\/2022\/12\/ise-programas-conferencias-sector-av-integracion-sistemas-300x157.png 300w, https:\/\/static.casadomo.com\/media\/2022\/12\/ise-programas-conferencias-sector-av-integracion-sistemas-768x402.png 768w, https:\/\/static.casadomo.com\/media\/2022\/12\/ise-programas-conferencias-sector-av-integracion-sistemas-180x94.png 180w\" sizes=\"auto, (max-width: 800px) 100vw, 800px\"><figcaption id=\"caption-attachment-115394\" class=\"wp-caption-text\">El programa de conferencias incorpora como novedad la conferencia Smart Home Technology y las sesiones Tech Talks. Foto: ISE 2022.<\/figcaption><\/figure>\n<p>Como novedad este a\u00f1o, CEDIA producir\u00e1 la conferencia sobre Smart Home Technology y AVIXA programar\u00e1 las otras conferencias y las nuevas Tech Talks, para ofrecer una visi\u00f3n profunda de la industria. Adem\u00e1s, las conferencias se llevar\u00e1n a cabo en un nuevo espacio, las modernas salas de conferencias especialmente dise\u00f1adas en las \u00e1reas CC4 y CC5 del nivel superior de Fira Barcelona.<\/p>\n<p><a href=\"https:\/\/www.casadomo.com\/2021\/10\/26\/mike-blackman-integrated-systems-events-managing-director\">Mike Blackman<\/a>, director general de Integrated Systems Events, comenta que para las conferencias de este a\u00f1o \u201chemos dise\u00f1ado el programa para ofrecer sesiones que constituir\u00e1n el complemento perfecto para lo que se ver\u00e1 en el recinto de exhibici\u00f3n de ISE\u201d.<\/p>\n<h2>Edificios inteligentes, IA y se\u00f1alizaci\u00f3n digital<\/h2>\n<p>El programa de conferencias dar\u00e1 comienzo el d\u00eda 31 de enero con Smart Building Conference, patrocinada por la Asociaci\u00f3n KNX, que tendr\u00e1 lugar de 10:30 a 17:15 horas. Con el t\u00edtulo \u2018La mejor tecnolog\u00eda inteligente est\u00e1 por venir\u2019, la sesi\u00f3n explorar\u00e1 temas que incluyen costes de energ\u00eda m\u00e1s bajos, edificios m\u00e1s saludables, mayor control y automatizaci\u00f3n, y entornos de trabajo mejorados. Tambi\u00e9n analizar\u00e1 el papel de las TI y las OT a medida que el big data, la inteligencia artificial (IA) y la tecnolog\u00eda de gemelos digitales cambian el panorama de la construcci\u00f3n de redes.<\/p>\n<p>La Smart Home Technology Conference se llevar\u00e1 a cabo del 31 de enero al 3 de febrero con CEDIA ofreciendo m\u00e1s de 65 horas de contenido. Esta conferencia cubre una amplia gama de tendencias de la industria como el bienestar, la hospitalidad y la vida asistida, as\u00ed como temas candentes como los juegos, la IA y la tecnolog\u00eda slow, e incluso\u00a0sesiones para mejorar las habilidades de redes, infraestructura y cableado para el hogar moderno, Wi-Fi 6 y PoE.<\/p>\n<p>El mi\u00e9rcoles 1 de febrero, la Digital Signage Summit de ISE explorar\u00e1 el tema del \u2018Poder de los P\u00edxeles\u2019 y contar\u00e1 con expertos del sector que profundizar\u00e1n en temas candentes como el papel de la se\u00f1alizaci\u00f3n digital en el retail omnicanal, el green signage y lo que suceder\u00e1 en el sector.<\/p>\n<p>Tambi\u00e9n en la ma\u00f1ana del 1 de febrero, la Control Rooms Summit profundizar\u00e1 en el tema de los datos. Habr\u00e1 casos de \u00e9xito y presentaciones que se centrar\u00e1n en c\u00f3mo hacer un uso \u00f3ptimo de los crecientes flujos de datos para tomar decisiones cr\u00edticas de manera oportuna. Tambi\u00e9n abordar\u00e1 preguntas clave para la industria, como c\u00f3mo hacer el mejor uso de la IA y el aprendizaje autom\u00e1tico para generar informaci\u00f3n \u00fatil a la hora de respaldar la toma de decisiones cr\u00edticas; o c\u00f3mo hacer llegar la informaci\u00f3n correcta a las personas adecuadas cuando la necesitan, entre otras cuestiones.<\/p>\n<h2>Tecnolog\u00eda para la educaci\u00f3n y espacios de trabajo inteligentes<\/h2>\n<p>El 1 de febrero por la tarde tendr\u00e1 lugar la Education Technology Summit, cuyo tema ser\u00e1 \u2018Conectado, compasivo y creativo: tecnolog\u00eda educativa para un mundo cambiante\u2019. La conferencia animar\u00e1 a los asistentes a reflexionar sobre el futuro y a debatir sobre la relaci\u00f3n entre los humanos y la tecnolog\u00eda digital. Adem\u00e1s, se hablar\u00e1 de lo que el Metaverso podr\u00eda significar para el aprendizaje.<\/p>\n<p>El jueves 2 de febrero, la Smart Workplace Summit explorar\u00e1 la tecnolog\u00eda m\u00e1s nueva y las \u00faltimas ideas sobre estrategias para avanzar en los espacios de trabajo inteligentes. La conferencia tambi\u00e9n abordar\u00e1 c\u00f3mo superar la incertidumbre relacionada con la pandemia y trazar cursos de direcci\u00f3n espec\u00edficos para las empresas, sus integradores y sus proveedores.<\/p>\n<p>El funcionamiento interno del mercado de los eventos en vivo ser\u00e1 el tema de la Live Events Summit, que se llevar\u00e1 a cabo el 2 de febrero. El coloquio realizar\u00e1 una mirada en profundidad a las \u00faltimas innovaciones tecnol\u00f3gicas que se presentar\u00e1n en escenarios de todo el mundo en los pr\u00f3ximos a\u00f1os.<\/p>\n<p>Otra nueva conferencia para 2023 es la Content Production &amp; Distribution Summit, el martes 31 de enero. Esta cumbre explorar\u00e1 las estrategias y tecnolog\u00edas detr\u00e1s de la creaci\u00f3n, gesti\u00f3n y distribuci\u00f3n de contenido de v\u00eddeo y expondr\u00e1 c\u00f3mo el poder de una historia puede mostrarse al mundo mediante el uso de tecnolog\u00edas de f\u00e1cil acceso.<\/p>\n<h2>Serie de Tech Talks<\/h2>\n<p>La serie Tech Talks, producidas por AVIXA, son sesiones gratuitas en espa\u00f1ol e ingl\u00e9s dise\u00f1adas para ofrecer a los visitantes la oportunidad de aprender sobre innovaciones tecnol\u00f3gicas y desarrollos comerciales.<\/p>\n<p>Las sesiones en ingl\u00e9s cubrir\u00e1n temas que incluyen el Metaverso y c\u00f3mo las empresas lo est\u00e1n incorporando a sus estrategias comerciales; el uso de videojuegos para tratar y rehabilitar pacientes; y lo \u00faltimo en innovadoras pantallas de presencia f\u00edsica y experiencias inmersivas.\u00a0Las sesiones en espa\u00f1ol contar\u00e1n con ponentes de una variedad de organizaciones y partners con sede en Catalu\u00f1a y otros lugares de Espa\u00f1a; habr\u00e1 una sesi\u00f3n sobre TI+AV \u2013 Optimizaci\u00f3n de Soluciones y Resultados, y se debatir\u00e1 sobre el blockchain y los NFT en la industria AV, entre otros temas.<\/p>\n<p>Por \u00faltimo, el CEDIA Smart Home Stage, en la Zona de Edificios Inteligentes y Residenciales (Pabell\u00f3n 2), albergar\u00e1 eventos de asistencia gratuita todos los d\u00edas durante todo el show. La programaci\u00f3n incluye temas como una mirada hacia el futuro del hogar inteligente, c\u00f3mo colaborar m\u00e1s con otros oficios o c\u00f3mo aprender a interactuar con esta asociaci\u00f3n comercial para aprovechar al m\u00e1ximo la membres\u00eda.<\/p>\n<p>La entrada <a rel=\"nofollow\" href=\"https:\/\/www.casadomo.com\/2022\/12\/14\/edificios-inteligentes-ia-senalizacion-digital-entre-temas-programa-conferencias-ise\">Edificios inteligentes, IA y se\u00f1alizaci\u00f3n digital, entre los temas del programa de conferencias de ISE<\/a> aparece primero en <a rel=\"nofollow\" href=\"https:\/\/www.casadomo.com\/\">CASADOMO<\/a>.<\/p>\n<\/div>\n","protected":false},"excerpt":{"rendered":"<p>La feria internacional de sistemas audiovisuales Integrated Systems Europe (ISE), que se celebrar\u00e1 en Fira Barcelona del 31 de enero al 3 de febrero de 2023, ha anunciado el programa de conferencias para ISE 2023. Estas conferencias abordar\u00e1n las tendencias del mercado y se debatir\u00e1n sobre algunos de los temas m\u00e1s candentes del sector del &hellip; <a href=\"https:\/\/domosistemas.com\/?p=18709\" class=\"more-link\">Sigue leyendo <span class=\"screen-reader-text\">Edificios inteligentes, IA y se\u00f1alizaci\u00f3n digital, entre los temas del programa de conferencias de ISE<\/span><\/a><\/p>\n","protected":false},"author":1,"featured_media":0,"comment_status":"closed","ping_status":"closed","sticky":false,"template":"","format":"standard","meta":{"footnotes":""},"categories":[3],"tags":[],"class_list":["post-18709","post","type-post","status-publish","format-standard","hentry","category-casadomo-com"],"_links":{"self":[{"href":"https:\/\/domosistemas.com\/index.php?rest_route=\/wp\/v2\/posts\/18709","targetHints":{"allow":["GET"]}}],"collection":[{"href":"https:\/\/domosistemas.com\/index.php?rest_route=\/wp\/v2\/posts"}],"about":[{"href":"https:\/\/domosistemas.com\/index.php?rest_route=\/wp\/v2\/types\/post"}],"author":[{"embeddable":true,"href":"https:\/\/domosistemas.com\/index.php?rest_route=\/wp\/v2\/users\/1"}],"replies":[{"embeddable":true,"href":"https:\/\/domosistemas.com\/index.php?rest_route=%2Fwp%2Fv2%2Fcomments&post=18709"}],"version-history":[{"count":0,"href":"https:\/\/domosistemas.com\/index.php?rest_route=\/wp\/v2\/posts\/18709\/revisions"}],"wp:attachment":[{"href":"https:\/\/domosistemas.com\/index.php?rest_route=%2Fwp%2Fv2%2Fmedia&parent=18709"}],"wp:term":[{"taxonomy":"category","embeddable":true,"href":"https:\/\/domosistemas.com\/index.php?rest_route=%2Fwp%2Fv2%2Fcategories&post=18709"},{"taxonomy":"post_tag","embeddable":true,"href":"https:\/\/domosistemas.com\/index.php?rest_route=%2Fwp%2Fv2%2Ftags&post=18709"}],"curies":[{"name":"wp","href":"https:\/\/api.w.org\/{rel}","templated":true}]}}